{"id":10033,"date":"2022-06-20T20:38:41","date_gmt":"2022-06-21T01:38:41","guid":{"rendered":"https:\/\/contrastes.com.co\/digital\/?p=10033"},"modified":"2022-06-20T20:38:41","modified_gmt":"2022-06-21T01:38:41","slug":"petro-presidente-4-frases-destacadas-del-discurso-de-victoria-del-presidente-electo-de-colombia","status":"publish","type":"post","link":"https:\/\/contrastes.com.co\/digital\/petro-presidente-4-frases-destacadas-del-discurso-de-victoria-del-presidente-electo-de-colombia\/","title":{"rendered":"Petro presidente: 4 frases destacadas del discurso de victoria del presidente electo de Colombia"},"content":{"rendered":"<p><strong>*Petro presidente: 4 frases destacadas del discurso de victoria del presidente electo de Colombia<\/strong><\/p>\n<blockquote><p><strong>Gustavo Petro se convertir\u00e1 el 7 de agosto en el primer presidente de izquierda de Colombia tras haber ganado las elecciones este domingo en segunda vuelta.<\/strong><\/p><\/blockquote>\n<p><img loading=\"lazy\" decoding=\"async\" class=\"alignleft  wp-image-8529\" src=\"https:\/\/contrastes.com.co\/digital\/wp-content\/uploads\/2022\/03\/e-capitular.png\" alt=\"e capitular\" width=\"37\" height=\"37\" srcset=\"https:\/\/contrastes.com.co\/digital\/wp-content\/uploads\/2022\/03\/e-capitular.png 150w, https:\/\/contrastes.com.co\/digital\/wp-content\/uploads\/2022\/03\/e-capitular-60x60.png 60w\" sizes=\"auto, (max-width: 37px) 100vw, 37px\" \/>l pol\u00edtico de izquierda dio un encendido discurso de victoria el domingo por la noche en un estadio cerrado de Bogot\u00e1 frente a miles de militantes, quienes vitorearon sus palabras y corearon a viva voz \u00abs\u00ed se pudo\u00bb y \u00abno m\u00e1s guerra\u00bb.<\/p>\n<p><strong>Petro habl\u00f3 por primera vez como presidente electo despu\u00e9s de su compa\u00f1era de f\u00f3rmula, Francia M\u00e1rquez, quien destac\u00f3 que \u00abdespu\u00e9s de 214 a\u00f1os\u00bb Colombia tendr\u00e1 \u00abun gobierno del pueblo\u00bb.<\/strong> \u00abEl gobierno de la gente de a pie, de los nadies y las nadies\u00bb, se\u00f1al\u00f3 la primera vicepresidenta afro de la historia del pa\u00eds.<\/p>\n<p>El futuro presidente dio <strong>un discurso en el que intent\u00f3 ser conciliador con toda la sociedad, luego de las elecciones m\u00e1s polarizadas de la historia reciente en Colombia, a la vez que enfatiz\u00f3 los principales cambios que quiere implementar.<\/strong> Se abraz\u00f3 en el escenario con dos de sus hijas, bes\u00f3 a su esposa y celebr\u00f3 junto con su futuro equipo de gobierno.<\/p>\n<hr \/>\n<h3>El discurso completo del Presidente electo de los colombianos:<\/h3>\n<p><iframe loading=\"lazy\" title=\"Este fue el discurso de Gustavo Petro, el nuevo presidente de  Colombia\" width=\"640\" height=\"360\" src=\"https:\/\/www.youtube.com\/embed\/gqmcXVqSkpg?feature=oembed\" frameborder=\"0\" allow=\"accelerometer; autoplay; clipboard-write; encrypted-media; gyroscope; picture-in-picture; web-share\" referrerpolicy=\"strict-origin-when-cross-origin\" allowfullscreen><\/iframe><\/p>\n<hr \/>\n<p>&nbsp;<\/p>\n<p>A continuaci\u00f3n, cuatro frases destacadas de su oratoria.<\/p>\n<h3><\/h3>\n<h3><strong>1. \u00abLa paz es que alguien como yo pueda ser presidente o que alguien como Francia pueda ser vicepresidenta\u00bb.<\/strong><\/h3>\n<p>En un pa\u00eds hist\u00f3ricamente gobernado por partidos de derecha y centroderecha, Petro entiende que el hecho de que \u00e9l haya llegado a ser electo finalmente, y que una mujer negra sea vicepresidenta, es parte de una sociedad colombiana que da oportunidades, y que ya no tiene que resignarse a ser gobernada siempre por los mismos.<\/p>\n<p>Ese cambio de que alguien de izquierda, de origen popular y sin el apoyo de los partidos tradicionales llegue a la Casa de Nari\u00f1o es visto como una consolidaci\u00f3n de la paz.<\/p>\n<p>Esa paz ha hecho que el conflicto, aunque a\u00fan presente, deje lugar a otras demandas, para las que Petro ha sido visto como el mejor candidato para atenderlas.<\/p>\n<h3><\/h3>\n<h3><strong>2. \u00abNosotros vamos a desarrollar el capitalismo en Colombia\u00bb.<\/strong><\/h3>\n<p>Esta frase apunt\u00f3 a los que lo acusan de ser un \u00abnuevo Hugo Ch\u00e1vez\u00bb, por el fallecido l\u00edder venezolano, y un izquierdista radical empe\u00f1ado en destruir la propiedad privada y la riqueza del pa\u00eds.<\/p>\n<p>Pero, en su visi\u00f3n, Colombia no funciona bajo el sistema capitalista, sino bajo un sistema feudal, y es por eso que a su entender debe volcarse al capitalismo.<\/p>\n<p>\u00abNo porque lo adoremos, sino porque tenemos primero que superar la premodernidad en Colombia\u00bb, dijo.<\/p>\n<p>Para Petro, se debe fomentar la producci\u00f3n y la actividad econ\u00f3mica para luego redistribuir la riqueza.<\/p>\n<h3><\/h3>\n<h3>3. \u00abQueremos que Colombia se coloque al frente en el mundo de la lucha contra el cambio clim\u00e1tico\u00bb.<\/h3>\n<p>Aqu\u00ed Petro desafi\u00f3 a Estados Unidos a dejar de ser un enorme productor de CO2 y gases de efecto invernadero, porque las consecuencias las tiene que asumir el sur.<\/p>\n<p>Esto va en l\u00ednea con su propuesta de dejar de extraer petr\u00f3leo y pasarse a energ\u00edas renovables, una de sus propuestas econ\u00f3micas m\u00e1s ambiciosas.<\/p>\n<h3><\/h3>\n<h3>4. \u00ab(Este) Es el gobierno que quiere construir a Colombia como una potencia mundial de la vida. Y si queremos sintetizar en tres frases en qu\u00e9 consiste un gobierno de la vida, dir\u00eda: primero, en la paz; segundo, en la justicia social; tercero, en la justicia ambiental\u00bb.<\/h3>\n<p>Petro enfatiz\u00f3 la necesidad de paz en el pa\u00eds sudamericano, que, pese a los acuerdos de paz con las FARC en 2016, a\u00fan tiene algunos conflictos armados y escisiones de grupos guerrilleros que no aceptaron a\u00fan dejar la violencia.<\/p>\n<p>Y luego apunt\u00f3 tanto a los viejos reclamos de la militancia izquierdista -la justicia social en uno de los pa\u00edses m\u00e1s desiguales del mundo- como a las nuevas preocupaciones de sus votantes m\u00e1s j\u00f3venes, como es el caso del medio ambiente, del que el economista Petro es un experto.<\/p>\n<h6><em><strong><a href=\"https:\/\/www.bbc.com\/mundo\/noticias-america-latina-61860825\">bbc.com<\/a><\/strong><\/em><\/h6>\n","protected":false},"excerpt":{"rendered":"<p>El pol\u00edtico de izquierda dio un encendido discurso de victoria el domingo por la noche en un estadio cerrado de Bogot\u00e1 frente a miles de militantes, quienes vitorearon sus palabras y corearon a viva voz \u00abs\u00ed se pudo\u00bb y \u00abno m\u00e1s guerra\u00bb.<\/p>\n","protected":false},"author":1,"featured_media":10034,"comment_status":"open","ping_status":"open","sticky":false,"template":"","format":"standard","meta":{"footnotes":""},"categories":[85,4840,235,4,5],"tags":[6206,3437,4864,4867,6207,237],"class_list":["post-10033","post","type-post","status-publish","format-standard","has-post-thumbnail","hentry","category-analisis","category-elecciones-2022","category-opinion","category-pais","category-politica","tag-discurso-presidente-electo","tag-elecciones-2022","tag-francia-marquez","tag-gustavo-petro","tag-las-frases-de-petro","tag-politica"],"_links":{"self":[{"href":"https:\/\/contrastes.com.co\/digital\/wp-json\/wp\/v2\/posts\/10033","targetHints":{"allow":["GET"]}}],"collection":[{"href":"https:\/\/contrastes.com.co\/digital\/wp-json\/wp\/v2\/posts"}],"about":[{"href":"https:\/\/contrastes.com.co\/digital\/wp-json\/wp\/v2\/types\/post"}],"author":[{"embeddable":true,"href":"https:\/\/contrastes.com.co\/digital\/wp-json\/wp\/v2\/users\/1"}],"replies":[{"embeddable":true,"href":"https:\/\/contrastes.com.co\/digital\/wp-json\/wp\/v2\/comments?post=10033"}],"version-history":[{"count":1,"href":"https:\/\/contrastes.com.co\/digital\/wp-json\/wp\/v2\/posts\/10033\/revisions"}],"predecessor-version":[{"id":10035,"href":"https:\/\/contrastes.com.co\/digital\/wp-json\/wp\/v2\/posts\/10033\/revisions\/10035"}],"wp:featuredmedia":[{"embeddable":true,"href":"https:\/\/contrastes.com.co\/digital\/wp-json\/wp\/v2\/media\/10034"}],"wp:attachment":[{"href":"https:\/\/contrastes.com.co\/digital\/wp-json\/wp\/v2\/media?parent=10033"}],"wp:term":[{"taxonomy":"category","embeddable":true,"href":"https:\/\/contrastes.com.co\/digital\/wp-json\/wp\/v2\/categories?post=10033"},{"taxonomy":"post_tag","embeddable":true,"href":"https:\/\/contrastes.com.co\/digital\/wp-json\/wp\/v2\/tags?post=10033"}],"curies":[{"name":"wp","href":"https:\/\/api.w.org\/{rel}","templated":true}]}}