{"id":10119,"date":"2022-06-28T13:14:41","date_gmt":"2022-06-28T18:14:41","guid":{"rendered":"https:\/\/contrastes.com.co\/digital\/?p=10119"},"modified":"2022-06-28T21:19:25","modified_gmt":"2022-06-29T02:19:25","slug":"para-esta-semana-centro-nacional-de-huracanes-prevee-tormenta-tropical-en-el-caribe-colombiano","status":"publish","type":"post","link":"https:\/\/contrastes.com.co\/digital\/para-esta-semana-centro-nacional-de-huracanes-prevee-tormenta-tropical-en-el-caribe-colombiano\/","title":{"rendered":"Para esta semana Centro Nacional de Huracanes prevee tormenta tropical en el Caribe colombiano"},"content":{"rendered":"<p><strong>*Para esta semana Centro Nacional de Huracanes prevee tormenta tropical en el Caribe colombiano<\/strong><\/p>\n<blockquote><p><strong>Hacia las 2 de la tarde de este jueves el fen\u00f3meno natural ya ser\u00eda tormenta tropical, la segunda de la temporada, frente a las costas del departamento de La Guajira y en su recorrido podr\u00eda generar fuertes lluvias en ese departamento, el Magdalena, Atl\u00e1ntico y Bol\u00edvar.<\/strong><\/p><\/blockquote>\n<p><img loading=\"lazy\" decoding=\"async\" class=\"alignleft wp-image-8529\" src=\"https:\/\/contrastes.com.co\/digital\/wp-content\/uploads\/2022\/03\/e-capitular.png\" alt=\"e capitular\" width=\"66\" height=\"66\" srcset=\"https:\/\/contrastes.com.co\/digital\/wp-content\/uploads\/2022\/03\/e-capitular.png 150w, https:\/\/contrastes.com.co\/digital\/wp-content\/uploads\/2022\/03\/e-capitular-60x60.png 60w\" sizes=\"auto, (max-width: 66px) 100vw, 66px\" \/>l <strong>Centro Nacional de Huracanes<\/strong> envi\u00f3 un avi\u00f3n cazahuracanes para vigilar de cerca a la onda tropical que se encuentra a\u00a0 unas 700 millas al este-sureste del sur de las Islas de Barlovento. Seg\u00fan lo que hallaron los expertos que viajaron en el avi\u00f3n lograron comprobar que ya <strong>existen vientos de tormenta tropical en esta perturbaci\u00f3n que se dirige hacia el sur del Mar Caribe<\/strong>, lo que puede generar fuerte oleaje, lluvias y vientos en costas de Venezuela y Colombia.<\/p>\n<p>Seg\u00fan la previsi\u00f3n del Centro Nacional de Huracanes, <strong>hacia las 2 de la tarde de este jueves el fen\u00f3meno natural ya ser\u00eda tormenta tropical<\/strong>, la segunda de la temporada, frente a las costas del departamento de La Guajira y <strong>en su recorrido podr\u00eda generar fuertes lluvias en ese departamento, el Magdalena, Atl\u00e1ntico y Bol\u00edvar.<\/strong> <strong>Hacia las 2 de la tarde del viernes, se prevee que la tormenta ya se convierta en hurac\u00e1n con rumbo a la isla de San Andr\u00e9s y a Nicaragua.<\/strong><\/p>\n","protected":false},"excerpt":{"rendered":"<p>El Centro Nacional de Huracanes envi\u00f3 un avi\u00f3n cazahuracanes para vigilar de cerca a la onda tropical que se encuentra a\u00a0 unas 700 millas al este-sureste del sur de las Islas de Barlovento. Seg\u00fan lo que hallaron los expertos que viajaron en el avi\u00f3n lograron comprobar que ya existen vientos de tormenta tropical en esta perturbaci\u00f3n que se dirige hacia el sur del Mar Caribe, lo que puede generar fuerte oleaje, lluvias y vientos en costas de Venezuela y Colombia.<\/p>\n","protected":false},"author":1,"featured_media":10120,"comment_status":"open","ping_status":"open","sticky":false,"template":"","format":"standard","meta":{"footnotes":""},"categories":[1590,301,11,4,6],"tags":[4349,6289,1609,6290,6291,1144,1548],"class_list":["post-10119","post","type-post","status-publish","format-standard","has-post-thumbnail","hentry","category-emergencias-y-desastres","category-medio-ambiente","category-mundo","category-pais","category-region","tag-alerta","tag-centro-nacional-de-huracanes","tag-huracan","tag-lluvias-torrenciales","tag-prevenciones","tag-tormenta-tropical","tag-vientos-huracanados"],"_links":{"self":[{"href":"https:\/\/contrastes.com.co\/digital\/wp-json\/wp\/v2\/posts\/10119","targetHints":{"allow":["GET"]}}],"collection":[{"href":"https:\/\/contrastes.com.co\/digital\/wp-json\/wp\/v2\/posts"}],"about":[{"href":"https:\/\/contrastes.com.co\/digital\/wp-json\/wp\/v2\/types\/post"}],"author":[{"embeddable":true,"href":"https:\/\/contrastes.com.co\/digital\/wp-json\/wp\/v2\/users\/1"}],"replies":[{"embeddable":true,"href":"https:\/\/contrastes.com.co\/digital\/wp-json\/wp\/v2\/comments?post=10119"}],"version-history":[{"count":1,"href":"https:\/\/contrastes.com.co\/digital\/wp-json\/wp\/v2\/posts\/10119\/revisions"}],"predecessor-version":[{"id":10121,"href":"https:\/\/contrastes.com.co\/digital\/wp-json\/wp\/v2\/posts\/10119\/revisions\/10121"}],"wp:featuredmedia":[{"embeddable":true,"href":"https:\/\/contrastes.com.co\/digital\/wp-json\/wp\/v2\/media\/10120"}],"wp:attachment":[{"href":"https:\/\/contrastes.com.co\/digital\/wp-json\/wp\/v2\/media?parent=10119"}],"wp:term":[{"taxonomy":"category","embeddable":true,"href":"https:\/\/contrastes.com.co\/digital\/wp-json\/wp\/v2\/categories?post=10119"},{"taxonomy":"post_tag","embeddable":true,"href":"https:\/\/contrastes.com.co\/digital\/wp-json\/wp\/v2\/tags?post=10119"}],"curies":[{"name":"wp","href":"https:\/\/api.w.org\/{rel}","templated":true}]}}