{"id":10152,"date":"2022-06-29T19:37:07","date_gmt":"2022-06-30T00:37:07","guid":{"rendered":"https:\/\/contrastes.com.co\/digital\/?p=10152"},"modified":"2022-06-30T19:41:20","modified_gmt":"2022-07-01T00:41:20","slug":"todo-lo-que-debes-saber-acerca-de-los-cierres-en-la-circunvalar-para-avanzar-en-ejecucion-de-obras","status":"publish","type":"post","link":"https:\/\/contrastes.com.co\/digital\/todo-lo-que-debes-saber-acerca-de-los-cierres-en-la-circunvalar-para-avanzar-en-ejecucion-de-obras\/","title":{"rendered":"Todo lo que debes saber acerca de los cierres en la Circunvalar para avanzar en ejecuci\u00f3n de obras"},"content":{"rendered":"<p><strong>Todo lo que debes saber acerca de los cierres en la Circunvalar para avanzar en ejecuci\u00f3n de obras <\/strong><\/p>\n<blockquote><p><strong>El Distrito est\u00e1 trabajando, articuladamente, con el plan de tr\u00e1fico alterno para que el sector de la Circunvalar mejore su movilidad y est\u00e9 garantizada la seguridad vial. <\/strong><\/p><\/blockquote>\n<p><img loading=\"lazy\" decoding=\"async\" class=\"alignleft  wp-image-8918\" src=\"https:\/\/contrastes.com.co\/digital\/wp-content\/uploads\/2022\/04\/p-capitular.png\" alt=\"p capitular\" width=\"64\" height=\"64\" srcset=\"https:\/\/contrastes.com.co\/digital\/wp-content\/uploads\/2022\/04\/p-capitular.png 100w, https:\/\/contrastes.com.co\/digital\/wp-content\/uploads\/2022\/04\/p-capitular-60x60.png 60w\" sizes=\"auto, (max-width: 64px) 100vw, 64px\" \/>ara avanzar en la <strong>ejecuci\u00f3n de obras en la v\u00eda Circunvalar<\/strong>, que se han visto afectadas por diversos factores relacionados con la complejidad de este proyecto y recientemente por fuertes lluvias que han ca\u00eddo en Barranquilla, la Administraci\u00f3n distrital activ\u00f3 la contingencia necesaria con un plan de tr\u00e1fico que contempla desv\u00edos, cierres y rutas alternas para que los ciudadanos puedan circular por el sector con la menor afectaci\u00f3n posible.<\/p>\n<p>Seg\u00fan el <strong>gerente de la Agencia Distrital de Infraestructura, Alberto Salah<\/strong>, en las \u00faltimas 48 horas la ciudad ha recibido una intensidad en las precipitaciones que promedia los 116.6 mil\u00edmetros, las cuales han estado provocadas por la presencia de ondas tropicales y otros fen\u00f3menos meteorol\u00f3gicos.<\/p>\n<p>El Distrito est\u00e1 trabajando, articuladamente, con el plan de tr\u00e1fico alterno para que el sector de la Circunvalar mejore su movilidad y est\u00e9 garantizada la seguridad vial. De este modo, se podr\u00e1 avanzar definitivamente en la obra, que no solo se ha enfrentado a las lluvias sino a la complejidad de un proyecto en el que median otros factores, entre ellos la compra de predios.<\/p>\n<p>El <strong>secretario de Obras P\u00fablicas, Rafael Lafont<\/strong>, recalc\u00f3 que \u201clas obras viales son complejas y generan traumas, pero estas molestias pasar\u00e1n y quedaremos con una v\u00eda m\u00e1s amplia y una mejor Circunvalar\u201d.<\/p>\n<p>En una reuni\u00f3n sostenida por la <strong>ADI, Secretar\u00eda de Obras P\u00fablicas, Secretar\u00eda de Tr\u00e1nsito y Seguridad Vial, Polic\u00eda de Tr\u00e1nsito y el contratista<\/strong> se acordaron las siguientes acciones:<\/p>\n<h3><strong>Plan de tr\u00e1fico con cierres y desv\u00edos<\/strong><\/h3>\n<p>Los veh\u00edculos livianos que transitan en sentido norte-sur deber\u00e1n tomar la siguiente ruta de desv\u00edo: carrera 27- diagonal 111- carrera 26- calle 112-carrera 20 hasta empalmar nuevamente a la avenida Circunvalar.<\/p>\n<p>Los veh\u00edculos de transporte p\u00fablico y de carga mayores o igual a 5 toneladas, seguir\u00e1n en contraflujo por la calzada sur-norte en un carril dispuesto desde la carrera 27 hasta la carrera 20, donde se retoma nuevamente a la calzada norte-sur de la avenida Circunvalar.<\/p>\n<p>El secretario de Tr\u00e1nsito y Seguridad Vial, Ernesto Camargo, inform\u00f3 c\u00f3mo ser\u00e1n los cierres adoptados:El cierre total de la Avenida circunvalar calzada Norte-Sur entre carreras 20 y 27 tendr\u00e1 el apoyo de la Polic\u00eda de Tr\u00e1nsito, adem\u00e1s de auxiliares y orientadores de tr\u00e1nsito quienes velar\u00e1n por la seguridad vial y estar\u00e1n atentos para evitar congestiones en estas v\u00edas.<\/p>\n<p>Este cierre de calzada aplica durante las 24 horas del d\u00eda desde el 30 de junio. Asimismo, se contempla el cambio a \u00fanico sentido de las siguientes v\u00edas:<\/p>\n<p>\u2013 Transversal 27 entre avenida Circunvalar y diagonal 111 en sentido oriente \u2013 occidente.<\/p>\n<p>\u2013 Diagonal 111 entre calles 27 y 26 en sentido norte \u2013 sur.<\/p>\n<p>\u2013 Calle 112 entre carreras 26 y 20 en sentido norte-sur.<\/p>\n<p>\u2013 Carrera 20 entre calle 112 y 110 en sentido occidente \u2013 oriente.<\/p>\n<h3><strong>Veh\u00edculos de carga<\/strong><\/h3>\n<p>Los veh\u00edculos de carga que vienen desde la v\u00eda 40, mayor a 5 toneladas, deber\u00e1n seguir hacia el Corredor Portuario. Los veh\u00edculos que vengan sobre la avenida Circunvalar (calle 110) se desviar\u00e1n desde la carrera 46 para tomar la Circunvalar de la Prosperidad hasta la avenida Cordialidad donde podr\u00e1n retomar la su ruta en la avenida Circunvalar.<\/p>\n<p>Ruta alterna en sentido sur-norte podr\u00e1n tomar la carrera 12A, girar a la izquierda por la calle 108 (la cual se convierta m\u00e1s adelante en carrera 21) hasta llegar a la calle 87, donde girar\u00e1 a la izquierda hasta llegar a la carrera 27 y empalmar nuevamente con la avenida Circunvalar sentido sur-norte.<\/p>\n<h3><strong>Tr\u00e1nsito peatonal<\/strong><\/h3>\n<p>Circular\u00e1 por los senderos peatonales existentes, ya que no se hace ocupaci\u00f3n de andenes, estos estar\u00e1n debidamente se\u00f1alizados con sus respectivos delineadores tubulares.<\/p>\n<h3><strong>Trabajos contemplados<\/strong><\/h3>\n<ul>\n<li>*Estabilizaci\u00f3n de subrasante, subbase y base que est\u00e1 en mal estado en la calzada occidental entre carreras 38 y 12A.<\/li>\n<li>*Rehabilitaci\u00f3n de la carpeta asf\u00e1ltica en el mismo tramo.<\/li>\n<li>*Construcci\u00f3n de desv\u00edo en la carrera 27 a trav\u00e9s del separador central para carril de contraflujo.<\/li>\n<\/ul>\n<p>La Administraci\u00f3n distrital advirti\u00f3 que estos retrasos y prolongaci\u00f3n de los tiempos de ejecuci\u00f3n, no generar\u00e1n sobrecostos a las obras de la v\u00eda.<\/p>\n<h3><strong>La nueva Circunvalar<\/strong><\/h3>\n<p>El secretario de Obras del Distrito reafirm\u00f3 la importancia que tiene esta obra, y los beneficios que traer\u00e1: \u201cLa nueva Circunvalar es una megaobra que dotar\u00e1 a esta v\u00eda de 10 carriles, con dos carriles de servicio de 3,5 metros a cada lado, 5 puentes peatonales y uno de estos ser\u00e1 para la circulaci\u00f3n de motos, con retornos y glorietas, con lo que se resolver\u00e1 el embotellamiento que hay entre la 38 y la 12A\u201d.<\/p>\n<p>El funcionario agreg\u00f3 que, asimismo, se contemplan espacios p\u00fablicos agradables, andenes amplios de 3 metros en promedio, ciclorrutas, arborizaci\u00f3n, un sistema de alumbrado p\u00fablico totalmente renovado con luz led y la siembra de m\u00e1s de 860 \u00e1rboles, con lo que se recuperar\u00e1n m\u00e1s de 45.365 metros cuadrados de espacio p\u00fablico.<\/p>\n<p>Los principales beneficiados con los m\u00e1s de 2 kil\u00f3metros a intervenir (m\u00e1s de 74.641 metros cuadrados de pavimento) ser\u00e1n los habitantes de Las Estrellas, Mirador de la Colina, La Pradera, Villas de las Colinas, Los Olivos, urbanizaci\u00f3n Villa San Carlos, Los \u00c1ngeles y La Paz, entre otros.<\/p>\n","protected":false},"excerpt":{"rendered":"<p>Para avanzar en la ejecuci\u00f3n de obras en la v\u00eda Circunvalar, que se han visto afectadas por diversos factores relacionados con la complejidad de este proyecto y recientemente por fuertes lluvias que han ca\u00eddo en Barranquilla, la Administraci\u00f3n distrital activ\u00f3 la contingencia necesaria con un plan de tr\u00e1fico que contempla desv\u00edos, cierres y rutas alternas para que los ciudadanos puedan circular por el sector con la menor afectaci\u00f3n posible.<\/p>\n","protected":false},"author":1,"featured_media":10153,"comment_status":"open","ping_status":"open","sticky":false,"template":"","format":"standard","meta":{"footnotes":""},"categories":[1],"tags":[4453,897,6311,6310,6312,6309,6125,5486,422],"class_list":["post-10152","post","type-post","status-publish","format-standard","has-post-thumbnail","hentry","category-uncategorized","tag-alberto-salah","tag-avenida-circunvalar","tag-cierres-de-vias","tag-distrito-de-barrnquilla","tag-ejecucion-de-obras-en-la-via-circunvalar","tag-gerente-de-la-agencia-distrital-de-infraestructura","tag-obras-publicas","tag-rafael-lafont","tag-secretario-de-obras-publicas"],"_links":{"self":[{"href":"https:\/\/contrastes.com.co\/digital\/wp-json\/wp\/v2\/posts\/10152","targetHints":{"allow":["GET"]}}],"collection":[{"href":"https:\/\/contrastes.com.co\/digital\/wp-json\/wp\/v2\/posts"}],"about":[{"href":"https:\/\/contrastes.com.co\/digital\/wp-json\/wp\/v2\/types\/post"}],"author":[{"embeddable":true,"href":"https:\/\/contrastes.com.co\/digital\/wp-json\/wp\/v2\/users\/1"}],"replies":[{"embeddable":true,"href":"https:\/\/contrastes.com.co\/digital\/wp-json\/wp\/v2\/comments?post=10152"}],"version-history":[{"count":1,"href":"https:\/\/contrastes.com.co\/digital\/wp-json\/wp\/v2\/posts\/10152\/revisions"}],"predecessor-version":[{"id":10154,"href":"https:\/\/contrastes.com.co\/digital\/wp-json\/wp\/v2\/posts\/10152\/revisions\/10154"}],"wp:featuredmedia":[{"embeddable":true,"href":"https:\/\/contrastes.com.co\/digital\/wp-json\/wp\/v2\/media\/10153"}],"wp:attachment":[{"href":"https:\/\/contrastes.com.co\/digital\/wp-json\/wp\/v2\/media?parent=10152"}],"wp:term":[{"taxonomy":"category","embeddable":true,"href":"https:\/\/contrastes.com.co\/digital\/wp-json\/wp\/v2\/categories?post=10152"},{"taxonomy":"post_tag","embeddable":true,"href":"https:\/\/contrastes.com.co\/digital\/wp-json\/wp\/v2\/tags?post=10152"}],"curies":[{"name":"wp","href":"https:\/\/api.w.org\/{rel}","templated":true}]}}