{"id":10178,"date":"2022-06-24T17:55:08","date_gmt":"2022-06-24T22:55:08","guid":{"rendered":"https:\/\/contrastes.com.co\/digital\/?p=10178"},"modified":"2022-07-01T18:36:19","modified_gmt":"2022-07-01T23:36:19","slug":"reforma-tributaria-del-gobierno-de-gustavo-petro-su-principal-prioridad","status":"publish","type":"post","link":"https:\/\/contrastes.com.co\/digital\/reforma-tributaria-del-gobierno-de-gustavo-petro-su-principal-prioridad\/","title":{"rendered":"Reforma Tributaria del gobierno de Gustavo Petro, su principal prioridad"},"content":{"rendered":"<p><strong>Reforma Tributaria del gobierno de Gustavo Petro, su principal prioridad hoy Colombia Noticias RPTV<\/strong><\/p>\n<p>Desde el 7 de agosto y por los pr\u00f3ximos 4 a\u00f1os el representante por el Pacto Hist\u00f3rico, Gustavo Petro ser\u00e1 el Jefe de Estado y de Gobierno de Colombia. Su propuesta de transformar el modelo econ\u00f3mico, genera grandes interrogantes sobre c\u00f3mo ser\u00e1 la estrategia del nuevo gobierno en este aspecto.<\/p>\n<p>Ricardo Bonilla miembro del equipo econ\u00f3mico del nuevo presidente, asegur\u00f3 que la estrategia para poder recaudar el dinero necesario en una sola reforma ser\u00e1 hacer \u00e9nfasis en el impuesto de renta y esta recaer\u00e1 en 40.000 personas.\u201cEs importante que llevemos esa reforma tributaria para hacer \u00e9nfasis en el impuesto de renta, que es donde mayores dificultades hay. Ese es el primer paquete y buscamos consolidar una reforma tributaria que implique que no haya que hacer reformas cada dos a\u00f1os\u201d, dijo Bonilla en entrevista con Blu Radio.<\/p>\n<p><iframe loading=\"lazy\" style=\"border: none; overflow: hidden;\" src=\"https:\/\/www.facebook.com\/plugins\/video.php?height=314&amp;href=https%3A%2F%2Fwww.facebook.com%2Fsoycontrastes%2Fvideos%2F1907157259477416%2F&amp;show_text=false&amp;width=560&amp;t=0\" width=\"560\" height=\"314\" frameborder=\"0\" scrolling=\"no\" allowfullscreen=\"allowfullscreen\"><\/iframe><\/p>\n<h3>Esta es la Reforma Tributaria propuesta por Gustavo Petro<\/h3>\n<p>En su programa de gobierno, anuncia el electo presidente que \u201cEl sistema tributario no satisface los principios constitucionales de equidad, progresividad y eficiencia, pues las tarifas efectivas no responden a la capacidad de pago de personas jur\u00eddicas y naturales declarantes, con un claro sesgo a favor de las personas excesivamente ricas; el impuesto a la renta no genera redistribuci\u00f3n de la concentraci\u00f3n del ingreso, manteniendo el \u00edndice Gini casi inalterado, y los niveles de evasi\u00f3n y elusi\u00f3n tributarios son muy elevados en el contexto internacional, de acuerdo con organismos internacionales como el FMI.\u201d<\/p>\n<p>La reforma de Petro est\u00e1 fundamentada en \u201cUna reforma estructural sin privilegios y para enfrentar la lucha contra el cambio clim\u00e1tico. Promoveremos una reforma, pensada no s\u00f3lo para afrontar la coyuntura sino para resolver los problemas de ra\u00edz que tiene el sistema en la v\u00eda de poner a Colombia de manera gradual al nivel de tributaci\u00f3n de los pa\u00edses de la OCDE, con justicia tributaria, que acabe con los tratos diferenciales injustificados social y econ\u00f3micamente entre sectores econ\u00f3micos, tipos de rentas o fuentes de ingresos (&#8230;)\u201d<\/p>\n<h3>Las principales propuestas son:<\/h3>\n<p>Desmonte gradual de aquellos beneficios tributarios que sin debida justificaci\u00f3n econ\u00f3mica y social introducen graves distorsiones a la competencia, incentivan la extracci\u00f3n minero-energ\u00e9tica y privilegian primordialmente a, o son utilizados mayormente a su favor por, personas naturales y jur\u00eddicas de altos ingresos y patrimonio.<\/p>\n<p>Eliminar\u00e1 las rentas cedulares creando una sola tabla en donde se cobre el mismo impuesto a las rentas laborales que a los dividendos y las ganancias ocasionales, eliminando la posibilidad de que las personas m\u00e1s ricas y de mayores ingresos tributen tarifas preferenciales<\/p>\n<p>A pagar por dividendos: Los dividendos pagar\u00e1n impuestos, ser\u00e1 obligatorio decretarlos, al menos en un porcentaje cercano al 70%. Siempre deber\u00e1n pagar impuestos independientemente de la forma en que se distribuyan o a quien distribuyan las utilidades los accionistas.<\/p>\n<p>Quienes reciben recursos p\u00fablicos no podr\u00e1n estar en para\u00edsos fiscales: Nadie que reciba recursos del Estado podr\u00e1 tener cuentas en los denominados para\u00edsos fiscales.<\/p>\n<p>Lucha contra la evasi\u00f3n: Establecer\u00e1 pol\u00edticas efectivas contra la evasi\u00f3n en la v\u00eda recomendada por la OCDE, mediante una exacci\u00f3n fiscal m\u00e1s estricta, herramientas de auditor\u00eda tributaria mejoradas e incrementando las penalidades.<\/p>\n<p>Justicia tributaria urbana: En relaci\u00f3n con la tributaci\u00f3n urbana adem\u00e1s de los instrumentos tributarios con base en el suelo, se asume el prop\u00f3sito de que los gobiernos de las ciudades adopten tributos como los cargos por congesti\u00f3n y distintos tipos de tasas de impacto, para mejorar la capacidad fiscal y para introducir progresiva y sostenidamente el modo f\u00e9rreo, el transporte el\u00e9ctrico, las ciclo rutas y los tramos a pie en distancias cortas.<\/p>\n","protected":false},"excerpt":{"rendered":"<p>Desde el 7 de agosto y por los pr\u00f3ximos 4 a\u00f1os el representante por el Pacto Hist\u00f3rico, Gustavo Petro ser\u00e1 el Jefe de Estado y de Gobierno de Colombia. Su propuesta de transformar el modelo econ\u00f3mico, genera grandes interrogantes sobre c\u00f3mo ser\u00e1 la estrategia del nuevo gobierno en este aspecto.<\/p>\n","protected":false},"author":1,"featured_media":10192,"comment_status":"open","ping_status":"open","sticky":false,"template":"","format":"standard","meta":{"footnotes":""},"categories":[4,5683,4995,1],"tags":[4867,4843,3209],"class_list":["post-10178","post","type-post","status-publish","format-standard","has-post-thumbnail","hentry","category-pais","category-rptv","category-television-web","category-uncategorized","tag-gustavo-petro","tag-pacto-historico","tag-reforma-tributaria"],"_links":{"self":[{"href":"https:\/\/contrastes.com.co\/digital\/wp-json\/wp\/v2\/posts\/10178","targetHints":{"allow":["GET"]}}],"collection":[{"href":"https:\/\/contrastes.com.co\/digital\/wp-json\/wp\/v2\/posts"}],"about":[{"href":"https:\/\/contrastes.com.co\/digital\/wp-json\/wp\/v2\/types\/post"}],"author":[{"embeddable":true,"href":"https:\/\/contrastes.com.co\/digital\/wp-json\/wp\/v2\/users\/1"}],"replies":[{"embeddable":true,"href":"https:\/\/contrastes.com.co\/digital\/wp-json\/wp\/v2\/comments?post=10178"}],"version-history":[{"count":2,"href":"https:\/\/contrastes.com.co\/digital\/wp-json\/wp\/v2\/posts\/10178\/revisions"}],"predecessor-version":[{"id":10193,"href":"https:\/\/contrastes.com.co\/digital\/wp-json\/wp\/v2\/posts\/10178\/revisions\/10193"}],"wp:featuredmedia":[{"embeddable":true,"href":"https:\/\/contrastes.com.co\/digital\/wp-json\/wp\/v2\/media\/10192"}],"wp:attachment":[{"href":"https:\/\/contrastes.com.co\/digital\/wp-json\/wp\/v2\/media?parent=10178"}],"wp:term":[{"taxonomy":"category","embeddable":true,"href":"https:\/\/contrastes.com.co\/digital\/wp-json\/wp\/v2\/categories?post=10178"},{"taxonomy":"post_tag","embeddable":true,"href":"https:\/\/contrastes.com.co\/digital\/wp-json\/wp\/v2\/tags?post=10178"}],"curies":[{"name":"wp","href":"https:\/\/api.w.org\/{rel}","templated":true}]}}