{"id":10209,"date":"2022-06-27T19:49:52","date_gmt":"2022-06-28T00:49:52","guid":{"rendered":"https:\/\/contrastes.com.co\/digital\/?p=10209"},"modified":"2022-07-01T19:54:40","modified_gmt":"2022-07-02T00:54:40","slug":"caida-de-plaza-de-toros-en-corraleja-de-el-espinal-tolima-era-una-tragedia-anunciada","status":"publish","type":"post","link":"https:\/\/contrastes.com.co\/digital\/caida-de-plaza-de-toros-en-corraleja-de-el-espinal-tolima-era-una-tragedia-anunciada\/","title":{"rendered":"Ca\u00edda de Plaza de Toros en Corraleja de El Espinal Tolima era una tragedia anunciada"},"content":{"rendered":"<p><strong>*Ca\u00edda de Plaza de Toros en Corraleja de El Espinal Tolima era una tragedia anunciada \/ RPTV Noticias<\/strong><\/p>\n<p>Ca\u00edda de Plaza de Toros en Corraleja de El Espinal Tolima era una TRAGEDIA ANUNCIADA | Noticias RPTV Un d\u00eda despu\u00e9s del desplome de una de las tribunas de la corraleja del municipio de El Espinal, Tolima, donde se celebran las fiestas de San Juan y San Pedro. La ca\u00edda de la improvisada tribuna deja como saldo 4 personas muertas, entre ellos un beb\u00e9 de 14 meses y m\u00e1s de 300 heridos.<\/p>\n<p>El presidente electo lament\u00f3 lo sucedido e hizo este domingo un vehemente llamado a los alcaldes del pa\u00eds para que no autoricen la realizaci\u00f3n de espect\u00e1culos que conlleven a la muerte de animales, como el caso de las corridas de toros.<\/p>\n<p>\u00abEspero que todas las personas afectadas por el derrumbe de la plaza de El Espinal puedan salir airosas de sus heridas. Esto ya hab\u00eda sucedido antes en Sincelejo. Le solicito a las alcald\u00edas no autorizar m\u00e1s espect\u00e1culos con la muerte de personas o animales\u00bb, indic\u00f3 Petro.<\/p>\n<p>Iv\u00e1n Ferney Rojas, concejal del municipio, tambi\u00e9n hizo un llamado a las autoridades: \u00abnecesitamos el apoyo de los organismos de socorro, ambulancia, m\u00e9dicos para atender la emergencia, hay una emergencia. Apoyo de ambulancias y hospitales vecinos, mucha gente todav\u00eda sin atender. Colaps\u00f3 nuestro hospital\u00bb.<\/p>\n","protected":false},"excerpt":{"rendered":"<p>Ca\u00edda de Plaza de Toros en Corraleja de El Espinal Tolima era una TRAGEDIA ANUNCIADA | Noticias RPTV Un d\u00eda despu\u00e9s del desplome de una de las tribunas de la corraleja del municipio de El Espinal, Tolima, donde se celebran las fiestas de San Juan y San Pedro. La ca\u00edda de la improvisada tribuna deja como saldo 4 personas muertas, entre ellos un beb\u00e9 de 14 meses y m\u00e1s de 300 heridos.<\/p>\n","protected":false},"author":1,"featured_media":10210,"comment_status":"open","ping_status":"open","sticky":false,"template":"","format":"standard","meta":{"footnotes":""},"categories":[5683,4995],"tags":[6336,6338,6337,1681],"class_list":["post-10209","post","type-post","status-publish","format-standard","has-post-thumbnail","hentry","category-rptv","category-television-web","tag-caida","tag-el-espinal-tolima","tag-plaza-de-toros-en-corraleja","tag-tragedia-anunciada"],"_links":{"self":[{"href":"https:\/\/contrastes.com.co\/digital\/wp-json\/wp\/v2\/posts\/10209","targetHints":{"allow":["GET"]}}],"collection":[{"href":"https:\/\/contrastes.com.co\/digital\/wp-json\/wp\/v2\/posts"}],"about":[{"href":"https:\/\/contrastes.com.co\/digital\/wp-json\/wp\/v2\/types\/post"}],"author":[{"embeddable":true,"href":"https:\/\/contrastes.com.co\/digital\/wp-json\/wp\/v2\/users\/1"}],"replies":[{"embeddable":true,"href":"https:\/\/contrastes.com.co\/digital\/wp-json\/wp\/v2\/comments?post=10209"}],"version-history":[{"count":1,"href":"https:\/\/contrastes.com.co\/digital\/wp-json\/wp\/v2\/posts\/10209\/revisions"}],"predecessor-version":[{"id":10211,"href":"https:\/\/contrastes.com.co\/digital\/wp-json\/wp\/v2\/posts\/10209\/revisions\/10211"}],"wp:featuredmedia":[{"embeddable":true,"href":"https:\/\/contrastes.com.co\/digital\/wp-json\/wp\/v2\/media\/10210"}],"wp:attachment":[{"href":"https:\/\/contrastes.com.co\/digital\/wp-json\/wp\/v2\/media?parent=10209"}],"wp:term":[{"taxonomy":"category","embeddable":true,"href":"https:\/\/contrastes.com.co\/digital\/wp-json\/wp\/v2\/categories?post=10209"},{"taxonomy":"post_tag","embeddable":true,"href":"https:\/\/contrastes.com.co\/digital\/wp-json\/wp\/v2\/tags?post=10209"}],"curies":[{"name":"wp","href":"https:\/\/api.w.org\/{rel}","templated":true}]}}