{"id":10282,"date":"2022-07-07T12:59:02","date_gmt":"2022-07-07T17:59:02","guid":{"rendered":"https:\/\/contrastes.com.co\/digital\/?p=10282"},"modified":"2022-07-07T12:59:02","modified_gmt":"2022-07-07T17:59:02","slug":"premiaran-nuevas-ideas-y-estrategias-para-reverdecer-a-barranquilla-y-mejorar-la-calidad-del-paisaje-urbano","status":"publish","type":"post","link":"https:\/\/contrastes.com.co\/digital\/premiaran-nuevas-ideas-y-estrategias-para-reverdecer-a-barranquilla-y-mejorar-la-calidad-del-paisaje-urbano\/","title":{"rendered":"Premiar\u00e1n nuevas ideas y estrategias para reverdecer a Barranquilla y mejorar la calidad del paisaje urbano"},"content":{"rendered":"<p><strong>*Premiar\u00e1n nuevas ideas y estrategias para reverdecer a Barranquilla y mejorar la calidad del paisaje urbano<\/strong><\/p>\n<blockquote><p><strong>El primer puesto se premiar\u00e1 con $12.000.000, el segundo puesto con $3.000.000 y al tercer puesto recibir\u00e1 $2.000.000.<\/strong><\/p><\/blockquote>\n<p><img loading=\"lazy\" decoding=\"async\" class=\"alignleft  wp-image-8524\" src=\"https:\/\/contrastes.com.co\/digital\/wp-content\/uploads\/2022\/03\/l-capitular.png\" alt=\"l capitular\" width=\"51\" height=\"51\" srcset=\"https:\/\/contrastes.com.co\/digital\/wp-content\/uploads\/2022\/03\/l-capitular.png 150w, https:\/\/contrastes.com.co\/digital\/wp-content\/uploads\/2022\/03\/l-capitular-60x60.png 60w\" sizes=\"auto, (max-width: 51px) 100vw, 51px\" \/>as acciones y retos de Barranquilla para ser una <strong>biodiverciudad<\/strong> podr\u00e1n tener ahora un acompa\u00f1amiento especial de los ciudadanos participando en un <strong>concurso de reto de dise\u00f1o convocado por Puerta de Oro Empresa de Desarrollo Caribe y la Sociedad Colombiana de Arquitectos<\/strong>.<\/p>\n<p>Este concurso est\u00e1 invitando a participar identificando nuevas ideas y estrategias para reverdecer la ciudad y mejorar la calidad del paisaje urbano de Barranquilla, a trav\u00e9s de soluciones basadas en la naturaleza, que permitan mejorar el bienestar clim\u00e1tico, embellecer la ciudad, proveer sombra, espacios de esparcimiento o cualquier otro que contribuya a mejorar la calidad de vida.<\/p>\n<p>El concurso \u201cReto de dise\u00f1o: Reverdecer la ciudad de Barranquilla\u201d abri\u00f3 sus inscripciones desde el pasado 5 de julio y estar\u00e1n abiertas hasta el 17 de agosto de este a\u00f1o.<\/p>\n<p>El primer puesto se premiar\u00e1 con $12.000.000, el segundo puesto con $3.000.000 y al tercer puesto recibir\u00e1 $2.000.000.<\/p>\n<p>El concurso tendr\u00e1 las siguientes categor\u00edas:<\/p>\n<h3>Reverdecer el paisaje urbano<\/h3>\n<p>En el proceso de crecimiento y desarrollo de las ciudades, una de las consecuencias principales es el efecto de isla de calor y la afectaci\u00f3n del confort en el espacio p\u00fablico, generado por el uso de materiales como el concreto y el asfalto. Esto se puede experimentar en diferentes zonas de Barranquilla, por lo que se debe mitigar y adecuar el espacio p\u00fablico, aumentando la arborizaci\u00f3n y las zonas verdes, al tiempo que se proponen espacios incluyentes y que faciliten la movilidad.<\/p>\n<h3>Revitalizaci\u00f3n de los espacios residuales<\/h3>\n<p>La infraestructura vial es uno de los componentes m\u00e1s importantes dentro del desarrollo de Barranquilla, y actualmente la ciudad tiene retos frente a espacios residuales entre las v\u00edas y las construcciones. Uno de los temas derivados de esta problem\u00e1tica es que resultan invadidos y usados por los residentes del entorno, para el parqueo de veh\u00edculos, la venta ambulante o paraderos improvisados de buses. Este reto abre la oportunidad de proponer soluciones basadas en la naturaleza, donde se le d\u00e9 una nueva vida al espacio residual.<\/p>\n<p><strong>En el concurso podr\u00e1n participar estudiantes de arquitectura, arquitectos, dise\u00f1adores, urbanistas y profesionales egresados de carreras afines o personas interesadas en la materia. Las propuestas podr\u00e1n presentarse de manera individual o en grupos.<\/strong><\/p>\n<p>Los participantes deber\u00e1n inscribirse en la p\u00e1gina web de la SCA de conformidad con el cronograma establecido para la presente convocatoria: <a href=\"https:\/\/sociedadcolombianadearquitectos.org\/reto-reverdecer-barranquilla\/\">https:\/\/sociedadcolombianadearquitectos.org\/reto-reverdecer-barranquilla\/<\/a><\/p>\n","protected":false},"excerpt":{"rendered":"<p>Las acciones y retos de Barranquilla para ser una biodiverciudad podr\u00e1n tener ahora un acompa\u00f1amiento especial de los ciudadanos participando en un concurso de reto de dise\u00f1o convocado por Puerta de Oro Empresa de Desarrollo Caribe y la Sociedad Colombiana de Arquitectos.<\/p>\n","protected":false},"author":1,"featured_media":10283,"comment_status":"open","ping_status":"open","sticky":false,"template":"","format":"standard","meta":{"footnotes":""},"categories":[2823,6],"tags":[1391,6386,224,6387,6388,6389,5661],"class_list":["post-10282","post","type-post","status-publish","format-standard","has-post-thumbnail","hentry","category-convocatorias","category-region","tag-concurso","tag-concurso-de-reto-de-diseno","tag-distrito-de-barranquilla","tag-puerta-de-oro-empresa-de-desarrollo-caribe","tag-reverdecer-el-paisaje-urbano","tag-revitalizacion-de-los-espacios-residuales","tag-sociedad-colombiana-de-arquitectos"],"_links":{"self":[{"href":"https:\/\/contrastes.com.co\/digital\/wp-json\/wp\/v2\/posts\/10282","targetHints":{"allow":["GET"]}}],"collection":[{"href":"https:\/\/contrastes.com.co\/digital\/wp-json\/wp\/v2\/posts"}],"about":[{"href":"https:\/\/contrastes.com.co\/digital\/wp-json\/wp\/v2\/types\/post"}],"author":[{"embeddable":true,"href":"https:\/\/contrastes.com.co\/digital\/wp-json\/wp\/v2\/users\/1"}],"replies":[{"embeddable":true,"href":"https:\/\/contrastes.com.co\/digital\/wp-json\/wp\/v2\/comments?post=10282"}],"version-history":[{"count":2,"href":"https:\/\/contrastes.com.co\/digital\/wp-json\/wp\/v2\/posts\/10282\/revisions"}],"predecessor-version":[{"id":10285,"href":"https:\/\/contrastes.com.co\/digital\/wp-json\/wp\/v2\/posts\/10282\/revisions\/10285"}],"wp:featuredmedia":[{"embeddable":true,"href":"https:\/\/contrastes.com.co\/digital\/wp-json\/wp\/v2\/media\/10283"}],"wp:attachment":[{"href":"https:\/\/contrastes.com.co\/digital\/wp-json\/wp\/v2\/media?parent=10282"}],"wp:term":[{"taxonomy":"category","embeddable":true,"href":"https:\/\/contrastes.com.co\/digital\/wp-json\/wp\/v2\/categories?post=10282"},{"taxonomy":"post_tag","embeddable":true,"href":"https:\/\/contrastes.com.co\/digital\/wp-json\/wp\/v2\/tags?post=10282"}],"curies":[{"name":"wp","href":"https:\/\/api.w.org\/{rel}","templated":true}]}}