{"id":10320,"date":"2022-07-12T16:01:31","date_gmt":"2022-07-12T21:01:31","guid":{"rendered":"https:\/\/contrastes.com.co\/digital\/?p=10320"},"modified":"2022-07-12T16:02:53","modified_gmt":"2022-07-12T21:02:53","slug":"atlantico-igualo-contra-norte-de-santander-en-el-campeonato-sub-23","status":"publish","type":"post","link":"https:\/\/contrastes.com.co\/digital\/atlantico-igualo-contra-norte-de-santander-en-el-campeonato-sub-23\/","title":{"rendered":"Atl\u00e1ntico igual\u00f3 contra Norte de Santander en el Campeonato Sub-23\u00a0"},"content":{"rendered":"<p><span data-contrast=\"auto\">La Selecci\u00f3n Atl\u00e1ntico Sub-23 empat\u00f3 1-1 contra Norte de Santander en Bogot\u00e1 por la segunda fecha del Zonal Clasificatorio del Campeonato Nacional de F\u00fatbol.<\/span><span data-ccp-props=\"{&quot;201341983&quot;:0,&quot;335559739&quot;:160,&quot;335559740&quot;:259}\">\u00a0<\/span><\/p>\n<p><span data-contrast=\"auto\">Norte comenz\u00f3 ganando con un tanto de penal convertido por Steven Monsalve sobre el final del primer tiempo.<\/span><span data-ccp-props=\"{&quot;201341983&quot;:0,&quot;335559739&quot;:160,&quot;335559740&quot;:259}\">\u00a0<\/span><\/p>\n<p><span data-contrast=\"auto\">El seleccionado atlanticense igual\u00f3 en la etapa final con un golazo del delantero Harrison Lagares, quien recibi\u00f3 la pelota desde fuera del \u00e1rea, eludi\u00f3 a un rival y conect\u00f3 un derechazo que se meti\u00f3 en el \u00e1ngulo superior derecho.<\/span><span data-ccp-props=\"{&quot;201341983&quot;:0,&quot;335559739&quot;:160,&quot;335559740&quot;:259}\">\u00a0<\/span><\/p>\n<p><span data-contrast=\"auto\">Atl\u00e1ntico qued\u00f3 con dos puntos, ya que ven\u00eda de empatar 1-1 en su debut frente a Guaviare. Norte tiene 4 unidades.<\/span><span data-ccp-props=\"{&quot;201341983&quot;:0,&quot;335559739&quot;:160,&quot;335559740&quot;:259}\">\u00a0<\/span><\/p>\n<p><span data-contrast=\"auto\">El equipo dirigido por el t\u00e9cnico Calixto Chiquillo tendr\u00e1 descanso el mi\u00e9rcoles y el jueves enfrentar\u00e1 a Boyac\u00e1 a partir de la 1:00 p.m.<\/span><span data-ccp-props=\"{&quot;201341983&quot;:0,&quot;335559739&quot;:160,&quot;335559740&quot;:259}\">\u00a0<\/span><\/p>\n","protected":false},"excerpt":{"rendered":"<p>La Selecci\u00f3n Atl\u00e1ntico Sub-23 empat\u00f3 1-1 contra Norte de Santander en Bogot\u00e1 por la segunda fecha del Zonal Clasificatorio del Campeonato Nacional de F\u00fatbol.\u00a0 Norte comenz\u00f3 ganando con un tanto de penal convertido por Steven Monsalve sobre el final del primer tiempo.\u00a0 El seleccionado atlanticense igual\u00f3 en la etapa final con un golazo del delantero [&hellip;]<\/p>\n","protected":false},"author":1,"featured_media":10321,"comment_status":"open","ping_status":"open","sticky":false,"template":"","format":"standard","meta":{"footnotes":""},"categories":[8,6],"tags":[2229,56,254,6405,6404],"class_list":["post-10320","post","type-post","status-publish","format-standard","has-post-thumbnail","hentry","category-deportes","category-region","tag-atlantico","tag-barranquilla","tag-colombia","tag-guatavo-petro","tag-seleccion-atlantico"],"_links":{"self":[{"href":"https:\/\/contrastes.com.co\/digital\/wp-json\/wp\/v2\/posts\/10320","targetHints":{"allow":["GET"]}}],"collection":[{"href":"https:\/\/contrastes.com.co\/digital\/wp-json\/wp\/v2\/posts"}],"about":[{"href":"https:\/\/contrastes.com.co\/digital\/wp-json\/wp\/v2\/types\/post"}],"author":[{"embeddable":true,"href":"https:\/\/contrastes.com.co\/digital\/wp-json\/wp\/v2\/users\/1"}],"replies":[{"embeddable":true,"href":"https:\/\/contrastes.com.co\/digital\/wp-json\/wp\/v2\/comments?post=10320"}],"version-history":[{"count":1,"href":"https:\/\/contrastes.com.co\/digital\/wp-json\/wp\/v2\/posts\/10320\/revisions"}],"predecessor-version":[{"id":10322,"href":"https:\/\/contrastes.com.co\/digital\/wp-json\/wp\/v2\/posts\/10320\/revisions\/10322"}],"wp:featuredmedia":[{"embeddable":true,"href":"https:\/\/contrastes.com.co\/digital\/wp-json\/wp\/v2\/media\/10321"}],"wp:attachment":[{"href":"https:\/\/contrastes.com.co\/digital\/wp-json\/wp\/v2\/media?parent=10320"}],"wp:term":[{"taxonomy":"category","embeddable":true,"href":"https:\/\/contrastes.com.co\/digital\/wp-json\/wp\/v2\/categories?post=10320"},{"taxonomy":"post_tag","embeddable":true,"href":"https:\/\/contrastes.com.co\/digital\/wp-json\/wp\/v2\/tags?post=10320"}],"curies":[{"name":"wp","href":"https:\/\/api.w.org\/{rel}","templated":true}]}}