{"id":1033,"date":"2020-05-20T20:01:35","date_gmt":"2020-05-21T01:01:35","guid":{"rendered":"https:\/\/contrastes.com.co\/digital\/?p=1033"},"modified":"2020-05-20T21:12:00","modified_gmt":"2020-05-21T02:12:00","slug":"diostenes-de-la-hoz-un-soledeno-inolvidable-qepd","status":"publish","type":"post","link":"https:\/\/contrastes.com.co\/digital\/diostenes-de-la-hoz-un-soledeno-inolvidable-qepd\/","title":{"rendered":"Falleci\u00f3 Diostenes de la Hoz Ib\u00e1\u00f1ez: Un solede\u00f1o inolvidable (QEPD)"},"content":{"rendered":"\n<div class=\"wp-block-group\"><div class=\"wp-block-group__inner-container is-layout-flow wp-block-group-is-layout-flow\">\n<blockquote><strong>Diostenes de la Hoz Ib\u00e1\u00f1ez, lo recordaremos siempre como uno de esos hombres que mostraron siempre la mejor cara de esta localidad, la de la gente honesta, trabajadora y sencilla de Soledad.<\/strong><\/blockquote>\n<p><em><strong>Por Guillermo Le\u00f3n Pantoja<\/strong><\/em><br \/><img loading=\"lazy\" decoding=\"async\" class=\"alignleft size-full wp-image-749\" src=\"https:\/\/contrastes.com.co\/digital\/wp-content\/uploads\/2020\/04\/d-capitular.png\" alt=\"d capitular\" width=\"100\" height=\"100\" srcset=\"https:\/\/contrastes.com.co\/digital\/wp-content\/uploads\/2020\/04\/d-capitular.png 100w, https:\/\/contrastes.com.co\/digital\/wp-content\/uploads\/2020\/04\/d-capitular-60x60.png 60w\" sizes=\"auto, (max-width: 100px) 100vw, 100px\" \/>ue\u00f1o de una figura y un rostro de ni\u00f1o grande, <strong>Diostenes de la Hoz Ib\u00e1\u00f1ez<\/strong> fue uno de esos solede\u00f1os con los que daba gusto conversar, un hombre que cuando brindaba su amistad lo hac\u00eda de manera incondicional y absolutamente solidaria. Capaz de entender cualquier situaci\u00f3n, sol\u00eda contagiar a todos con su buen humor y don de gentes, con esa hospitalidad tan arraigada en el solede\u00f1o \u201cplacero\u201d, de esos que vieron recorrer la historia local del \u00faltimo cuarto del siglo XX y los primeros veinte a\u00f1os de esta centuria, esos que observaron el discurrir de la vida diaria entre los afanes propios de la ciudad que no termina de despertar, en medio de la placidez provinciana que a\u00fan percibimos y que se confunde brumosamente con el riguroso concepto de ciudad que no todos desean.<\/p>\n<p>Como quisi\u00e9ramos regresar 20 a\u00f1os en el tiempo y volver a tomarnos una de Old Parr en el Centro de Eventos, al lado de su casa en la calle de las butifarras, en el coraz\u00f3n de la ciudad, junto al entra\u00f1able e inolvidable Diostenes. Un solede\u00f1o de post\u00edn que amaba a su familia y a su terru\u00f1o profundamente. Lo conocimos a los 39 a\u00f1os, siendo un prospero comerciante, lo recordaremos como uno de esos hombres que mostraron siempre la mejor cara de esta localidad, la de la gente honesta, trabajadora y sencilla de Soledad.<\/p>\n<p>Desde esta tribuna period\u00edstica llegue a sus familiares y amigos nuestras mas sinceras condolencias por la partida, en la fecha, de un amigo y un solede\u00f1o de post\u00edn. A sus hijos Melissa , Abel y Diostenes De La Hoz Mosquera, una nota de fortaleza; sabemos que siempre fueron para \u00e9l su mayor orgullo. Paz a sus restos hermano m\u00edo. <img loading=\"lazy\" decoding=\"async\" class=\"alignleft size-full wp-image-1035\" src=\"https:\/\/contrastes.com.co\/digital\/wp-content\/uploads\/2020\/05\/diostenes-2.jpg\" alt=\"diostenes 2\" width=\"1200\" height=\"498\" srcset=\"https:\/\/contrastes.com.co\/digital\/wp-content\/uploads\/2020\/05\/diostenes-2.jpg 1200w, https:\/\/contrastes.com.co\/digital\/wp-content\/uploads\/2020\/05\/diostenes-2-300x125.jpg 300w, https:\/\/contrastes.com.co\/digital\/wp-content\/uploads\/2020\/05\/diostenes-2-1024x425.jpg 1024w, https:\/\/contrastes.com.co\/digital\/wp-content\/uploads\/2020\/05\/diostenes-2-768x319.jpg 768w, https:\/\/contrastes.com.co\/digital\/wp-content\/uploads\/2020\/05\/diostenes-2-145x60.jpg 145w\" sizes=\"auto, (max-width: 1200px) 100vw, 1200px\" \/><\/p>\n<\/div><\/div>\n","protected":false},"excerpt":{"rendered":"<p>Diostenes de la Hoz Ib\u00e1\u00f1ez, lo recordaremos siempre como uno de esos hombres que mostraron siempre la mejor cara de esta localidad, la de la gente honesta, trabajadora y sencilla de Soledad. Por Guillermo Le\u00f3n Pantojaue\u00f1o de una figura y un rostro de ni\u00f1o grande, Diostenes de la Hoz Ib\u00e1\u00f1ez fue uno de esos solede\u00f1os [&hellip;]<\/p>\n","protected":false},"author":1,"featured_media":1034,"comment_status":"open","ping_status":"open","sticky":false,"template":"","format":"standard","meta":{"footnotes":""},"categories":[2,113],"tags":[330,331,38],"class_list":["post-1033","post","type-post","status-publish","format-standard","has-post-thumbnail","hentry","category-locales","category-personajes","tag-diostenes-de-la-hoz-ibanez","tag-fallecimiento","tag-municipio-de-soledad"],"_links":{"self":[{"href":"https:\/\/contrastes.com.co\/digital\/wp-json\/wp\/v2\/posts\/1033","targetHints":{"allow":["GET"]}}],"collection":[{"href":"https:\/\/contrastes.com.co\/digital\/wp-json\/wp\/v2\/posts"}],"about":[{"href":"https:\/\/contrastes.com.co\/digital\/wp-json\/wp\/v2\/types\/post"}],"author":[{"embeddable":true,"href":"https:\/\/contrastes.com.co\/digital\/wp-json\/wp\/v2\/users\/1"}],"replies":[{"embeddable":true,"href":"https:\/\/contrastes.com.co\/digital\/wp-json\/wp\/v2\/comments?post=1033"}],"version-history":[{"count":6,"href":"https:\/\/contrastes.com.co\/digital\/wp-json\/wp\/v2\/posts\/1033\/revisions"}],"predecessor-version":[{"id":1058,"href":"https:\/\/contrastes.com.co\/digital\/wp-json\/wp\/v2\/posts\/1033\/revisions\/1058"}],"wp:featuredmedia":[{"embeddable":true,"href":"https:\/\/contrastes.com.co\/digital\/wp-json\/wp\/v2\/media\/1034"}],"wp:attachment":[{"href":"https:\/\/contrastes.com.co\/digital\/wp-json\/wp\/v2\/media?parent=1033"}],"wp:term":[{"taxonomy":"category","embeddable":true,"href":"https:\/\/contrastes.com.co\/digital\/wp-json\/wp\/v2\/categories?post=1033"},{"taxonomy":"post_tag","embeddable":true,"href":"https:\/\/contrastes.com.co\/digital\/wp-json\/wp\/v2\/tags?post=1033"}],"curies":[{"name":"wp","href":"https:\/\/api.w.org\/{rel}","templated":true}]}}