{"id":10359,"date":"2022-07-18T18:31:14","date_gmt":"2022-07-18T23:31:14","guid":{"rendered":"https:\/\/contrastes.com.co\/digital\/?p=10359"},"modified":"2022-07-18T18:31:14","modified_gmt":"2022-07-18T23:31:14","slug":"hombre-fue-ultimado-de-ocho-disparos-en-el-barrio-la-esmeralda","status":"publish","type":"post","link":"https:\/\/contrastes.com.co\/digital\/hombre-fue-ultimado-de-ocho-disparos-en-el-barrio-la-esmeralda\/","title":{"rendered":"Hombre fue ultimado de ocho disparos en el barrio La Esmeralda"},"content":{"rendered":"<p><strong>*Hombre fue ultimado de ocho disparos en el barrio La Esmeralda<\/strong><\/p>\n<blockquote><p><strong>La v\u00edctima fue trasladada al Camino El Bosque, donde posteriormente se produjo su deceso.<\/strong><\/p><\/blockquote>\n<p><img loading=\"lazy\" decoding=\"async\" class=\"alignleft  wp-image-8700\" src=\"https:\/\/contrastes.com.co\/digital\/wp-content\/uploads\/2022\/04\/J-capitular.png\" alt=\"j capitular\" width=\"60\" height=\"60\" srcset=\"https:\/\/contrastes.com.co\/digital\/wp-content\/uploads\/2022\/04\/J-capitular.png 100w, https:\/\/contrastes.com.co\/digital\/wp-content\/uploads\/2022\/04\/J-capitular-60x60.png 60w\" sizes=\"auto, (max-width: 60px) 100vw, 60px\" \/>uvenal Mar\u00eda Escudero P\u00e9rez, de 34 a\u00f1os, fue asesinado a bala cuando depart\u00eda con amigos en la noche del pasado s\u00e1bado en la calle 71B con carrera 15E, <strong>barrio La Esmeralda, en el suroccidente de Barranquilla.<\/strong> Al lugar arrib\u00f3 un hombre, que seg\u00fan testigos, desenfund\u00f3 un arma de fuego y le dispar\u00f3 en ocho ocasiones en diferentes partes del cuerpo.<\/p>\n<p>La v\u00edctima fue trasladada al Camino El Bosque, donde posteriormente se produjo su deceso. La Polic\u00eda report\u00f3 la captura de un sospechoso con un rev\u00f3lver calibre 38. Las primeras informaciones recopiladas por las autoridades indican que el crimen obedecer\u00eda a un ajuste de cuentas.<\/p>\n","protected":false},"excerpt":{"rendered":"<p>Juvenal Mar\u00eda Escudero P\u00e9rez, de 34 a\u00f1os, fue asesinado a bala cuando depart\u00eda con amigos en la noche del pasado s\u00e1bado en la calle 71B con carrera 15E, barrio La Esmeralda, en el suroccidente de Barranquilla.<\/p>\n","protected":false},"author":1,"featured_media":10360,"comment_status":"open","ping_status":"open","sticky":false,"template":"","format":"standard","meta":{"footnotes":""},"categories":[10,6],"tags":[6423,56,5459,1656,1836],"class_list":["post-10359","post","type-post","status-publish","format-standard","has-post-thumbnail","hentry","category-judicial","category-region","tag-arma-de-fuego","tag-barranquilla","tag-barrio-la-esmeralda","tag-homicidio","tag-suroccidente-de-barranquilla"],"_links":{"self":[{"href":"https:\/\/contrastes.com.co\/digital\/wp-json\/wp\/v2\/posts\/10359","targetHints":{"allow":["GET"]}}],"collection":[{"href":"https:\/\/contrastes.com.co\/digital\/wp-json\/wp\/v2\/posts"}],"about":[{"href":"https:\/\/contrastes.com.co\/digital\/wp-json\/wp\/v2\/types\/post"}],"author":[{"embeddable":true,"href":"https:\/\/contrastes.com.co\/digital\/wp-json\/wp\/v2\/users\/1"}],"replies":[{"embeddable":true,"href":"https:\/\/contrastes.com.co\/digital\/wp-json\/wp\/v2\/comments?post=10359"}],"version-history":[{"count":1,"href":"https:\/\/contrastes.com.co\/digital\/wp-json\/wp\/v2\/posts\/10359\/revisions"}],"predecessor-version":[{"id":10361,"href":"https:\/\/contrastes.com.co\/digital\/wp-json\/wp\/v2\/posts\/10359\/revisions\/10361"}],"wp:featuredmedia":[{"embeddable":true,"href":"https:\/\/contrastes.com.co\/digital\/wp-json\/wp\/v2\/media\/10360"}],"wp:attachment":[{"href":"https:\/\/contrastes.com.co\/digital\/wp-json\/wp\/v2\/media?parent=10359"}],"wp:term":[{"taxonomy":"category","embeddable":true,"href":"https:\/\/contrastes.com.co\/digital\/wp-json\/wp\/v2\/categories?post=10359"},{"taxonomy":"post_tag","embeddable":true,"href":"https:\/\/contrastes.com.co\/digital\/wp-json\/wp\/v2\/tags?post=10359"}],"curies":[{"name":"wp","href":"https:\/\/api.w.org\/{rel}","templated":true}]}}