{"id":10362,"date":"2022-07-19T12:20:07","date_gmt":"2022-07-19T17:20:07","guid":{"rendered":"https:\/\/contrastes.com.co\/digital\/?p=10362"},"modified":"2022-07-19T12:20:07","modified_gmt":"2022-07-19T17:20:07","slug":"un-turista-se-ahogo-en-pozo-azul-tras-lanzarse-y-golpearse-con-una-roca","status":"publish","type":"post","link":"https:\/\/contrastes.com.co\/digital\/un-turista-se-ahogo-en-pozo-azul-tras-lanzarse-y-golpearse-con-una-roca\/","title":{"rendered":"Un turista se ahog\u00f3 en Pozo Azul tras lanzarse y golpearse con una roca"},"content":{"rendered":"<p><strong>*Turista de Baranoa se ahog\u00f3 en Pozo Azul, Minca, tras lanzarse y golpearse con una roca<\/strong><\/p>\n<blockquote><p><strong>Por el fuerte golpe, el turista fue arrastrado por la corriente luego de haber perdido el conocimiento, dijeron familiares que trataron de auxiliarlo pero fue imposible.<\/strong><\/p><\/blockquote>\n<p><img loading=\"lazy\" decoding=\"async\" class=\"alignleft  wp-image-8529\" src=\"https:\/\/contrastes.com.co\/digital\/wp-content\/uploads\/2022\/03\/e-capitular.png\" alt=\"e capitular\" width=\"64\" height=\"64\" srcset=\"https:\/\/contrastes.com.co\/digital\/wp-content\/uploads\/2022\/03\/e-capitular.png 150w, https:\/\/contrastes.com.co\/digital\/wp-content\/uploads\/2022\/03\/e-capitular-60x60.png 60w\" sizes=\"auto, (max-width: 64px) 100vw, 64px\" \/>l cuerpo de un turista atlanticense que hab\u00eda ido a disfrutar de un paseo familiar en el balneario Pozo Azul, en la zona tur\u00edstica de Minca, fue rescatado por buzos y personal de la Defensa Civil del Departamento del Magdalena.<\/p>\n<p>Los informes dan cuenta que Deyvis Antonio Caraballo Otero, de 37 a\u00f1os, natural de Baranoa, Atl\u00e1ntico, se habr\u00eda golpeado en la cabeza con una roca luego de lanzarse al agua.<\/p>\n<p>Por el fuerte golpe, el turista fue arrastrado por la corriente luego de haber perdido el conocimiento, dijeron familiares que trataron de auxiliarlo pero fue imposible.<\/p>\n<p>Finalmente el cuerpo del Caraballo fue sacado del agua y conducido a la morgue Santa Marta para la respectiva necropsia.<\/p>\n","protected":false},"excerpt":{"rendered":"<p>El cuerpo de un turista atlanticense que hab\u00eda ido a disfrutar de un paseo familiar en el balneario Pozo Azul, en la zona tur\u00edstica de Minca, fue rescatado por buzos y personal de la Defensa Civil del Departamento del Magdalena.<\/p>\n","protected":false},"author":1,"featured_media":10363,"comment_status":"open","ping_status":"open","sticky":false,"template":"","format":"standard","meta":{"footnotes":""},"categories":[6,1247],"tags":[1249,5332,6427,359,6426],"class_list":["post-10362","post","type-post","status-publish","format-standard","has-post-thumbnail","hentry","category-region","category-sucesos","tag-accidente","tag-ahogamiento","tag-minca","tag-municipio-de-baranoa","tag-pozo-azul"],"_links":{"self":[{"href":"https:\/\/contrastes.com.co\/digital\/wp-json\/wp\/v2\/posts\/10362","targetHints":{"allow":["GET"]}}],"collection":[{"href":"https:\/\/contrastes.com.co\/digital\/wp-json\/wp\/v2\/posts"}],"about":[{"href":"https:\/\/contrastes.com.co\/digital\/wp-json\/wp\/v2\/types\/post"}],"author":[{"embeddable":true,"href":"https:\/\/contrastes.com.co\/digital\/wp-json\/wp\/v2\/users\/1"}],"replies":[{"embeddable":true,"href":"https:\/\/contrastes.com.co\/digital\/wp-json\/wp\/v2\/comments?post=10362"}],"version-history":[{"count":1,"href":"https:\/\/contrastes.com.co\/digital\/wp-json\/wp\/v2\/posts\/10362\/revisions"}],"predecessor-version":[{"id":10364,"href":"https:\/\/contrastes.com.co\/digital\/wp-json\/wp\/v2\/posts\/10362\/revisions\/10364"}],"wp:featuredmedia":[{"embeddable":true,"href":"https:\/\/contrastes.com.co\/digital\/wp-json\/wp\/v2\/media\/10363"}],"wp:attachment":[{"href":"https:\/\/contrastes.com.co\/digital\/wp-json\/wp\/v2\/media?parent=10362"}],"wp:term":[{"taxonomy":"category","embeddable":true,"href":"https:\/\/contrastes.com.co\/digital\/wp-json\/wp\/v2\/categories?post=10362"},{"taxonomy":"post_tag","embeddable":true,"href":"https:\/\/contrastes.com.co\/digital\/wp-json\/wp\/v2\/tags?post=10362"}],"curies":[{"name":"wp","href":"https:\/\/api.w.org\/{rel}","templated":true}]}}