{"id":1045,"date":"2020-05-20T20:56:43","date_gmt":"2020-05-21T01:56:43","guid":{"rendered":"https:\/\/contrastes.com.co\/digital\/?p=1045"},"modified":"2020-05-20T20:56:43","modified_gmt":"2020-05-21T01:56:43","slug":"crean-ruta-de-atencion-para-emergencias-por-lluvias-en-soledad","status":"publish","type":"post","link":"https:\/\/contrastes.com.co\/digital\/crean-ruta-de-atencion-para-emergencias-por-lluvias-en-soledad\/","title":{"rendered":"Crean ruta de atenci\u00f3n para emergencias por lluvias en Soledad"},"content":{"rendered":"<blockquote><p><strong>El plan contempla la creaci\u00f3n de l\u00edneas de comunicaci\u00f3n, identificaci\u00f3n de da\u00f1os y asignaci\u00f3n de albergues provisionales en centros educativos cerca a los sectores afectados.<\/strong><\/p><\/blockquote>\n<p><img loading=\"lazy\" decoding=\"async\" class=\"alignleft  wp-image-845\" src=\"https:\/\/contrastes.com.co\/digital\/wp-content\/uploads\/2020\/05\/e-capitular.png\" alt=\"e capitular\" width=\"77\" height=\"77\" srcset=\"https:\/\/contrastes.com.co\/digital\/wp-content\/uploads\/2020\/05\/e-capitular.png 100w, https:\/\/contrastes.com.co\/digital\/wp-content\/uploads\/2020\/05\/e-capitular-60x60.png 60w\" sizes=\"auto, (max-width: 77px) 100vw, 77px\" \/>n Consejo Municipal Extraordinario de Gesti\u00f3n del Riesgo, realizado hoy, se acord\u00f3 crear una ruta de atenci\u00f3n y un plan de contingencia para atender las emergencias de la comunidad solede\u00f1a durante la \u00e9poca invernal, antes, durante y despu\u00e9s de ocurridas.<\/p>\n<p>El secretario de Gobierno de Soledad, Rosmell Hern\u00e1ndez, explic\u00f3 que el plan contempla la creaci\u00f3n de l\u00edneas de comunicaci\u00f3n, identificaci\u00f3n de da\u00f1os y asignaci\u00f3n de albergues provisionales en centros educativos cerca a los sectores afectados.<\/p>\n<p>La reuni\u00f3n extraordinaria fue presida por la Secretar\u00eda de Gobierno y cont\u00f3 con la asistencia de los secretarios de Obras P\u00fablicas, de Educaci\u00f3n, la gerencia de Edumas y miembros del Cuerpo de Bomberos y la Defensa Civil.<\/p>\n<p>Seg\u00fan inform\u00f3 el Cuerpo de Bomberos, los barrios que resultaron afectados durante las dos precipitaciones registradas en el municipio fueron: Las Moras, Cruz de Mayo, Los Almendros, Las Gaviotas, Las Colonias, Juan Dom\u00ednguez Romero y R\u00edos de Agua Viva, los da\u00f1os reportados fueron materiales.<\/p>\n","protected":false},"excerpt":{"rendered":"<p>El plan contempla la creaci\u00f3n de l\u00edneas de comunicaci\u00f3n, identificaci\u00f3n de da\u00f1os y asignaci\u00f3n de albergues provisionales en centros educativos cerca a los sectores afectados. n Consejo Municipal Extraordinario de Gesti\u00f3n del Riesgo, realizado hoy, se acord\u00f3 crear una ruta de atenci\u00f3n y un plan de contingencia para atender las emergencias de la comunidad solede\u00f1a [&hellip;]<\/p>\n","protected":false},"author":1,"featured_media":1046,"comment_status":"open","ping_status":"open","sticky":false,"template":"","format":"standard","meta":{"footnotes":""},"categories":[2,301],"tags":[35,335,336,338,322,337,339],"class_list":["post-1045","post","type-post","status-publish","format-standard","has-post-thumbnail","hentry","category-locales","category-medio-ambiente","tag-alcaldia-de-soledad","tag-arroyos-de-soledad","tag-el-salao","tag-emergencias","tag-rosmel-hernandez-bresneider","tag-ruta-de-atencion","tag-secretaria-de-gobierno"],"_links":{"self":[{"href":"https:\/\/contrastes.com.co\/digital\/wp-json\/wp\/v2\/posts\/1045","targetHints":{"allow":["GET"]}}],"collection":[{"href":"https:\/\/contrastes.com.co\/digital\/wp-json\/wp\/v2\/posts"}],"about":[{"href":"https:\/\/contrastes.com.co\/digital\/wp-json\/wp\/v2\/types\/post"}],"author":[{"embeddable":true,"href":"https:\/\/contrastes.com.co\/digital\/wp-json\/wp\/v2\/users\/1"}],"replies":[{"embeddable":true,"href":"https:\/\/contrastes.com.co\/digital\/wp-json\/wp\/v2\/comments?post=1045"}],"version-history":[{"count":1,"href":"https:\/\/contrastes.com.co\/digital\/wp-json\/wp\/v2\/posts\/1045\/revisions"}],"predecessor-version":[{"id":1047,"href":"https:\/\/contrastes.com.co\/digital\/wp-json\/wp\/v2\/posts\/1045\/revisions\/1047"}],"wp:featuredmedia":[{"embeddable":true,"href":"https:\/\/contrastes.com.co\/digital\/wp-json\/wp\/v2\/media\/1046"}],"wp:attachment":[{"href":"https:\/\/contrastes.com.co\/digital\/wp-json\/wp\/v2\/media?parent=1045"}],"wp:term":[{"taxonomy":"category","embeddable":true,"href":"https:\/\/contrastes.com.co\/digital\/wp-json\/wp\/v2\/categories?post=1045"},{"taxonomy":"post_tag","embeddable":true,"href":"https:\/\/contrastes.com.co\/digital\/wp-json\/wp\/v2\/tags?post=1045"}],"curies":[{"name":"wp","href":"https:\/\/api.w.org\/{rel}","templated":true}]}}