{"id":10459,"date":"2022-07-25T14:57:46","date_gmt":"2022-07-25T19:57:46","guid":{"rendered":"https:\/\/contrastes.com.co\/digital\/?p=10459"},"modified":"2022-07-25T14:57:46","modified_gmt":"2022-07-25T19:57:46","slug":"se-disparo-la-criminalidad-en-soledad-14-asesinatos-a-bala-en-una-semana","status":"publish","type":"post","link":"https:\/\/contrastes.com.co\/digital\/se-disparo-la-criminalidad-en-soledad-14-asesinatos-a-bala-en-una-semana\/","title":{"rendered":"Se dispar\u00f3 la criminalidad en Soledad: 14 asesinatos a bala en una semana"},"content":{"rendered":"<p><strong>*Se dispar\u00f3 la criminalidad en Soledad: 14 asesinatos a bala en una semana<\/strong><\/p>\n<blockquote><p><strong>El 82 % de los homicidios este mes se han registrado s\u00f3lo en la semana que acaba de terminar<\/strong><\/p><\/blockquote>\n<p><img loading=\"lazy\" decoding=\"async\" class=\"alignleft  wp-image-8758\" src=\"https:\/\/contrastes.com.co\/digital\/wp-content\/uploads\/2022\/04\/d-capitular.png\" alt=\"\" width=\"57\" height=\"57\" srcset=\"https:\/\/contrastes.com.co\/digital\/wp-content\/uploads\/2022\/04\/d-capitular.png 100w, https:\/\/contrastes.com.co\/digital\/wp-content\/uploads\/2022\/04\/d-capitular-60x60.png 60w\" sizes=\"auto, (max-width: 57px) 100vw, 57px\" \/><strong>esde el 16 de julio hasta el s\u00e1bado 23 se registraron en la poblaci\u00f3n 14 asesinatos, de los cuales 3 son mujeres.<\/strong> Situaci\u00f3n cr\u00edtica, teniendo en cuenta que la primera quincena del mes solo iban 3 homicidios, de los cuales uno fue un presunto delincuente abatido por la Polic\u00eda.<\/p>\n<p>Es decir, que el 82 % de los homicidios este mes se han registrado s\u00f3lo en la semana que acaba de terminar.\u00a0 El m\u00e1s reciente fue el <strong>triple crimen ocurrido la noche anterior en el barrio Villa Merly<\/strong>, donde fueron ultimados a bala dos hombres y un adolescente de 17 a\u00f1os.<\/p>\n<p>Las v\u00edctimas mortales fueron identificadas como Breiner Hernando Rivera Torres, de 34 a\u00f1os, quien fue impactado en seis ocasiones y muri\u00f3 en el Hospital Materno Infantil de la Ciudadela Metropolitana; Benis Eduardo Hern\u00e1ndez Meza, de 21, impactado tres veces y muri\u00f3 el Hospital Universidad del Norte; y un adolescente de 17 a\u00f1os que respond\u00eda al nombre de H\u00e9ctor Luis Guti\u00e9rrez Vel\u00e1squez, quien recibi\u00f3 dos balazos y falleci\u00f3 en la Cl\u00ednica Adela de Char. En el mismo hecho result\u00f3 herido Eli\u00e9cer David Zuriqu\u00e9s Polanco, de 20 a\u00f1os, quien fue llevado tambi\u00e9n a este \u00faltimo centro asistencial.<\/p>\n<h3>S\u00e1bado 23 de julio: 2 homicidios<\/h3>\n<p>Hay que recordar tambi\u00e9n que en la noche del s\u00e1bado apareci\u00f3 el cuerpo de un hombre con impactos de bala en una calle del barrio Villa Carmen. Fue idenficado como Carlos Maya, de 29 a\u00f1os.<\/p>\n<p>De igual manera, ese mismo s\u00e1bado, en el barrio Soledad 2.000, fue asesinado a bala por sicarios en moto Willington Jos\u00e9 Hern\u00e1ndez Borja, quien era conductor de la empresa de buses Cootrab. La Polic\u00eda descart\u00f3 una extorsi\u00f3n y se presume que el hecho guardar\u00eda relaci\u00f3n con un problema personal.<\/p>\n<h3><strong>Mi\u00e9rcoles 20 de julio: 4 homicidios<\/strong><\/h3>\n<p>Por otro lado, el mi\u00e9rcoles en la ma\u00f1ana fue hallado muerto Alejandro Enrique Guti\u00e9rrez De las Salas, de 38 a\u00f1os, quien apareci\u00f3 amarrado de brazos y piernas en una zona llena de basura en la calle 77A con carrera 4A, barrio Nueva Esperanza. El hombre registraba impactos de bala en la cabeza.<\/p>\n<p>Al mediod\u00eda de ese mi\u00e9rcoles fue asesinado a bala un joven de 21 a\u00f1os, identificado como Alex Mart\u00ednez. Los hechos ocurrieron en la calle 21 con carrera 15A, barrio Pumarejo.<\/p>\n<p>De otro lado, en la noche de ese mismo mi\u00e9rcoles,\u00a0 en una vivienda ubicada en la calle 58 con carrera 12 A, barrio La Inmaculada, se present\u00f3 un doble crimen y una tercera persona result\u00f3 herida.<\/p>\n<p>El reporte de las autoridades indica que dos sicarios llegaron a pie hasta el inmueble a donde ingresaron y desenfundaron armas de fuego para disparar contra los que depart\u00edan en ese momento en la vivienda.<\/p>\n<p>En el hecho muri\u00f3 Darly Vanessa Juliao, de 23 a\u00f1os, quien fue llevada al puesto Agrupasalud, pero se confirm\u00f3 que lleg\u00f3 sin signos vitales. Tambi\u00e9n en el ataque falleci\u00f3 Jor Heriz Ortiz Ortiz, de 26 a\u00f1os, quien fue llevado a la Cl\u00ednica Adela de Char.<\/p>\n<p>Este hombre, seg\u00fan la Polic\u00eda, registraba seis anotaciones judiciales por fuga de presos, porte ilegal de armas de fuego (2), favorecimiento de contrabando, secuestro simple y hurto calificado.<\/p>\n<p>El herido responde al nombre de Diomedes De Jes\u00fas Ortiz Santiago, de 30 a\u00f1os, quien seg\u00fan las autoridades era la pareja de la mujer asesinada.<\/p>\n<h3>Lunes 18 de julio: 3 homicidios<\/h3>\n<p>De otro lado, el lunes 18 de julio en una calle del barrio Nuevo \u00c9xito fue asesinado a bala Michely Antonio Padilla De la Rosa, vigilante de una empresa privada, cuando caminaba hacia la Circunvalar para tomar el transporte que lo llevar\u00eda a su trabajo.<\/p>\n<p>El otro crimen fue el que se present\u00f3 en la noche del domingo, 17 de julio, en la calle 30 con carrera 17, barrio El Oasis, donde un joven fue asesinado a bala por otro en medio de una discusi\u00f3n. La v\u00edctima fue identificada como Miguel\u00a0 \u00c1ngel Ru\u00edz Lascarro.<\/p>\n<p>Ese mismo d\u00eda, pero en horas de la ma\u00f1ana, fue ultimado Jassir Jos\u00e9 F\u00e1bregas Orozco, quien fue atacado a bala por un desconocido en la carrera 43 con calle 28, barrio Costa Hermosa de Soledad.<\/p>\n<h3>S\u00e1bado 16 de julio: doble crimen en Villa Soledad<\/h3>\n<p>La racha criminal inici\u00f3 el s\u00e1bado 16 de julio con el doble crimen de Tatiana Varela Sandoval, de 40 a\u00f1os; y Madgredis Charris Torrijos, de 19, quienes fueron acribilladas cuando depart\u00edan en la casa de la \u00faltima, en la calle 49 n\u00famero 17D-22, barrio Villa Soledad.<\/p>\n","protected":false},"excerpt":{"rendered":"<p>Desde el 16 de julio hasta el s\u00e1bado 23 se registraron en la poblaci\u00f3n 14 asesinatos, de los cuales 3 son mujeres. Situaci\u00f3n cr\u00edtica, teniendo en cuenta que la primera quincena del mes solo iban 3 homicidios, de los cuales uno fue un presunto delincuente abatido por la Polic\u00eda.<\/p>\n","protected":false},"author":1,"featured_media":10460,"comment_status":"open","ping_status":"open","sticky":false,"template":"","format":"standard","meta":{"footnotes":""},"categories":[10,2,1247],"tags":[6473,5328,6496,38,6495],"class_list":["post-10459","post","type-post","status-publish","format-standard","has-post-thumbnail","hentry","category-judicial","category-locales","category-sucesos","tag-armas-de-fuego","tag-homicidios","tag-julio-sangriento","tag-municipio-de-soledad","tag-semana-sangrienta"],"_links":{"self":[{"href":"https:\/\/contrastes.com.co\/digital\/wp-json\/wp\/v2\/posts\/10459","targetHints":{"allow":["GET"]}}],"collection":[{"href":"https:\/\/contrastes.com.co\/digital\/wp-json\/wp\/v2\/posts"}],"about":[{"href":"https:\/\/contrastes.com.co\/digital\/wp-json\/wp\/v2\/types\/post"}],"author":[{"embeddable":true,"href":"https:\/\/contrastes.com.co\/digital\/wp-json\/wp\/v2\/users\/1"}],"replies":[{"embeddable":true,"href":"https:\/\/contrastes.com.co\/digital\/wp-json\/wp\/v2\/comments?post=10459"}],"version-history":[{"count":1,"href":"https:\/\/contrastes.com.co\/digital\/wp-json\/wp\/v2\/posts\/10459\/revisions"}],"predecessor-version":[{"id":10461,"href":"https:\/\/contrastes.com.co\/digital\/wp-json\/wp\/v2\/posts\/10459\/revisions\/10461"}],"wp:featuredmedia":[{"embeddable":true,"href":"https:\/\/contrastes.com.co\/digital\/wp-json\/wp\/v2\/media\/10460"}],"wp:attachment":[{"href":"https:\/\/contrastes.com.co\/digital\/wp-json\/wp\/v2\/media?parent=10459"}],"wp:term":[{"taxonomy":"category","embeddable":true,"href":"https:\/\/contrastes.com.co\/digital\/wp-json\/wp\/v2\/categories?post=10459"},{"taxonomy":"post_tag","embeddable":true,"href":"https:\/\/contrastes.com.co\/digital\/wp-json\/wp\/v2\/tags?post=10459"}],"curies":[{"name":"wp","href":"https:\/\/api.w.org\/{rel}","templated":true}]}}