{"id":10462,"date":"2022-07-27T11:29:23","date_gmt":"2022-07-27T16:29:23","guid":{"rendered":"https:\/\/contrastes.com.co\/digital\/?p=10462"},"modified":"2022-07-27T17:36:17","modified_gmt":"2022-07-27T22:36:17","slug":"aplazan-desalojo-de-mas-de-300-familias-en-bendicion-de-dios","status":"publish","type":"post","link":"https:\/\/contrastes.com.co\/digital\/aplazan-desalojo-de-mas-de-300-familias-en-bendicion-de-dios\/","title":{"rendered":"Aplazan desalojo de m\u00e1s de 300 familias en Bendici\u00f3n de Dios"},"content":{"rendered":"<p><strong>*Aplazan desalojo de m\u00e1s de 300 familias en Bendici\u00f3n de Dios<\/strong><\/p>\n<blockquote><p><strong>La audiencia fue suspendida y reprogramada para el 14 de agosto, pero antes deben desarrollarse reuniones para reubicar o indemnizar, seg\u00fan pidieron las familias.<\/strong><\/p><\/blockquote>\n<p><img loading=\"lazy\" decoding=\"async\" class=\"alignleft  wp-image-8529\" src=\"https:\/\/contrastes.com.co\/digital\/wp-content\/uploads\/2022\/03\/e-capitular.png\" alt=\"e capitular\" width=\"58\" height=\"58\" srcset=\"https:\/\/contrastes.com.co\/digital\/wp-content\/uploads\/2022\/03\/e-capitular.png 150w, https:\/\/contrastes.com.co\/digital\/wp-content\/uploads\/2022\/03\/e-capitular-60x60.png 60w\" sizes=\"auto, (max-width: 58px) 100vw, 58px\" \/>l <strong>barrio Bendici\u00f3n de Dios<\/strong> amaneci\u00f3 bajo fuerte vigilancia policial y la angustia de m\u00e1s de 300 familias que iban a ser desalojadas por los reclamos que hace un particular de una franja de tierra a orillas del <strong>R\u00edo Magdalena<\/strong>.<\/p>\n<p>Son m\u00e1s de 1.300 las familias que est\u00e1n instaladas hasta la fecha en estos predios<\/p>\n<p>Javier Garc\u00eda L\u00f3pez, l\u00edder del barrio, cuestion\u00f3 que apenas fueran notificados 24 horas antes de la diligencia y que no hayan propuestas de reubicaci\u00f3n.<\/p>\n<p>\u00abLa alcald\u00eda no ha dicho nada en torno qu\u00e9 va a pasar con esas familias\u00bb, declar\u00f3.<\/p>\n<p>Bendici\u00f3n de Dios hoy est\u00e1 ocupada en su mayor\u00eda por familias venezolanas, desplazados por la violencia de otros departamentos de la Costa, mujeres y ni\u00f1os.<\/p>\n<p>\u00abNosotros le pedimos al Distrito que se siente con la comunidad, que hablemos porque verdaderamente es un atropello lo que ellos est\u00e1n haciendo. \u00bfC\u00f3mo nos van a mandar una notificaci\u00f3n de desalojo de un d\u00eda para otro?\u00bb, dijo por su parte H\u00e9ctor C\u00e1rdenas, otro l\u00edder del barrio de invasi\u00f3n.<\/p>\n<p>Exigen el respeto de los derechos humanos de familias venezolanas, desplazados, mujeres y ni\u00f1os que son la mayor\u00eda de la poblaci\u00f3n&#8230;<\/p>\n<p>\u00abEl argumento del desalojo es que para una empresa, este lote es de ellos. Pero \u00bfpor qu\u00e9 no nos hacen un reasentamiento? \u00bfPor qu\u00e9 no hablan con las personas?\u00bb, se\u00f1al\u00f3.<\/p>\n<p>Previo a la diligencia, se cumpli\u00f3 una audiencia en la que abogados de las familias pidieron el aplazamiento del desalojo y una propuesta de reubicaci\u00f3n.<\/p>\n<p>Finalmente la audiencia fue suspendida y reprogramada para el 14 de agosto, pero antes deben desarrollarse reuniones para reubicar o indemnizar, seg\u00fan pidieron las familias.<\/p>\n","protected":false},"excerpt":{"rendered":"<p>El barrio Bendici\u00f3n de Dios amaneci\u00f3 bajo fuerte vigilancia policial y la angustia de m\u00e1s de 300 familias que iban a ser desalojadas por los reclamos que hace un particular de una franja de tierra a orillas del R\u00edo Magdalena.<\/p>\n","protected":false},"author":1,"featured_media":10463,"comment_status":"open","ping_status":"open","sticky":false,"template":"","format":"standard","meta":{"footnotes":""},"categories":[6,1247],"tags":[6497,224,1188],"class_list":["post-10462","post","type-post","status-publish","format-standard","has-post-thumbnail","hentry","category-region","category-sucesos","tag-barrio-bendicion-de-dios","tag-distrito-de-barranquilla","tag-rio-magdalena"],"_links":{"self":[{"href":"https:\/\/contrastes.com.co\/digital\/wp-json\/wp\/v2\/posts\/10462","targetHints":{"allow":["GET"]}}],"collection":[{"href":"https:\/\/contrastes.com.co\/digital\/wp-json\/wp\/v2\/posts"}],"about":[{"href":"https:\/\/contrastes.com.co\/digital\/wp-json\/wp\/v2\/types\/post"}],"author":[{"embeddable":true,"href":"https:\/\/contrastes.com.co\/digital\/wp-json\/wp\/v2\/users\/1"}],"replies":[{"embeddable":true,"href":"https:\/\/contrastes.com.co\/digital\/wp-json\/wp\/v2\/comments?post=10462"}],"version-history":[{"count":1,"href":"https:\/\/contrastes.com.co\/digital\/wp-json\/wp\/v2\/posts\/10462\/revisions"}],"predecessor-version":[{"id":10464,"href":"https:\/\/contrastes.com.co\/digital\/wp-json\/wp\/v2\/posts\/10462\/revisions\/10464"}],"wp:featuredmedia":[{"embeddable":true,"href":"https:\/\/contrastes.com.co\/digital\/wp-json\/wp\/v2\/media\/10463"}],"wp:attachment":[{"href":"https:\/\/contrastes.com.co\/digital\/wp-json\/wp\/v2\/media?parent=10462"}],"wp:term":[{"taxonomy":"category","embeddable":true,"href":"https:\/\/contrastes.com.co\/digital\/wp-json\/wp\/v2\/categories?post=10462"},{"taxonomy":"post_tag","embeddable":true,"href":"https:\/\/contrastes.com.co\/digital\/wp-json\/wp\/v2\/tags?post=10462"}],"curies":[{"name":"wp","href":"https:\/\/api.w.org\/{rel}","templated":true}]}}