{"id":10465,"date":"2022-07-27T12:36:27","date_gmt":"2022-07-27T17:36:27","guid":{"rendered":"https:\/\/contrastes.com.co\/digital\/?p=10465"},"modified":"2022-07-27T17:42:09","modified_gmt":"2022-07-27T22:42:09","slug":"gaula-militar-hirio-a-presunto-extorsionista-en-malambo","status":"publish","type":"post","link":"https:\/\/contrastes.com.co\/digital\/gaula-militar-hirio-a-presunto-extorsionista-en-malambo\/","title":{"rendered":"Gaula Militar hiri\u00f3 a presunto extorsionista en Malambo"},"content":{"rendered":"<p><strong>*Gaula Militar hiri\u00f3 a presunto extorsionista en Malambo<\/strong><\/p>\n<blockquote><p><strong>Un video que circula por redes sociales muestra el momento en que el sospechoso se encuentra tendido en el suelo reducido por un miembro del Gaula Militar.<\/strong><\/p><\/blockquote>\n<p><img loading=\"lazy\" decoding=\"async\" class=\"alignleft  wp-image-8657\" src=\"https:\/\/contrastes.com.co\/digital\/wp-content\/uploads\/2022\/03\/u-capitular.png\" alt=\"u capitular\" width=\"56\" height=\"56\" srcset=\"https:\/\/contrastes.com.co\/digital\/wp-content\/uploads\/2022\/03\/u-capitular.png 100w, https:\/\/contrastes.com.co\/digital\/wp-content\/uploads\/2022\/03\/u-capitular-60x60.png 60w\" sizes=\"auto, (max-width: 56px) 100vw, 56px\" \/>n operativo del <strong>Gaula Militar Caribe<\/strong> dej\u00f3 a un presunto extorsionista herido a bala. Los hechos ocurrieron en la ma\u00f1ana de este mi\u00e9rcoles en el <strong>barrio Bellavista IV<\/strong>, diagonal a la iglesia La Candelaria en el municipio de Malambo. Esta unidad militar se encuentra desplegada en el municipio para combatir la extorsi\u00f3n contra los comerciantes.<\/p>\n<p>En medio de estos procedimientos, un presunto extorsionista se enfrent\u00f3 a los unidades militares y estas lograron herirlo. Un video que circula por redes sociales muestra el momento en que el sospechoso se encuentra tendido en el suelo reducido por un miembro del Gaula Militar.<\/p>\n<p>R\u00e1pidamente al lugar hizo presencia tambi\u00e9n la Polic\u00eda y el herido fue trasladado a un centro asistencial en calidad de capturado.<\/p>\n","protected":false},"excerpt":{"rendered":"<p>Un operativo del Gaula Militar Caribe dej\u00f3 a un presunto extorsionista herido a bala. Los hechos ocurrieron en la ma\u00f1ana de este mi\u00e9rcoles en el barrio Bellavista IV, diagonal a la iglesia La Candelaria. Esta unidad militar se encuentra desplegada en el municipio para combatir la extorsi\u00f3n contra los comerciantes.<\/p>\n","protected":false},"author":1,"featured_media":10466,"comment_status":"open","ping_status":"open","sticky":false,"template":"","format":"standard","meta":{"footnotes":""},"categories":[10,6],"tags":[6500,6498,6499,613],"class_list":["post-10465","post","type-post","status-publish","format-standard","has-post-thumbnail","hentry","category-judicial","category-region","tag-barrio-bellavista-iv","tag-gaula-militar","tag-gaula-militar-caribe","tag-municipio-de-malambo"],"_links":{"self":[{"href":"https:\/\/contrastes.com.co\/digital\/wp-json\/wp\/v2\/posts\/10465","targetHints":{"allow":["GET"]}}],"collection":[{"href":"https:\/\/contrastes.com.co\/digital\/wp-json\/wp\/v2\/posts"}],"about":[{"href":"https:\/\/contrastes.com.co\/digital\/wp-json\/wp\/v2\/types\/post"}],"author":[{"embeddable":true,"href":"https:\/\/contrastes.com.co\/digital\/wp-json\/wp\/v2\/users\/1"}],"replies":[{"embeddable":true,"href":"https:\/\/contrastes.com.co\/digital\/wp-json\/wp\/v2\/comments?post=10465"}],"version-history":[{"count":2,"href":"https:\/\/contrastes.com.co\/digital\/wp-json\/wp\/v2\/posts\/10465\/revisions"}],"predecessor-version":[{"id":10468,"href":"https:\/\/contrastes.com.co\/digital\/wp-json\/wp\/v2\/posts\/10465\/revisions\/10468"}],"wp:featuredmedia":[{"embeddable":true,"href":"https:\/\/contrastes.com.co\/digital\/wp-json\/wp\/v2\/media\/10466"}],"wp:attachment":[{"href":"https:\/\/contrastes.com.co\/digital\/wp-json\/wp\/v2\/media?parent=10465"}],"wp:term":[{"taxonomy":"category","embeddable":true,"href":"https:\/\/contrastes.com.co\/digital\/wp-json\/wp\/v2\/categories?post=10465"},{"taxonomy":"post_tag","embeddable":true,"href":"https:\/\/contrastes.com.co\/digital\/wp-json\/wp\/v2\/tags?post=10465"}],"curies":[{"name":"wp","href":"https:\/\/api.w.org\/{rel}","templated":true}]}}