{"id":10469,"date":"2022-07-27T17:45:52","date_gmt":"2022-07-27T22:45:52","guid":{"rendered":"https:\/\/contrastes.com.co\/digital\/?p=10469"},"modified":"2022-07-27T17:45:52","modified_gmt":"2022-07-27T22:45:52","slug":"hombre-se-subio-al-estribo-de-una-tractomula-se-resbalo-y-murio-arrollado","status":"publish","type":"post","link":"https:\/\/contrastes.com.co\/digital\/hombre-se-subio-al-estribo-de-una-tractomula-se-resbalo-y-murio-arrollado\/","title":{"rendered":"Hombre se subi\u00f3 al estribo de una tractomula, se resbal\u00f3 y muri\u00f3 arrollado"},"content":{"rendered":"<p><strong>*Hombre se subi\u00f3 al estribo de una tractomula, se resbal\u00f3 y muri\u00f3 arrollado<\/strong><\/p>\n<blockquote><p><strong>El hombre perdi\u00f3 el equilibrio y al caer fue embestido por las llantas en movimiento de la tractomula muriendo en el mismo lugar del accidente.<\/strong><\/p><\/blockquote>\n<p><img loading=\"lazy\" decoding=\"async\" class=\"alignleft  wp-image-8657\" src=\"https:\/\/contrastes.com.co\/digital\/wp-content\/uploads\/2022\/03\/u-capitular.png\" alt=\"u capitular\" width=\"67\" height=\"67\" srcset=\"https:\/\/contrastes.com.co\/digital\/wp-content\/uploads\/2022\/03\/u-capitular.png 100w, https:\/\/contrastes.com.co\/digital\/wp-content\/uploads\/2022\/03\/u-capitular-60x60.png 60w\" sizes=\"auto, (max-width: 67px) 100vw, 67px\" \/>n accidente de tr\u00e1nsito cobr\u00f3 la vida de un hombre en la ma\u00f1ana de este mi\u00e9rcoles en la calle 2 con carrera 38, en la v\u00eda a la <strong>Sociedad Portuaria de Barranquilla<\/strong>. La informaci\u00f3n recopilada por la Polic\u00eda de Tr\u00e1nsito y Transporte indica que Willinton Garc\u00eda Pineda se subi\u00f3 al estribo de una tractomula que transportaba carb\u00f3n.<\/p>\n<p>En ese momento, el hombre perdi\u00f3 el equilibrio y al caer fue embestido por las llantas en movimiento de la tractomula. El hombre muri\u00f3 en el mismo lugar del accidente.<\/p>\n<p>El sitio fue acordonado mientras la Polic\u00eda de Tr\u00e1nsito realizaba la inspecci\u00f3n del cuerpo para trasladarlo a Medicina Legal.<\/p>\n","protected":false},"excerpt":{"rendered":"<p>Un accidente de tr\u00e1nsito cobr\u00f3 la vida de un hombre en la ma\u00f1ana de este mi\u00e9rcoles en la calle 2 con carrera 38, en la v\u00eda a la Sociedad Portuaria de Barranquilla. La informaci\u00f3n recopilada por la Polic\u00eda de Tr\u00e1nsito y Transporte indica que Willinton Garc\u00eda Pineda se subi\u00f3 al estribo de una tractomula que transportaba carb\u00f3n.<\/p>\n","protected":false},"author":1,"featured_media":10470,"comment_status":"open","ping_status":"open","sticky":false,"template":"","format":"standard","meta":{"footnotes":""},"categories":[6,1247],"tags":[5986,224,6501,5515],"class_list":["post-10469","post","type-post","status-publish","format-standard","has-post-thumbnail","hentry","category-region","category-sucesos","tag-arrollamiento","tag-distrito-de-barranquilla","tag-sociedad-portuaria-de-barranquilla","tag-tractomula"],"_links":{"self":[{"href":"https:\/\/contrastes.com.co\/digital\/wp-json\/wp\/v2\/posts\/10469","targetHints":{"allow":["GET"]}}],"collection":[{"href":"https:\/\/contrastes.com.co\/digital\/wp-json\/wp\/v2\/posts"}],"about":[{"href":"https:\/\/contrastes.com.co\/digital\/wp-json\/wp\/v2\/types\/post"}],"author":[{"embeddable":true,"href":"https:\/\/contrastes.com.co\/digital\/wp-json\/wp\/v2\/users\/1"}],"replies":[{"embeddable":true,"href":"https:\/\/contrastes.com.co\/digital\/wp-json\/wp\/v2\/comments?post=10469"}],"version-history":[{"count":1,"href":"https:\/\/contrastes.com.co\/digital\/wp-json\/wp\/v2\/posts\/10469\/revisions"}],"predecessor-version":[{"id":10471,"href":"https:\/\/contrastes.com.co\/digital\/wp-json\/wp\/v2\/posts\/10469\/revisions\/10471"}],"wp:featuredmedia":[{"embeddable":true,"href":"https:\/\/contrastes.com.co\/digital\/wp-json\/wp\/v2\/media\/10470"}],"wp:attachment":[{"href":"https:\/\/contrastes.com.co\/digital\/wp-json\/wp\/v2\/media?parent=10469"}],"wp:term":[{"taxonomy":"category","embeddable":true,"href":"https:\/\/contrastes.com.co\/digital\/wp-json\/wp\/v2\/categories?post=10469"},{"taxonomy":"post_tag","embeddable":true,"href":"https:\/\/contrastes.com.co\/digital\/wp-json\/wp\/v2\/tags?post=10469"}],"curies":[{"name":"wp","href":"https:\/\/api.w.org\/{rel}","templated":true}]}}