{"id":10475,"date":"2022-07-27T17:55:17","date_gmt":"2022-07-27T22:55:17","guid":{"rendered":"https:\/\/contrastes.com.co\/digital\/?p=10475"},"modified":"2022-07-27T17:55:17","modified_gmt":"2022-07-27T22:55:17","slug":"barranquilla-mejora-en-alimentacion-incrementa-46-puntos-segun-el-dane","status":"publish","type":"post","link":"https:\/\/contrastes.com.co\/digital\/barranquilla-mejora-en-alimentacion-incrementa-46-puntos-segun-el-dane\/","title":{"rendered":"Barranquilla mejora en alimentaci\u00f3n: incrementa 46 puntos, seg\u00fan el DANE"},"content":{"rendered":"<p><strong>*Barranquilla mejora en alimentaci\u00f3n: incrementa 46 puntos, seg\u00fan el DANE<\/strong><\/p>\n<blockquote><p><strong>Las cifras en Barranquilla en materia de seguridad alimentaria est\u00e1n mejorando, seg\u00fan revel\u00f3 la encuesta de Pulso Social, publicada por el DANE, con un incremento frente al a\u00f1o anterior de 46 puntos.<\/strong><\/p><\/blockquote>\n<p><img loading=\"lazy\" decoding=\"async\" class=\"alignleft  wp-image-8529\" src=\"https:\/\/contrastes.com.co\/digital\/wp-content\/uploads\/2022\/03\/e-capitular.png\" alt=\"e capitular\" width=\"55\" height=\"55\" srcset=\"https:\/\/contrastes.com.co\/digital\/wp-content\/uploads\/2022\/03\/e-capitular.png 150w, https:\/\/contrastes.com.co\/digital\/wp-content\/uploads\/2022\/03\/e-capitular-60x60.png 60w\" sizes=\"auto, (max-width: 55px) 100vw, 55px\" \/>n cuanto a la pregunta \u00bfEn promedio cu\u00e1ntas comidas se consum\u00edan en su hogar? Barranquilla mejor\u00f3 notablemente, puesto que para 2021 solo un 29,3% consum\u00edan tres o m\u00e1s comidas al d\u00eda y hoy, producto de la reactivaci\u00f3n econ\u00f3mica y las buenas inversiones en materia social, un 75,7% de los barranquilleros manifest\u00f3 consumir al menos tres veces al d\u00eda.<\/p>\n<p>El <strong>gerente de Desarrollo Social, Alfredo Carbonell,<\/strong> manifiesta que producto de la reactivaci\u00f3n econ\u00f3mica y las buenas inversiones en materia social los programas desarrollados en esta Administraci\u00f3n est\u00e1n teniendo su impacto positivo en la ciudadan\u00eda. \u201cLos programas de seguridad alimentaria hoy llegan a 200.000 personas diariamente: desde la primera infancia, pasando por los colegios p\u00fablicos, hasta los adultos mayores. Est\u00e1n teniendo un efecto positivo y son consecuentes con los indicadores del mercado laboral. Vamos por buen camino\u201d, explica Carbonell.<\/p>\n<p>En cuanto al informe, Barranquilla contin\u00faa mejorando sus indicadores en cuanto a la confianza del consumidor. De acuerdo con el <strong>DANE<\/strong>, la ciudad registr\u00f3 un <strong>\u00cdndice de Confianza del Consumidor (ICC)<\/strong> de 33,9 puntos, un incremento de 2,87 puntos frente al a\u00f1o anterior, que fue de 31 puntos.<\/p>\n<p>Para el <strong>gerente de Ciudad, Juan Manuel Alvarado<\/strong>, este resultado es muy favorable y reconoce la buena labor de la Administraci\u00f3n del <strong>alcalde Jaime Pumarejo<\/strong>. \u201cEl mensaje del alcalde ha sido claro, de ir y atender las necesidades de los ciudadanos. Hace un a\u00f1o entendimos que era el hambre y los programas sociales apuntaron a esa necesidad\u201d.<\/p>\n<p>Es importante mencionar que el ciclo pol\u00edtico y el impacto inflacionario afectan directamente los niveles de confianza de los consumidores. Barranquilla no es ajena a esos impactos, pero sobresale el aspecto de la mejora desde el a\u00f1o anterior y se mantiene como la ciudad con mejor equidad frente a las principales capitales del pa\u00eds.<\/p>\n<p>En cuanto a la situaci\u00f3n econ\u00f3mica, comparada con el a\u00f1o anterior Barranquilla registra un indicador 4.3 puntos porcentuales por debajo del promedio nacional. Para el trimestre abril-junio un 41,7% de las personas jefes de hogar y sus c\u00f3nyuges en Barranquilla afirmaron que la situaci\u00f3n econ\u00f3mica actual de su hogar es \u201cpeor\u201d o \u201cmucho peor\u201d. Este indicador a nivel nacional es de 46%.<\/p>\n<p>Alvarado agrega que si bien es una encuesta que da una informaci\u00f3n es necesario que se desarrolle la <strong>Encuesta Nacional de Situaci\u00f3n Nutricional<\/strong>. \u201cCon esta herramienta podr\u00edamos mostrar la realidad y condiciones alimentarias de los ni\u00f1os, j\u00f3venes y adultos colombianos\u201d, concluye.<\/p>\n","protected":false},"excerpt":{"rendered":"<p>Las cifras en Barranquilla en materia de seguridad alimentaria est\u00e1n mejorando, seg\u00fan revel\u00f3 la encuesta de Pulso Social, publicada por el DANE, con un incremento frente al a\u00f1o anterior de 46 puntos.<\/p>\n","protected":false},"author":1,"featured_media":10476,"comment_status":"open","ping_status":"open","sticky":false,"template":"","format":"standard","meta":{"footnotes":""},"categories":[2059,6506,3955,6],"tags":[1558,2610,526,56,3084,224,6508,5484,5962,6509,401,3001,6507],"class_list":["post-10475","post","type-post","status-publish","format-standard","has-post-thumbnail","hentry","category-crecimiento","category-nutricion","category-politicas-publicas","category-region","tag-alcalde-de-barranquilla","tag-alfredo-carbonell","tag-alimentacion","tag-barranquilla","tag-dane","tag-distrito-de-barranquilla","tag-encuesta-nacional-de-situacion-nutricional","tag-gerente-de-ciudad","tag-gerente-de-desarrollo-social","tag-indice-de-confianza-del-consumidor-icc","tag-jaime-pumerejo","tag-juan-manuel-alvarado","tag-mejora"],"_links":{"self":[{"href":"https:\/\/contrastes.com.co\/digital\/wp-json\/wp\/v2\/posts\/10475","targetHints":{"allow":["GET"]}}],"collection":[{"href":"https:\/\/contrastes.com.co\/digital\/wp-json\/wp\/v2\/posts"}],"about":[{"href":"https:\/\/contrastes.com.co\/digital\/wp-json\/wp\/v2\/types\/post"}],"author":[{"embeddable":true,"href":"https:\/\/contrastes.com.co\/digital\/wp-json\/wp\/v2\/users\/1"}],"replies":[{"embeddable":true,"href":"https:\/\/contrastes.com.co\/digital\/wp-json\/wp\/v2\/comments?post=10475"}],"version-history":[{"count":1,"href":"https:\/\/contrastes.com.co\/digital\/wp-json\/wp\/v2\/posts\/10475\/revisions"}],"predecessor-version":[{"id":10477,"href":"https:\/\/contrastes.com.co\/digital\/wp-json\/wp\/v2\/posts\/10475\/revisions\/10477"}],"wp:featuredmedia":[{"embeddable":true,"href":"https:\/\/contrastes.com.co\/digital\/wp-json\/wp\/v2\/media\/10476"}],"wp:attachment":[{"href":"https:\/\/contrastes.com.co\/digital\/wp-json\/wp\/v2\/media?parent=10475"}],"wp:term":[{"taxonomy":"category","embeddable":true,"href":"https:\/\/contrastes.com.co\/digital\/wp-json\/wp\/v2\/categories?post=10475"},{"taxonomy":"post_tag","embeddable":true,"href":"https:\/\/contrastes.com.co\/digital\/wp-json\/wp\/v2\/tags?post=10475"}],"curies":[{"name":"wp","href":"https:\/\/api.w.org\/{rel}","templated":true}]}}