{"id":10487,"date":"2022-07-26T18:33:44","date_gmt":"2022-07-26T23:33:44","guid":{"rendered":"https:\/\/contrastes.com.co\/digital\/?p=10487"},"modified":"2022-07-27T18:37:19","modified_gmt":"2022-07-27T23:37:19","slug":"cuando-transitaba-en-su-bicicleta-fallecio-arrollado-por-un-bus-alimentador-del-transmetro","status":"publish","type":"post","link":"https:\/\/contrastes.com.co\/digital\/cuando-transitaba-en-su-bicicleta-fallecio-arrollado-por-un-bus-alimentador-del-transmetro\/","title":{"rendered":"Cuando transitaba en su bicicleta falleci\u00f3 arrollado por un bus alimentador del Transmetro"},"content":{"rendered":"<p><strong>*Cuando transitaba en su bicicleta falleci\u00f3 arrollado por un bus alimentador del Transmetro<\/strong><\/p>\n<blockquote><p><strong>Fue la misma comunidad que auxili\u00f3 a Jeison y en una ambulancia lo llevaron a la mencionada cl\u00ednica, pero all\u00ed se confirm\u00f3 su deceso un d\u00eda despu\u00e9s tras registrar fracturas en la pelvis.<\/strong><\/p><\/blockquote>\n<p><img loading=\"lazy\" decoding=\"async\" class=\"alignleft  wp-image-8657\" src=\"https:\/\/contrastes.com.co\/digital\/wp-content\/uploads\/2022\/03\/u-capitular.png\" alt=\"u capitular\" width=\"54\" height=\"54\" srcset=\"https:\/\/contrastes.com.co\/digital\/wp-content\/uploads\/2022\/03\/u-capitular.png 100w, https:\/\/contrastes.com.co\/digital\/wp-content\/uploads\/2022\/03\/u-capitular-60x60.png 60w\" sizes=\"auto, (max-width: 54px) 100vw, 54px\" \/>n alba\u00f1il de 39 a\u00f1os falleci\u00f3 el d\u00eda anterior en la <strong>Cl\u00ednica Adela de Char de Soledad<\/strong> tras sufrir un accidente de tr\u00e1nsito el domingo 24 de julio en una calle del <strong>barrio La Central<\/strong>. El hombre respond\u00eda al nombre de Jeison Jos\u00e9 Bujato Buelvas.<\/p>\n<p>Rosa Mar\u00eda Arrieta, cu\u00f1ada de la v\u00edctima, manifest\u00f3 que su familiar ven\u00eda de la casa de su patr\u00f3n en bicicleta cuando se present\u00f3 el accidente. \u00abFue un<strong> bus alimentador de Transmetro<\/strong> que lo golpe\u00f3 por detr\u00e1s y luego le pas\u00f3 por encima\u00bb, cont\u00f3 la cu\u00f1ada.<\/p>\n<p>La mujer precis\u00f3 que fue la misma comunidad que auxili\u00f3 a Jeison y en una ambulancia lo llevaron a la mencionada cl\u00ednica, pero all\u00ed se confirm\u00f3 su deceso un d\u00eda despu\u00e9s tras registrar fracturas en la pelvis.<\/p>\n<p>El hombre dej\u00f3 un hijo de una relaci\u00f3n anterior y resid\u00eda en el barrio Ciudad Caribe II, en el municipio de Malambo. Tras consultar a <strong>Transmetro<\/strong>, la empresa precis\u00f3 que no tienen registros recientes sobre accidentes de su flota en el barrio La Central y tampoco requerimiento de autoridad de tr\u00e1nsito.<\/p>\n","protected":false},"excerpt":{"rendered":"<p>Un alba\u00f1il de 39 a\u00f1os falleci\u00f3 el d\u00eda anterior en la Cl\u00ednica Adela de Char de Soledad tras sufrir un accidente de tr\u00e1nsito el domingo 24 de julio en una calle del barrio La Central. El hombre respond\u00eda al nombre de Jeison Jos\u00e9 Bujato Buelvas.<\/p>\n","protected":false},"author":1,"featured_media":10488,"comment_status":"open","ping_status":"open","sticky":false,"template":"","format":"standard","meta":{"footnotes":""},"categories":[6,1247],"tags":[6517,5986,1044,6518,38],"class_list":["post-10487","post","type-post","status-publish","format-standard","has-post-thumbnail","hentry","category-region","category-sucesos","tag-albanil","tag-arrollamiento","tag-barrio-la-central","tag-bus-transmetro","tag-municipio-de-soledad"],"_links":{"self":[{"href":"https:\/\/contrastes.com.co\/digital\/wp-json\/wp\/v2\/posts\/10487","targetHints":{"allow":["GET"]}}],"collection":[{"href":"https:\/\/contrastes.com.co\/digital\/wp-json\/wp\/v2\/posts"}],"about":[{"href":"https:\/\/contrastes.com.co\/digital\/wp-json\/wp\/v2\/types\/post"}],"author":[{"embeddable":true,"href":"https:\/\/contrastes.com.co\/digital\/wp-json\/wp\/v2\/users\/1"}],"replies":[{"embeddable":true,"href":"https:\/\/contrastes.com.co\/digital\/wp-json\/wp\/v2\/comments?post=10487"}],"version-history":[{"count":1,"href":"https:\/\/contrastes.com.co\/digital\/wp-json\/wp\/v2\/posts\/10487\/revisions"}],"predecessor-version":[{"id":10489,"href":"https:\/\/contrastes.com.co\/digital\/wp-json\/wp\/v2\/posts\/10487\/revisions\/10489"}],"wp:featuredmedia":[{"embeddable":true,"href":"https:\/\/contrastes.com.co\/digital\/wp-json\/wp\/v2\/media\/10488"}],"wp:attachment":[{"href":"https:\/\/contrastes.com.co\/digital\/wp-json\/wp\/v2\/media?parent=10487"}],"wp:term":[{"taxonomy":"category","embeddable":true,"href":"https:\/\/contrastes.com.co\/digital\/wp-json\/wp\/v2\/categories?post=10487"},{"taxonomy":"post_tag","embeddable":true,"href":"https:\/\/contrastes.com.co\/digital\/wp-json\/wp\/v2\/tags?post=10487"}],"curies":[{"name":"wp","href":"https:\/\/api.w.org\/{rel}","templated":true}]}}