{"id":1052,"date":"2020-05-20T21:08:26","date_gmt":"2020-05-21T02:08:26","guid":{"rendered":"https:\/\/contrastes.com.co\/digital\/?p=1052"},"modified":"2020-07-02T23:34:37","modified_gmt":"2020-07-03T04:34:37","slug":"soledad-incluyo-acciones-a-favor-de-la-diversidad-cultural-en-plan-de-desarrollo","status":"publish","type":"post","link":"https:\/\/contrastes.com.co\/digital\/soledad-incluyo-acciones-a-favor-de-la-diversidad-cultural-en-plan-de-desarrollo\/","title":{"rendered":"Acciones a favor de la diversidad cultural en el Plan de Desarrollo"},"content":{"rendered":"\n<div class=\"wp-block-group\"><div class=\"wp-block-group__inner-container is-layout-flow wp-block-group-is-layout-flow\">\n<blockquote><strong>\u201cSoledad se ha caracterizado desde siempre por su cultura y rica diversidad. Para llegar al desarrollo y estabilidad del municipio es de vital importancia superar la divisi\u00f3n entre culturas. Para ello, se ha propuesto brindar el apoyo a las distintas comunidades y promover entre la ciudadan\u00eda el respeto por la diversidad y la erradicaci\u00f3n de todas las pr\u00e1cticas discriminatorias\u201d: Rodolfo Ucr\u00f3s.<\/strong><\/blockquote>\n<p><img loading=\"lazy\" decoding=\"async\" class=\"alignleft  wp-image-845\" src=\"https:\/\/contrastes.com.co\/digital\/wp-content\/uploads\/2020\/05\/e-capitular.png\" alt=\"e capitular\" width=\"85\" height=\"85\" srcset=\"https:\/\/contrastes.com.co\/digital\/wp-content\/uploads\/2020\/05\/e-capitular.png 100w, https:\/\/contrastes.com.co\/digital\/wp-content\/uploads\/2020\/05\/e-capitular-60x60.png 60w\" sizes=\"auto, (max-width: 85px) 100vw, 85px\" \/>n el marco de la conmemoraci\u00f3n del D\u00eda Mundial de la Diversidad Cultural para el Di\u00e1logo y Desarrollo, a celebrarse ma\u00f1ana 21 de mayo, el alcalde Rodolfo Ucr\u00f3s Rosales, expres\u00f3 que su gobierno incluy\u00f3 acciones a favor de ese prop\u00f3sito en el Plan de Desarrollo 2020-2023.<\/p>\n<p>\u201cEl municipio de Soledad se ha caracterizado desde siempre por su cultura y rica diversidad. Para llegar al desarrollo y estabilidad del municipio es de vital importancia superar la divisi\u00f3n entre culturas. Para ello, se ha propuesto brindar el apoyo a las distintas comunidades y promover entre la ciudadan\u00eda el respeto por la diversidad y la erradicaci\u00f3n de todas las pr\u00e1cticas discriminatorias\u201d, dijo el alcalde solede\u00f1o.<\/p>\n<p>\u201cDebemos aprovechar nuestra diversidad cultural como fuerza motriz de desarrollo. As\u00ed, trabajando juntos, ayudamos al crecimiento econ\u00f3mico y social de nuestro municipio\u201d, agreg\u00f3 el alcalde, Rodolfo Ucr\u00f3s.<\/p>\n<p>A su vez, tambi\u00e9n se espera crear de la mano del secretario municipal de Cultura, Domingo Amar\u00eds, varios proyectos autosostenibles encaminados al enfoque de g\u00e9nero y raza diferencial.<\/p>\n<p>\u201cCon esto buscamos incluir las diversas comunidades y ayudarlas a ser partes activas de la sociedad, impulsando proyectos que los ayuden a crecer personal y profesionalmente\u201d, se\u00f1al\u00f3 Amar\u00eds.<\/p>\n<p>Adem\u00e1s, con la Secretar\u00eda Municipal de Educaci\u00f3n se busca dise\u00f1ar estrategias de promoci\u00f3n a favor de estas comunidades. Todo esto con la finalidad de inculcar el respeto por la diversidad y conseguir erradicar de la juventud cualquier pr\u00e1ctica discriminatoria y de esta manera tener una vida intelectual, afectiva, moral y espiritual m\u00e1s enriquecedora.<\/p>\n<p>De acuerdo con la Unesco, \u201cla diversidad cultural es patrimonio com\u00fan de la humanidad. Es una fuente de renovaci\u00f3n de las ideas y de las sociedades, que permite a los seres humanos abrirse a los dem\u00e1s y concebir nuevas formas de pensar. Esta diversidad es una oportunidad para la paz y el desarrollo sostenible\u201d.<\/p>\n<\/div><\/div>\n","protected":false},"excerpt":{"rendered":"<p>\u201cSoledad se ha caracterizado desde siempre por su cultura y rica diversidad. Para llegar al desarrollo y estabilidad del municipio es de vital importancia superar la divisi\u00f3n entre culturas. Para ello, se ha propuesto brindar el apoyo a las distintas comunidades y promover entre la ciudadan\u00eda el respeto por la diversidad y la erradicaci\u00f3n de [&hellip;]<\/p>\n","protected":false},"author":1,"featured_media":1053,"comment_status":"open","ping_status":"open","sticky":false,"template":"","format":"standard","meta":{"footnotes":""},"categories":[64,2,5],"tags":[35,343,344,225,345],"class_list":["post-1052","post","type-post","status-publish","format-standard","has-post-thumbnail","hentry","category-cultura","category-locales","category-politica","tag-alcaldia-de-soledad","tag-diversidad-cultural","tag-domingo-amaris","tag-plan-de-desarrollo-2020-2023","tag-secretario-de-cultura"],"_links":{"self":[{"href":"https:\/\/contrastes.com.co\/digital\/wp-json\/wp\/v2\/posts\/1052","targetHints":{"allow":["GET"]}}],"collection":[{"href":"https:\/\/contrastes.com.co\/digital\/wp-json\/wp\/v2\/posts"}],"about":[{"href":"https:\/\/contrastes.com.co\/digital\/wp-json\/wp\/v2\/types\/post"}],"author":[{"embeddable":true,"href":"https:\/\/contrastes.com.co\/digital\/wp-json\/wp\/v2\/users\/1"}],"replies":[{"embeddable":true,"href":"https:\/\/contrastes.com.co\/digital\/wp-json\/wp\/v2\/comments?post=1052"}],"version-history":[{"count":6,"href":"https:\/\/contrastes.com.co\/digital\/wp-json\/wp\/v2\/posts\/1052\/revisions"}],"predecessor-version":[{"id":1676,"href":"https:\/\/contrastes.com.co\/digital\/wp-json\/wp\/v2\/posts\/1052\/revisions\/1676"}],"wp:featuredmedia":[{"embeddable":true,"href":"https:\/\/contrastes.com.co\/digital\/wp-json\/wp\/v2\/media\/1053"}],"wp:attachment":[{"href":"https:\/\/contrastes.com.co\/digital\/wp-json\/wp\/v2\/media?parent=1052"}],"wp:term":[{"taxonomy":"category","embeddable":true,"href":"https:\/\/contrastes.com.co\/digital\/wp-json\/wp\/v2\/categories?post=1052"},{"taxonomy":"post_tag","embeddable":true,"href":"https:\/\/contrastes.com.co\/digital\/wp-json\/wp\/v2\/tags?post=1052"}],"curies":[{"name":"wp","href":"https:\/\/api.w.org\/{rel}","templated":true}]}}