{"id":10524,"date":"2022-07-28T13:55:13","date_gmt":"2022-07-28T18:55:13","guid":{"rendered":"https:\/\/contrastes.com.co\/digital\/?p=10524"},"modified":"2022-07-28T13:55:13","modified_gmt":"2022-07-28T18:55:13","slug":"soledad-se-vincula-a-tercera-jornada-nacional-de-vacunacion-del-2022","status":"publish","type":"post","link":"https:\/\/contrastes.com.co\/digital\/soledad-se-vincula-a-tercera-jornada-nacional-de-vacunacion-del-2022\/","title":{"rendered":"Soledad se vincula a tercera Jornada Nacional de Vacunaci\u00f3n del 2022"},"content":{"rendered":"<p><strong>*Soledad se vincula a tercera Jornada Nacional de Vacunaci\u00f3n del 2022<\/strong><\/p>\n<blockquote><p><strong>\u201cContinuamos llegando con Salud P\u00fablica, barrio a barrio para concientizar a padres de familias y mujeres embarazadas a acudir de forma masiva para aplicarse los biol\u00f3gicos. Queremos prevenir enfermedades en nuestra poblaci\u00f3n. Invitamos a todos a participar\u201d: Rodolfo Ucr\u00f3s.<\/strong><\/p><\/blockquote>\n<p><img loading=\"lazy\" decoding=\"async\" class=\"alignleft  wp-image-8529\" src=\"https:\/\/contrastes.com.co\/digital\/wp-content\/uploads\/2022\/03\/e-capitular.png\" alt=\"e capitular\" width=\"69\" height=\"69\" srcset=\"https:\/\/contrastes.com.co\/digital\/wp-content\/uploads\/2022\/03\/e-capitular.png 150w, https:\/\/contrastes.com.co\/digital\/wp-content\/uploads\/2022\/03\/e-capitular-60x60.png 60w\" sizes=\"auto, (max-width: 69px) 100vw, 69px\" \/>ste s\u00e1bado, 30 de julio, se desarrollar\u00e1 la <strong>tercera Jornada Nacional de Vacunaci\u00f3n<\/strong> y el personal de Salud de la <strong>Alcald\u00eda de Soledad<\/strong> se vincula a este gran compromiso donde se proyecta aplicar 3.421 dosis. A esta jornada podr\u00e1n acceder menores entre los 6 y los 17 a\u00f1os, y mujeres embarazadas. Podr\u00e1n vacunarse contra la hepatitis, pentavalente, polio, rotavirus, neumococo, fiebre amarilla, varicela, triple viral, papiloma humano (VPH), influenza y t\u00e9tano, entre otros biol\u00f3gicos.<\/p>\n<p>Un total de 17 puntos de la red p\u00fablica y privada estar\u00e1n habilitados entre las 8:00 de la ma\u00f1ana y las 4:00 de la tarde. En la jornada tambi\u00e9n se inmunizar\u00e1 contra el Covid-19.<\/p>\n<p>El <strong>alcalde de Soledad, Rodolfo Ucr\u00f3s Rosales,<\/strong> record\u00f3 la importancia de iniciar, completar o finalizar los esquemas de vacunaci\u00f3n. \u201cContinuamos llegando con Salud P\u00fablica, barrio a barrio para concientizar a padres de familias y mujeres embarazadas a acudir de forma masiva para aplicarse los biol\u00f3gicos. Queremos prevenir enfermedades en nuestra poblaci\u00f3n. Invitamos a todos a participar\u201d, enfatiz\u00f3 el mandatario.<\/p>\n<p>La apertura de la actividad ser\u00e1 a las 8:00 de la ma\u00f1ana, en el barrio 7 de agosto (carrera 21 con calle 9).\u00a0 Simult\u00e1neamente se habilitar\u00e1n los centros de salud del Hospital Materno Infantil de Soledad; cl\u00ednicas de la Polic\u00eda, Porvenir, Adela de Char y Los Almendros; Sanitas y Sura (calle 30); Nueva EPS (calle 21), Viva 1A Moras, Salud Total del centro comercial Carnaval y calle 30.<\/p>\n","protected":false},"excerpt":{"rendered":"<p>Este s\u00e1bado, 30 de julio, se desarrollar\u00e1 la tercera Jornada Nacional de Vacunaci\u00f3n y el personal de Salud de la Alcald\u00eda de Soledad se vincula a este gran compromiso donde se proyecta aplicar 3.421 dosis.<\/p>\n","protected":false},"author":1,"featured_media":10525,"comment_status":"open","ping_status":"open","sticky":false,"template":"","format":"standard","meta":{"footnotes":""},"categories":[2,268,2861],"tags":[131,38,1848,6543],"class_list":["post-10524","post","type-post","status-publish","format-standard","has-post-thumbnail","hentry","category-locales","category-salud","category-vacunacion","tag-alcalde-de-soledad","tag-municipio-de-soledad","tag-rodolfo-ucros-rosales","tag-tercera-jornada-nacional-de-vacunacion-del-2022"],"_links":{"self":[{"href":"https:\/\/contrastes.com.co\/digital\/wp-json\/wp\/v2\/posts\/10524","targetHints":{"allow":["GET"]}}],"collection":[{"href":"https:\/\/contrastes.com.co\/digital\/wp-json\/wp\/v2\/posts"}],"about":[{"href":"https:\/\/contrastes.com.co\/digital\/wp-json\/wp\/v2\/types\/post"}],"author":[{"embeddable":true,"href":"https:\/\/contrastes.com.co\/digital\/wp-json\/wp\/v2\/users\/1"}],"replies":[{"embeddable":true,"href":"https:\/\/contrastes.com.co\/digital\/wp-json\/wp\/v2\/comments?post=10524"}],"version-history":[{"count":1,"href":"https:\/\/contrastes.com.co\/digital\/wp-json\/wp\/v2\/posts\/10524\/revisions"}],"predecessor-version":[{"id":10526,"href":"https:\/\/contrastes.com.co\/digital\/wp-json\/wp\/v2\/posts\/10524\/revisions\/10526"}],"wp:featuredmedia":[{"embeddable":true,"href":"https:\/\/contrastes.com.co\/digital\/wp-json\/wp\/v2\/media\/10525"}],"wp:attachment":[{"href":"https:\/\/contrastes.com.co\/digital\/wp-json\/wp\/v2\/media?parent=10524"}],"wp:term":[{"taxonomy":"category","embeddable":true,"href":"https:\/\/contrastes.com.co\/digital\/wp-json\/wp\/v2\/categories?post=10524"},{"taxonomy":"post_tag","embeddable":true,"href":"https:\/\/contrastes.com.co\/digital\/wp-json\/wp\/v2\/tags?post=10524"}],"curies":[{"name":"wp","href":"https:\/\/api.w.org\/{rel}","templated":true}]}}