{"id":10528,"date":"2022-07-29T20:55:25","date_gmt":"2022-07-30T01:55:25","guid":{"rendered":"https:\/\/contrastes.com.co\/digital\/?p=10528"},"modified":"2022-08-01T20:59:30","modified_gmt":"2022-08-02T01:59:30","slug":"8-anos-de-carcel-para-shakira-pide-fiscalia-espanola","status":"publish","type":"post","link":"https:\/\/contrastes.com.co\/digital\/8-anos-de-carcel-para-shakira-pide-fiscalia-espanola\/","title":{"rendered":"8 a\u00f1os de c\u00e1rcel para Shakira pide fiscal\u00eda espa\u00f1ola"},"content":{"rendered":"<p><strong>8 a\u00f1os de c\u00e1rcel para Shakira pide fiscal\u00eda espa\u00f1ola | Noticias RPTV<\/strong><\/p>\n<blockquote><p><strong>La fiscal\u00eda de Barcelona pide una condena de m\u00e1s de ocho a\u00f1os de c\u00e1rcel y una multa de m\u00e1s de US$24 millones para la estrella colombiana Shakira.<\/strong><\/p><\/blockquote>\n<p><img loading=\"lazy\" decoding=\"async\" class=\"alignleft wp-image-8529\" src=\"https:\/\/contrastes.com.co\/digital\/wp-content\/uploads\/2022\/03\/e-capitular.png\" alt=\"e capitular\" width=\"56\" height=\"56\" srcset=\"https:\/\/contrastes.com.co\/digital\/wp-content\/uploads\/2022\/03\/e-capitular.png 150w, https:\/\/contrastes.com.co\/digital\/wp-content\/uploads\/2022\/03\/e-capitular-60x60.png 60w\" sizes=\"auto, (max-width: 56px) 100vw, 56px\" \/>l organismo present\u00f3 este viernes el escrito de acusaci\u00f3n, que atribuye a la artista de 45 a\u00f1os haber defraudado 14,5 millones de euros (US$14,8 millones) en impuestos en los a\u00f1os 2012, 2013 y 2014.<\/p>\n<p>Shakira, que se declara inocente, rechaz\u00f3 este mi\u00e9rcoles llegar a un acuerdo para rebajar las penas y eludir un juicio, asegur\u00f3 ser v\u00edctima de una \u00abpersecuci\u00f3n\u00bb y manifest\u00f3 su intenci\u00f3n de llegar hasta el final del proceso.<\/p>\n<p><iframe loading=\"lazy\" style=\"border: none; overflow: hidden;\" src=\"https:\/\/www.facebook.com\/plugins\/video.php?height=314&amp;href=https%3A%2F%2Fwww.facebook.com%2Fsoycontrastes%2Fvideos%2F2322556754559277%2F&amp;show_text=false&amp;width=560&amp;t=0\" width=\"560\" height=\"314\" frameborder=\"0\" scrolling=\"no\" allowfullscreen=\"allowfullscreen\"><\/iframe><\/p>\n<p>Un tribunal de Barcelona decidir\u00e1 ahora si abre juicio oral a la cantante, que hasta el \u00faltimo momento tiene abierta la posibilidad de alcanzar un pacto con la fiscal\u00eda.<\/p>\n","protected":false},"excerpt":{"rendered":"<p>El organismo present\u00f3 este viernes el escrito de acusaci\u00f3n, que atribuye a la artista de 45 a\u00f1os haber defraudado 14,5 millones de euros (US$14,8 millones) en impuestos en los a\u00f1os 2012, 2013 y 2014.<\/p>\n","protected":false},"author":1,"featured_media":10529,"comment_status":"open","ping_status":"open","sticky":false,"template":"","format":"standard","meta":{"footnotes":""},"categories":[973,11,2047,4,113,4995],"tags":[6552,6549,6550,6551,6548],"class_list":["post-10528","post","type-post","status-publish","format-standard","has-post-thumbnail","hentry","category-mujer","category-mundo","category-musica","category-pais","category-personajes","category-television-web","tag-evasion-de-impuestos","tag-fiscalia-espanola","tag-multa","tag-presidio","tag-shakira"],"_links":{"self":[{"href":"https:\/\/contrastes.com.co\/digital\/wp-json\/wp\/v2\/posts\/10528","targetHints":{"allow":["GET"]}}],"collection":[{"href":"https:\/\/contrastes.com.co\/digital\/wp-json\/wp\/v2\/posts"}],"about":[{"href":"https:\/\/contrastes.com.co\/digital\/wp-json\/wp\/v2\/types\/post"}],"author":[{"embeddable":true,"href":"https:\/\/contrastes.com.co\/digital\/wp-json\/wp\/v2\/users\/1"}],"replies":[{"embeddable":true,"href":"https:\/\/contrastes.com.co\/digital\/wp-json\/wp\/v2\/comments?post=10528"}],"version-history":[{"count":1,"href":"https:\/\/contrastes.com.co\/digital\/wp-json\/wp\/v2\/posts\/10528\/revisions"}],"predecessor-version":[{"id":10530,"href":"https:\/\/contrastes.com.co\/digital\/wp-json\/wp\/v2\/posts\/10528\/revisions\/10530"}],"wp:featuredmedia":[{"embeddable":true,"href":"https:\/\/contrastes.com.co\/digital\/wp-json\/wp\/v2\/media\/10529"}],"wp:attachment":[{"href":"https:\/\/contrastes.com.co\/digital\/wp-json\/wp\/v2\/media?parent=10528"}],"wp:term":[{"taxonomy":"category","embeddable":true,"href":"https:\/\/contrastes.com.co\/digital\/wp-json\/wp\/v2\/categories?post=10528"},{"taxonomy":"post_tag","embeddable":true,"href":"https:\/\/contrastes.com.co\/digital\/wp-json\/wp\/v2\/tags?post=10528"}],"curies":[{"name":"wp","href":"https:\/\/api.w.org\/{rel}","templated":true}]}}