{"id":10581,"date":"2022-08-01T15:00:18","date_gmt":"2022-08-01T20:00:18","guid":{"rendered":"https:\/\/contrastes.com.co\/digital\/?p=10581"},"modified":"2022-08-05T15:04:26","modified_gmt":"2022-08-05T20:04:26","slug":"autoridades-avanzan-en-acciones-para-garantizar-seguridad-de-conductores-de-buses-de-transporte-publico","status":"publish","type":"post","link":"https:\/\/contrastes.com.co\/digital\/autoridades-avanzan-en-acciones-para-garantizar-seguridad-de-conductores-de-buses-de-transporte-publico\/","title":{"rendered":"Autoridades avanzan en acciones para garantizar seguridad de conductores de buses de transporte p\u00fablico."},"content":{"rendered":"<p><strong>*Autoridades avanzan en acciones para garantizar seguridad de conductores de buses de transporte p\u00fablico.<\/strong><\/p>\n<blockquote><p><strong>\u201cLa Polic\u00eda Nacional incrementar\u00e1 su pie de fuerza con 1.000 uniformados que estar\u00e1n en distintos lugares del \u00e1rea metropolitana de Barranquilla garantizando la seguridad de los conductores\u201d, se\u00f1al\u00f3 el alcalde de Soledad.<\/strong><\/p><\/blockquote>\n<p><img loading=\"lazy\" decoding=\"async\" class=\"alignleft  wp-image-8529\" src=\"https:\/\/contrastes.com.co\/digital\/wp-content\/uploads\/2022\/03\/e-capitular.png\" alt=\"e capitular\" width=\"68\" height=\"68\" srcset=\"https:\/\/contrastes.com.co\/digital\/wp-content\/uploads\/2022\/03\/e-capitular.png 150w, https:\/\/contrastes.com.co\/digital\/wp-content\/uploads\/2022\/03\/e-capitular-60x60.png 60w\" sizes=\"auto, (max-width: 68px) 100vw, 68px\" \/>n virtud de lo anterior, se llev\u00f3 a cabo un<strong> Consejo Metropolitano de Seguridad Ciudadana<\/strong>, liderado por el <strong>subdirector Nacional de la Polic\u00eda, General Hoover Penilla<\/strong>, con la participaci\u00f3n de la gobernadora del Atl\u00e1ntico, <strong>Elsa Noguera; el alcalde de Soledad, Rodolfo Ucr\u00f3s Rosales; el alcalde de Barranquilla, Jaime Pumarejo, y representantes del Ej\u00e9rcito Nacional y de las empresas transportadoras.<\/strong><\/p>\n<p>El alcalde Ucr\u00f3s Rosales indic\u00f3 que se implementar\u00e1n acciones para neutralizar los hechos delictivos que se han presentado en el \u00e1rea metropolitana durante los \u00faltimos d\u00edas. \u201cLa Polic\u00eda Nacional incrementar\u00e1 su pie de fuerza con 1.000 uniformados que estar\u00e1n en distintos lugares del \u00e1rea metropolitana de Barranquilla garantizando la seguridad de los conductores\u201d, se\u00f1al\u00f3 el alcalde de Soledad.<\/p>\n<p>El mandatario precis\u00f3 que se incrementar\u00e1 el acompa\u00f1amiento en las rutas de los buses y, a su vez, 150 hombres del Ej\u00e9rcito fortalecer\u00e1n estas acciones. \u201cLa Fuerza A\u00e9rea, por su parte, realizar\u00e1 sobrevuelos en el \u00e1rea\u201d, agreg\u00f3 Ucr\u00f3s Rosales, quien afirm\u00f3 que tambi\u00e9n se trabaja en operativos de inteligencia militar y policial.<\/p>\n","protected":false},"excerpt":{"rendered":"<p>En virtud de lo anterior, se llev\u00f3 a cabo un Consejo Metropolitano de Seguridad Ciudadana, liderado por el subdirector Nacional de la Polic\u00eda, General Hoover Penilla, con la participaci\u00f3n de la gobernadora del Atl\u00e1ntico, Elsa Noguera; el alcalde de Soledad, Rodolfo Ucr\u00f3s Rosales; el alcalde de Barranquilla, Jaime Pumarejo, y representantes del Ej\u00e9rcito Nacional y de las empresas transportadoras.<\/p>\n","protected":false},"author":1,"featured_media":10582,"comment_status":"open","ping_status":"open","sticky":false,"template":"","format":"standard","meta":{"footnotes":""},"categories":[1462,10,2,6,998],"tags":[4370,6583,224,6558,30,5316,38,6557,4373],"class_list":["post-10581","post","type-post","status-publish","format-standard","has-post-thumbnail","hentry","category-inseguridad","category-judicial","category-locales","category-region","category-seguridad-ciudadana","tag-conductores-de-buses","tag-consejo-de-seguridad-metropolitano","tag-distrito-de-barranquilla","tag-general-hoover-penilla","tag-gobernacion-del-atlantico","tag-inseguridad","tag-municipio-de-soledad","tag-subdirector-nacional-de-la-policia","tag-transporte-publico"],"_links":{"self":[{"href":"https:\/\/contrastes.com.co\/digital\/wp-json\/wp\/v2\/posts\/10581","targetHints":{"allow":["GET"]}}],"collection":[{"href":"https:\/\/contrastes.com.co\/digital\/wp-json\/wp\/v2\/posts"}],"about":[{"href":"https:\/\/contrastes.com.co\/digital\/wp-json\/wp\/v2\/types\/post"}],"author":[{"embeddable":true,"href":"https:\/\/contrastes.com.co\/digital\/wp-json\/wp\/v2\/users\/1"}],"replies":[{"embeddable":true,"href":"https:\/\/contrastes.com.co\/digital\/wp-json\/wp\/v2\/comments?post=10581"}],"version-history":[{"count":1,"href":"https:\/\/contrastes.com.co\/digital\/wp-json\/wp\/v2\/posts\/10581\/revisions"}],"predecessor-version":[{"id":10583,"href":"https:\/\/contrastes.com.co\/digital\/wp-json\/wp\/v2\/posts\/10581\/revisions\/10583"}],"wp:featuredmedia":[{"embeddable":true,"href":"https:\/\/contrastes.com.co\/digital\/wp-json\/wp\/v2\/media\/10582"}],"wp:attachment":[{"href":"https:\/\/contrastes.com.co\/digital\/wp-json\/wp\/v2\/media?parent=10581"}],"wp:term":[{"taxonomy":"category","embeddable":true,"href":"https:\/\/contrastes.com.co\/digital\/wp-json\/wp\/v2\/categories?post=10581"},{"taxonomy":"post_tag","embeddable":true,"href":"https:\/\/contrastes.com.co\/digital\/wp-json\/wp\/v2\/tags?post=10581"}],"curies":[{"name":"wp","href":"https:\/\/api.w.org\/{rel}","templated":true}]}}