{"id":10618,"date":"2022-08-08T14:30:23","date_gmt":"2022-08-08T19:30:23","guid":{"rendered":"https:\/\/contrastes.com.co\/digital\/?p=10618"},"modified":"2022-08-08T14:30:23","modified_gmt":"2022-08-08T19:30:23","slug":"gustavo-petro-y-gabriel-boric-acordaron-revitalizar-la-comunidad-andina","status":"publish","type":"post","link":"https:\/\/contrastes.com.co\/digital\/gustavo-petro-y-gabriel-boric-acordaron-revitalizar-la-comunidad-andina\/","title":{"rendered":"Gustavo Petro y Gabriel Boric acordaron \u201crevitalizar\u201d la Comunidad Andina"},"content":{"rendered":"<p><strong>*Gustavo Petro y Gabriel Boric acordaron \u201crevitalizar\u201d la Comunidad Andina<\/strong><\/p>\n<blockquote><p><strong>Los mandatarios, que se reunieron este lunes en Bogot\u00e1, tambi\u00e9n plantearon trabajar conjuntamente en pro del medioambiente, la transici\u00f3n energ\u00e9tica, la migraci\u00f3n y el cuidado de las etnias de cada pa\u00eds<\/strong><\/p><\/blockquote>\n<p><img loading=\"lazy\" decoding=\"async\" class=\"alignleft  wp-image-8529\" src=\"https:\/\/contrastes.com.co\/digital\/wp-content\/uploads\/2022\/03\/e-capitular.png\" alt=\"e capitular\" width=\"67\" height=\"67\" srcset=\"https:\/\/contrastes.com.co\/digital\/wp-content\/uploads\/2022\/03\/e-capitular.png 150w, https:\/\/contrastes.com.co\/digital\/wp-content\/uploads\/2022\/03\/e-capitular-60x60.png 60w\" sizes=\"auto, (max-width: 67px) 100vw, 67px\" \/>n su primer d\u00eda como <strong>presidente de Colombia, Gustavo Petro<\/strong> sostendr\u00e1 reuniones privadas con varios dirigentes latinoamericanos. El primero de estos encuentros fue con su <strong>hom\u00f3logo chileno, Gabriel Boric,<\/strong> con quien acord\u00f3 en principio que ambas naciones trabajar\u00e1n conjuntamente en pro del medioambiente, pol\u00edticas feministas, la migraci\u00f3n y el cuidado de las etnias de cada pa\u00eds. As\u00ed mismo, los mandatarios anunciaron que buscar\u00e1n <strong>\u201crevitalizar\u201d la Comunidad Andina.<\/strong><\/p>\n<p>Acerca de la Comunidad Andina, Petro asegur\u00f3 que esta, en su momento, jug\u00f3 un papel importante planificaci\u00f3n de industrializaci\u00f3n de los pa\u00edses que lo conformaban, por lo que ahora es necesario retomarla con ese mismo prop\u00f3sito. Cabe anotar que la propuesta va en l\u00ednea con lo expresado por el mandatario en su posesi\u00f3n en relaci\u00f3n con su voluntad de generar alianzas y unir a la regi\u00f3n.<\/p>\n<blockquote><p><strong>\u201cHemos tenido una conversaci\u00f3n sobre temas que comienzan un proceso de elaboraci\u00f3n. Hemos hablado, particularmente de revitalizar la Comunidad Andina, un tema que se construy\u00f3 hace varias d\u00e9cadas entre nuestros pa\u00edses. (&#8230;) Hemos invitado a chile para que volvamos a ver el tema de la Comunidad Andina, entre otros proyectos de integraci\u00f3n ya existen\u201d, asegur\u00f3 Petro.<\/strong><\/p><\/blockquote>\n<p><a href=\"https:\/\/twitter.com\/infopresidencia\/status\/1556663269653417985?ref_src=twsrc%5Etfw%7Ctwcamp%5Etweetembed%7Ctwterm%5E1556663269653417985%7Ctwgr%5E5e0057eaccdb28901252ee3c990ec6b03016fc85%7Ctwcon%5Es1_&#038;ref_url=https%3A%2F%2Fwww.infobae.com%2Famerica%2Fcolombia%2F2022%2F08%2F08%2Fgustavo-petro-y-gabriel-boric-acordaron-revitalizar-la-comunidad-andina%2F\">https:\/\/twitter.com\/infopresidencia\/status\/1556663269653417985?ref_src=twsrc%5Etfw%7Ctwcamp%5Etweetembed%7Ctwterm%5E1556663269653417985%7Ctwgr%5E5e0057eaccdb28901252ee3c990ec6b03016fc85%7Ctwcon%5Es1_&amp;ref_url=https%3A%2F%2Fwww.infobae.com%2Famerica%2Fcolombia%2F2022%2F08%2F08%2Fgustavo-petro-y-gabriel-boric-acordaron-revitalizar-la-comunidad-andina%2F<\/a><\/p>\n<p>&nbsp;<\/p>\n","protected":false},"excerpt":{"rendered":"<p>En su primer d\u00eda como presidente de Colombia, Gustavo Petro sostendr\u00e1 reuniones privadas con varios dirigentes latinoamericanos. El primero de estos encuentros fue con su hom\u00f3logo chileno, Gabriel Boric, con quien acord\u00f3 en principio que ambas naciones trabajar\u00e1n conjuntamente en pro del medioambiente, pol\u00edticas feministas, la migraci\u00f3n y el cuidado de las etnias de cada pa\u00eds. As\u00ed mismo, los mandatarios anunciaron que buscar\u00e1n \u201crevitalizar\u201d la Comunidad Andina.<\/p>\n","protected":false},"author":1,"featured_media":10620,"comment_status":"open","ping_status":"open","sticky":false,"template":"","format":"standard","meta":{"footnotes":""},"categories":[11,4,5,4839],"tags":[3377,254,6620,6619,4867,6618,6241],"class_list":["post-10618","post","type-post","status-publish","format-standard","has-post-thumbnail","hentry","category-mundo","category-pais","category-politica","category-presidenciales","tag-chile","tag-colombia","tag-comunidad-andina","tag-gabriel-boric","tag-gustavo-petro","tag-presidente-de-chile","tag-presidente-de-colombia"],"_links":{"self":[{"href":"https:\/\/contrastes.com.co\/digital\/wp-json\/wp\/v2\/posts\/10618","targetHints":{"allow":["GET"]}}],"collection":[{"href":"https:\/\/contrastes.com.co\/digital\/wp-json\/wp\/v2\/posts"}],"about":[{"href":"https:\/\/contrastes.com.co\/digital\/wp-json\/wp\/v2\/types\/post"}],"author":[{"embeddable":true,"href":"https:\/\/contrastes.com.co\/digital\/wp-json\/wp\/v2\/users\/1"}],"replies":[{"embeddable":true,"href":"https:\/\/contrastes.com.co\/digital\/wp-json\/wp\/v2\/comments?post=10618"}],"version-history":[{"count":1,"href":"https:\/\/contrastes.com.co\/digital\/wp-json\/wp\/v2\/posts\/10618\/revisions"}],"predecessor-version":[{"id":10621,"href":"https:\/\/contrastes.com.co\/digital\/wp-json\/wp\/v2\/posts\/10618\/revisions\/10621"}],"wp:featuredmedia":[{"embeddable":true,"href":"https:\/\/contrastes.com.co\/digital\/wp-json\/wp\/v2\/media\/10620"}],"wp:attachment":[{"href":"https:\/\/contrastes.com.co\/digital\/wp-json\/wp\/v2\/media?parent=10618"}],"wp:term":[{"taxonomy":"category","embeddable":true,"href":"https:\/\/contrastes.com.co\/digital\/wp-json\/wp\/v2\/categories?post=10618"},{"taxonomy":"post_tag","embeddable":true,"href":"https:\/\/contrastes.com.co\/digital\/wp-json\/wp\/v2\/tags?post=10618"}],"curies":[{"name":"wp","href":"https:\/\/api.w.org\/{rel}","templated":true}]}}