{"id":1065,"date":"2020-05-21T12:24:07","date_gmt":"2020-05-21T17:24:07","guid":{"rendered":"https:\/\/contrastes.com.co\/digital\/?p=1065"},"modified":"2020-05-21T12:24:07","modified_gmt":"2020-05-21T17:24:07","slug":"alcaldia-de-soledad-trabaja-en-politica-publica-para-la-comunidad-afro","status":"publish","type":"post","link":"https:\/\/contrastes.com.co\/digital\/alcaldia-de-soledad-trabaja-en-politica-publica-para-la-comunidad-afro\/","title":{"rendered":"Alcald\u00eda de Soledad trabaja en pol\u00edtica p\u00fablica para la comunidad afro"},"content":{"rendered":"<blockquote><p><strong>En el plan, que est\u00e1 siendo debatido por la corporaci\u00f3n de elecci\u00f3n popular, tambi\u00e9n se establece un empadronamiento que muestre un diagn\u00f3stico, que genere rutas de atenci\u00f3n y con equidad y participaci\u00f3n.<\/strong><\/p><\/blockquote>\n<p><img loading=\"lazy\" decoding=\"async\" class=\"alignleft  wp-image-845\" src=\"https:\/\/contrastes.com.co\/digital\/wp-content\/uploads\/2020\/05\/e-capitular.png\" alt=\"e capitular\" width=\"76\" height=\"76\" srcset=\"https:\/\/contrastes.com.co\/digital\/wp-content\/uploads\/2020\/05\/e-capitular.png 100w, https:\/\/contrastes.com.co\/digital\/wp-content\/uploads\/2020\/05\/e-capitular-60x60.png 60w\" sizes=\"auto, (max-width: 76px) 100vw, 76px\" \/>n el plan de desarrollo del gobierno municipal de Rodolfo Ucr\u00f3s Rosales, presentado recientemente al concejo municipal, el mandatario incluye la pol\u00edtica p\u00fablica para la comunidad afro como reconocimiento de los derechos de esta poblaci\u00f3n y para garantizar los recursos econ\u00f3micos que prioricen acciones para el bienestar colectivo.<\/p>\n<p>En el plan, que est\u00e1 siendo debatido por la corporaci\u00f3n de elecci\u00f3n popular, tambi\u00e9n se establece un empadronamiento que muestre un diagn\u00f3stico, que genere rutas de atenci\u00f3n y con equidad y participaci\u00f3n.<\/p>\n<p>As\u00ed lo se\u00f1al\u00f3 el alcalde Rodolfo Ucr\u00f3s, quien indic\u00f3 que el 5 por ciento del total de los habitantes en Soledad son afros, viven dispersos en los 220 barrios del municipio y su condici\u00f3n socio econ\u00f3mica es estrato 1 y 2.<\/p>\n<p>El mandatario explic\u00f3 que \u201cla Alcald\u00eda de Soledad resalta las batallas de reivindicaci\u00f3n, reconocimiento, y consolidaci\u00f3n de los derechos de la comunidad afro y autonom\u00eda territorial de la poblaci\u00f3n afrocolombiana\u201d.<\/p>\n<p>Hay que recordar que los procesos a favor de la comunidad afro est\u00e1n enmarcados en el Convenio 169 de la Organizaci\u00f3n Internacional del trabajo, y ratificado en Colombia en la Constituci\u00f3n y en varias leyes.<\/p>\n<p>Uno de los espacios de reafirmaci\u00f3n de esas reivindicaciones es la equidad y la preservaci\u00f3n de las manifestaciones culturales y costumbres de este grupo poblacional.<\/p>\n<p>Este a\u00f1o, se cumplen 169 a\u00f1os de la proclamaci\u00f3n de la Abolici\u00f3n de la Esclavitud en Colombia, hecho acaecido el 21 de mayo del a\u00f1o 1851. Es por ello que la Ley 725 de 2001 cre\u00f3 la conmemoraci\u00f3n del 21 de mayo como el D\u00eda de la Afrocolombianidad, y se ha declarado el mes de mayo como el de la Herencia Africana.<\/p>\n","protected":false},"excerpt":{"rendered":"<p>En el plan, que est\u00e1 siendo debatido por la corporaci\u00f3n de elecci\u00f3n popular, tambi\u00e9n se establece un empadronamiento que muestre un diagn\u00f3stico, que genere rutas de atenci\u00f3n y con equidad y participaci\u00f3n. n el plan de desarrollo del gobierno municipal de Rodolfo Ucr\u00f3s Rosales, presentado recientemente al concejo municipal, el mandatario incluye la pol\u00edtica p\u00fablica [&hellip;]<\/p>\n","protected":false},"author":1,"featured_media":1066,"comment_status":"open","ping_status":"open","sticky":false,"template":"","format":"standard","meta":{"footnotes":""},"categories":[64,2],"tags":[348,347,38,346],"class_list":["post-1065","post","type-post","status-publish","format-standard","has-post-thumbnail","hentry","category-cultura","category-locales","tag-afrocolombiana","tag-comunidad-afro","tag-municipio-de-soledad","tag-politica-publica"],"_links":{"self":[{"href":"https:\/\/contrastes.com.co\/digital\/wp-json\/wp\/v2\/posts\/1065","targetHints":{"allow":["GET"]}}],"collection":[{"href":"https:\/\/contrastes.com.co\/digital\/wp-json\/wp\/v2\/posts"}],"about":[{"href":"https:\/\/contrastes.com.co\/digital\/wp-json\/wp\/v2\/types\/post"}],"author":[{"embeddable":true,"href":"https:\/\/contrastes.com.co\/digital\/wp-json\/wp\/v2\/users\/1"}],"replies":[{"embeddable":true,"href":"https:\/\/contrastes.com.co\/digital\/wp-json\/wp\/v2\/comments?post=1065"}],"version-history":[{"count":1,"href":"https:\/\/contrastes.com.co\/digital\/wp-json\/wp\/v2\/posts\/1065\/revisions"}],"predecessor-version":[{"id":1067,"href":"https:\/\/contrastes.com.co\/digital\/wp-json\/wp\/v2\/posts\/1065\/revisions\/1067"}],"wp:featuredmedia":[{"embeddable":true,"href":"https:\/\/contrastes.com.co\/digital\/wp-json\/wp\/v2\/media\/1066"}],"wp:attachment":[{"href":"https:\/\/contrastes.com.co\/digital\/wp-json\/wp\/v2\/media?parent=1065"}],"wp:term":[{"taxonomy":"category","embeddable":true,"href":"https:\/\/contrastes.com.co\/digital\/wp-json\/wp\/v2\/categories?post=1065"},{"taxonomy":"post_tag","embeddable":true,"href":"https:\/\/contrastes.com.co\/digital\/wp-json\/wp\/v2\/tags?post=1065"}],"curies":[{"name":"wp","href":"https:\/\/api.w.org\/{rel}","templated":true}]}}