{"id":10808,"date":"2022-08-19T13:18:57","date_gmt":"2022-08-19T18:18:57","guid":{"rendered":"https:\/\/contrastes.com.co\/digital\/?p=10808"},"modified":"2022-08-19T13:18:57","modified_gmt":"2022-08-19T18:18:57","slug":"cae-alias-paola-senalada-de-extorsiones-y-de-tener-vinculos-con-tommy-masacre","status":"publish","type":"post","link":"https:\/\/contrastes.com.co\/digital\/cae-alias-paola-senalada-de-extorsiones-y-de-tener-vinculos-con-tommy-masacre\/","title":{"rendered":"Cae alias \u2018Paola\u2019, se\u00f1alada de extorsiones y de tener v\u00ednculos con \u2018Tommy Masacre\u2019"},"content":{"rendered":"<p><strong>*Cae alias \u2018Paola\u2019, se\u00f1alada de extorsiones y de tener v\u00ednculos con \u2018Tommy Masacre\u2019<\/strong><\/p>\n<blockquote><p><strong>Eslith Bol\u00edvar P\u00e9rez, quien ten\u00eda una orden de captura por los delitos de extorsi\u00f3n y concierto para delinquir, fue trasladada a la URI de la Fiscal\u00eda de Barranquilla para posteriormente ser presentada en audiencias preliminares ante un juez de control de garant\u00edas.<\/strong><\/p><\/blockquote>\n<p><img loading=\"lazy\" decoding=\"async\" class=\"alignleft  wp-image-8657\" src=\"https:\/\/contrastes.com.co\/digital\/wp-content\/uploads\/2022\/03\/u-capitular.png\" alt=\"u capitular\" width=\"58\" height=\"58\" srcset=\"https:\/\/contrastes.com.co\/digital\/wp-content\/uploads\/2022\/03\/u-capitular.png 100w, https:\/\/contrastes.com.co\/digital\/wp-content\/uploads\/2022\/03\/u-capitular-60x60.png 60w\" sizes=\"auto, (max-width: 58px) 100vw, 58px\" \/>nidades del Gaula de la Polic\u00eda, en coordinaci\u00f3n con la Fiscal\u00eda, capturaron este jueves en el departamento de Bol\u00edvar a <strong>Eslith Bol\u00edvar P\u00e9rez<\/strong>, quien ten\u00eda una orden de captura por los delitos de extorsi\u00f3n y concierto para delinquir. La mujer, apodada como \u2018Paola\u2019, fue trasladada a la URI de la Fiscal\u00eda de Barranquilla para posteriormente ser presentada en audiencias preliminares ante un juez de control de garant\u00edas.<\/p>\n<p>Seg\u00fan las investigaciones de las autoridades, la mujer tendr\u00eda v\u00ednculos con Tommy Yoel Zerpa Brito, <strong>alias \u2018Tommy Masacre\u2019,<\/strong> <strong>uno de los cabecillas de \u2018Los Rastrojos-Coste\u00f1os\u2019<\/strong>, banda se\u00f1alada por la Polic\u00eda de ser los perpetradores del asesinato de tres conductores de buses en Barranquilla y Soledad por el no pago de extorsi\u00f3n el pasado mes de julio.<\/p>\n<p>Hay que recordar que \u2018Tommy Masacre\u2019 se encuentra preso en la c\u00e1rcel de C\u00f3mbita (Boyac\u00e1) tras ser condenado a 37 a\u00f1os de prisi\u00f3n por el crimen del tendero Gerardo Reyes Vega, asesinado a bala dentro de su tienda el 24 de febrero del 2020 en el barrio Chiquinquir\u00e1 de Barranquilla por el no pago de extorsi\u00f3n. En ese momento, \u2018Tommy Masacre\u2019 era un sicario y laboraba para \u2018Los Coste\u00f1os\u2019.<\/p>\n<p>Luego empez\u00f3 a trabajar para \u2018Los Rastrojos-Coste\u00f1os\u2019, a pesar de estar privado de la libertad. \u2018Tommy Masacre\u2019 ser\u00e1 trasladado de c\u00e1rcel por la situaci\u00f3n ocurrida contra el gremio transportador. Su destino ser\u00e1 La Picota de Bogot\u00e1.<\/p>\n","protected":false},"excerpt":{"rendered":"<p>Unidades del Gaula de la Polic\u00eda, en coordinaci\u00f3n con la Fiscal\u00eda, capturaron este jueves en el departamento de Bol\u00edvar a Eslith Bol\u00edvar P\u00e9rez, quien ten\u00eda una orden de captura por los delitos de extorsi\u00f3n y concierto para delinquir. La mujer, apodada como \u2018Paola\u2019, fue trasladada a la URI de la Fiscal\u00eda de Barranquilla para posteriormente ser presentada en audiencias preliminares ante un juez de control de garant\u00edas.<\/p>\n","protected":false},"author":1,"featured_media":10809,"comment_status":"open","ping_status":"open","sticky":false,"template":"","format":"standard","meta":{"footnotes":""},"categories":[10,6],"tags":[6762,6763,6764,5806,6670],"class_list":["post-10808","post","type-post","status-publish","format-standard","has-post-thumbnail","hentry","category-judicial","category-region","tag-los-rastrojos-costenos","tag-alias-tommy-masacre","tag-alias-paola","tag-capturada","tag-departamento-de-bolivar"],"_links":{"self":[{"href":"https:\/\/contrastes.com.co\/digital\/wp-json\/wp\/v2\/posts\/10808","targetHints":{"allow":["GET"]}}],"collection":[{"href":"https:\/\/contrastes.com.co\/digital\/wp-json\/wp\/v2\/posts"}],"about":[{"href":"https:\/\/contrastes.com.co\/digital\/wp-json\/wp\/v2\/types\/post"}],"author":[{"embeddable":true,"href":"https:\/\/contrastes.com.co\/digital\/wp-json\/wp\/v2\/users\/1"}],"replies":[{"embeddable":true,"href":"https:\/\/contrastes.com.co\/digital\/wp-json\/wp\/v2\/comments?post=10808"}],"version-history":[{"count":1,"href":"https:\/\/contrastes.com.co\/digital\/wp-json\/wp\/v2\/posts\/10808\/revisions"}],"predecessor-version":[{"id":10810,"href":"https:\/\/contrastes.com.co\/digital\/wp-json\/wp\/v2\/posts\/10808\/revisions\/10810"}],"wp:featuredmedia":[{"embeddable":true,"href":"https:\/\/contrastes.com.co\/digital\/wp-json\/wp\/v2\/media\/10809"}],"wp:attachment":[{"href":"https:\/\/contrastes.com.co\/digital\/wp-json\/wp\/v2\/media?parent=10808"}],"wp:term":[{"taxonomy":"category","embeddable":true,"href":"https:\/\/contrastes.com.co\/digital\/wp-json\/wp\/v2\/categories?post=10808"},{"taxonomy":"post_tag","embeddable":true,"href":"https:\/\/contrastes.com.co\/digital\/wp-json\/wp\/v2\/tags?post=10808"}],"curies":[{"name":"wp","href":"https:\/\/api.w.org\/{rel}","templated":true}]}}