{"id":10820,"date":"2022-08-19T13:58:37","date_gmt":"2022-08-19T18:58:37","guid":{"rendered":"https:\/\/contrastes.com.co\/digital\/?p=10820"},"modified":"2022-08-19T13:58:37","modified_gmt":"2022-08-19T18:58:37","slug":"video-asi-fue-la-rendicion-de-cuentas-2021-del-alcalde-de-barranquilla-jaime-pumarejo","status":"publish","type":"post","link":"https:\/\/contrastes.com.co\/digital\/video-asi-fue-la-rendicion-de-cuentas-2021-del-alcalde-de-barranquilla-jaime-pumarejo\/","title":{"rendered":"(VIDEO) As\u00ed fue la rendici\u00f3n de cuentas 2021 del alcalde de Barranquilla Jaime Pumarejo"},"content":{"rendered":"<p><strong>*Barranquilla, abierta al progreso: alcalde Pumarejo rindi\u00f3 cuentas a los ciudadanos<\/strong><\/p>\n<blockquote><p><strong>El mandatario distrital destac\u00f3 los principales logros alcanzados para la vigencia 2021 en materia de salud, educaci\u00f3n, desarrollo econ\u00f3mico, cultura, seguridad e inversi\u00f3n social, entre otros temas, durante la audiencia de Rendici\u00f3n de Cuentas 2021.<\/strong><\/p><\/blockquote>\n<p><img loading=\"lazy\" decoding=\"async\" class=\"alignleft  wp-image-8918\" src=\"https:\/\/contrastes.com.co\/digital\/wp-content\/uploads\/2022\/04\/p-capitular.png\" alt=\"p capitular\" width=\"55\" height=\"55\" srcset=\"https:\/\/contrastes.com.co\/digital\/wp-content\/uploads\/2022\/04\/p-capitular.png 100w, https:\/\/contrastes.com.co\/digital\/wp-content\/uploads\/2022\/04\/p-capitular-60x60.png 60w\" sizes=\"auto, (max-width: 55px) 100vw, 55px\" \/>ara compartir con los barranquilleros los logros alcanzados desde la Administraci\u00f3n en 2021, <strong>el alcalde Jaime Pumarejo Heins realiz\u00f3 este jueves la audiencia p\u00fablica de Rendici\u00f3n de Cuentas<\/strong> de las metas alcanzadas durante el a\u00f1o a trav\u00e9s de los distintos programas distritales, enmarcados en el <strong>Plan de Desarrollo 2020-2023 \u2018Soy Barranquilla\u2019.<\/strong><\/p>\n<p>Previo a esta audiencia de cierre, las secretar\u00edas, oficinas y gerencias del Distrito ya hab\u00edan realizado 12 rendiciones de cuentas sectoriales, lideradas por los jefes de cada dependencia, en las cuales asistieron m\u00e1s de 2.686 barranquilleros.<\/p>\n<hr \/>\n<h3><strong>En video: Toda la rendici\u00f3n de cuentas 2021<\/strong><\/h3>\n<p><iframe loading=\"lazy\" title=\"Rendici\u00f3n de cuentas 2021 #AbiertosAlProgreso\" width=\"640\" height=\"360\" src=\"https:\/\/www.youtube.com\/embed\/iNVEefTN0Mc?feature=oembed\" frameborder=\"0\" allow=\"accelerometer; autoplay; clipboard-write; encrypted-media; gyroscope; picture-in-picture; web-share\" referrerpolicy=\"strict-origin-when-cross-origin\" allowfullscreen><\/iframe><\/p>\n<hr \/>\n<p>Como resultado de estos espacios de participaci\u00f3n ciudadana, <strong>fueron respondidas 500 preguntas de la ciudadan\u00eda recibidas a trav\u00e9s del formulario de participaci\u00f3n colgado en la web, redes sociales, chatbot ALBA<\/strong>, entre otros canales de comunicaci\u00f3n habilitados por el Distrito.<\/p>\n<p><strong>La F\u00e1brica de Cultura fue el escenario donde los protagonistas fueron los m\u00e1s de 1.000 barranquilleros<\/strong>, entre p\u00fablico asistente y conectados a trav\u00e9s de plataformas, que han sido testigos de la transformaci\u00f3n de ciudad, gracias a la puesta en marcha de estrategias y pol\u00edticas p\u00fablicas para mejorar su calidad de vida.<\/p>\n<figure id=\"attachment_10822\" aria-describedby=\"caption-attachment-10822\" style=\"width: 768px\" class=\"wp-caption aligncenter\"><img loading=\"lazy\" decoding=\"async\" class=\"wp-image-10822 size-full\" src=\"https:\/\/contrastes.com.co\/digital\/wp-content\/uploads\/2022\/08\/primera.jpg\" alt=\"gestion 21 bqlla\" width=\"768\" height=\"576\" srcset=\"https:\/\/contrastes.com.co\/digital\/wp-content\/uploads\/2022\/08\/primera.jpg 768w, https:\/\/contrastes.com.co\/digital\/wp-content\/uploads\/2022\/08\/primera-300x225.jpg 300w, https:\/\/contrastes.com.co\/digital\/wp-content\/uploads\/2022\/08\/primera-136x102.jpg 136w\" sizes=\"auto, (max-width: 768px) 100vw, 768px\" \/><figcaption id=\"caption-attachment-10822\" class=\"wp-caption-text\">\u201cEsta audiencia de cierre era simplemente un resumen de lo macro, que se suma a las rendiciones sectoriales que ya hab\u00eda adelantado la Administraci\u00f3n\u201d, dijo Jaime Pumarejo<\/figcaption><\/figure>\n<p>Durante el evento, el mandatario destac\u00f3 la importancia del ejercicio de rendir cuentas a los ciudadanos. \u201cEsta audiencia de cierre era simplemente un resumen de lo macro, que se suma a las rendiciones sectoriales que ya hab\u00eda adelantado la Administraci\u00f3n\u201d, dijo.<\/p>\n<p>El mandatario explic\u00f3 que \u201cpor cada sector se hizo una entrega, y en esa entrega participaron los actores fundamentales de cada uno de los sectores. Cada barranquillero que hizo una pregunta tendr\u00e1 una respuesta, como lo ordena la ley, pero tambi\u00e9n por nuestra disposici\u00f3n. Porque nosotros somos una Alcald\u00eda de frente a los ciudadanos y que le gusta trabajar escuchando y no de espalda a los barranquilleros. Este es un ejercicio m\u00e1s donde pudimos mostrarles a los barranquilleros que estamos avanzando, as\u00ed como lo que viene\u201d.<\/p>\n<p>Al destacar los logros alcanzados desde cada dependencia y acompa\u00f1ado por su equipo de Gobierno, el mandatario distrital dio detalles sobre las claves con las que se ha ido construyendo una ciudad equitativa, conectada, atractiva y pr\u00f3spera, y que se consolide como la primera Biodiverciudad del pa\u00eds: \u201cMiramos el futuro con optimismo porque estamos construyendo una ciudad m\u00e1s justa, equitativa, que genere empleo y que se sue\u00f1a con cada d\u00eda atraer m\u00e1s inversi\u00f3n, turismo y calidad de vida\u201d, manifest\u00f3.<\/p>\n<figure id=\"attachment_10823\" aria-describedby=\"caption-attachment-10823\" style=\"width: 768px\" class=\"wp-caption aligncenter\"><img loading=\"lazy\" decoding=\"async\" class=\"wp-image-10823 size-full\" src=\"https:\/\/contrastes.com.co\/digital\/wp-content\/uploads\/2022\/08\/segunda.jpg\" alt=\"gestion 21 bqlla 2\" width=\"768\" height=\"576\" srcset=\"https:\/\/contrastes.com.co\/digital\/wp-content\/uploads\/2022\/08\/segunda.jpg 768w, https:\/\/contrastes.com.co\/digital\/wp-content\/uploads\/2022\/08\/segunda-300x225.jpg 300w, https:\/\/contrastes.com.co\/digital\/wp-content\/uploads\/2022\/08\/segunda-136x102.jpg 136w\" sizes=\"auto, (max-width: 768px) 100vw, 768px\" \/><figcaption id=\"caption-attachment-10823\" class=\"wp-caption-text\">\u201cMiramos el futuro con optimismo porque estamos construyendo una ciudad m\u00e1s justa, equitativa, que genere empleo y que se sue\u00f1a con cada d\u00eda atraer m\u00e1s inversi\u00f3n, turismo y calidad de vida\u201d, manifest\u00f3 el alcalde de los barranquilleros.<\/figcaption><\/figure>\n<h3>Los 10 del 2021 &#8211; Estos son los diez logros adelantados por la Barranquilla Imparable para la vigencia 2021:<\/h3>\n<h3><strong>Salud y vacunaci\u00f3n<\/strong><\/h3>\n<p>Con 75 puntos de vacunaci\u00f3n habilitados en el Distrito, m\u00e1s los puntos itinerantes, en 2021 se logr\u00f3 una <strong>cobertura del 100 % de vacunaci\u00f3n con primeras dosis, 72 % con segunda dosis y 11 % con terceras dosis.<\/strong><\/p>\n<p>Esto permiti\u00f3 que Barranquilla recibiera el reconocimiento por parte del Instituto Nacional de Salud (INS), destacando el desempe\u00f1o y el uso de las herramientas de an\u00e1lisis, gesti\u00f3n de alertas tempranas y acciones inmediatas en el marco de la emergencia sanitaria por covid-19.<\/p>\n<hr \/>\n<h3><strong>Superaci\u00f3n de la pobreza y seguridad alimentaria<\/strong><\/h3>\n<p>El alcalde dio un dato contundente: <strong>el 68 % de la inversi\u00f3n del Distrito se destina al sector social<\/strong>.<\/p>\n<p>Como resultado de ello, <strong>99.000 personas salieron de la pobreza, seg\u00fan indicadores del DANE 2021, y el Distrito alcanz\u00f3 200.000 beneficiarios en programas de seguridad alimentaria, primera infancia, adultos mayores y madres gestantes.<\/strong><\/p>\n<p>En ese sentido, <strong>m\u00e1s de 47.000 ni\u00f1os y ni\u00f1as del programa de primera infancia se beneficiaron con nueva dotaci\u00f3n para los Centros de Desarrollo Infantil (CDI) con una inversi\u00f3n de $8.000 millones, alcanzando 135 CDI en las diferentes localidades de la ciudad, efectuada en el marco del convenio entre ICBF y el Distrito<\/strong>.<\/p>\n<hr \/>\n<h3><strong>Revoluci\u00f3n educativa<\/strong><\/h3>\n<p>Para el alcalde, <strong>\u201cla obra m\u00e1s importante que vamos a dejar en Barranquilla es el biling\u00fcismo\u201d<\/strong>, uno de los tres pilares de la revoluci\u00f3n educativa que vive la ciudad, junto al programa de becas y Universidad al Barrio.<\/p>\n<p><strong>Con esta robusta estrategia, en 2021 el Distrito lleg\u00f3 a 80 colegios oficiales, llegando a 30.000 estudiantes y 700 docentes.<\/strong><\/p>\n<p><strong>Se entregaron 2.400 becas a j\u00f3venes egresados de colegios oficiales para programas t\u00e9cnico profesionales. Adem\u00e1s, en este salto de calidad tambi\u00e9n se trabaj\u00f3 de la mano con los profesores, a quienes se les otorgaron 240 becas.<\/strong><\/p>\n<figure id=\"attachment_10824\" aria-describedby=\"caption-attachment-10824\" style=\"width: 768px\" class=\"wp-caption aligncenter\"><img loading=\"lazy\" decoding=\"async\" class=\"wp-image-10824 size-full\" src=\"https:\/\/contrastes.com.co\/digital\/wp-content\/uploads\/2022\/08\/tercera.jpg\" alt=\"gestion 21 bqlla\" width=\"768\" height=\"432\" srcset=\"https:\/\/contrastes.com.co\/digital\/wp-content\/uploads\/2022\/08\/tercera.jpg 768w, https:\/\/contrastes.com.co\/digital\/wp-content\/uploads\/2022\/08\/tercera-300x169.jpg 300w\" sizes=\"auto, (max-width: 768px) 100vw, 768px\" \/><figcaption id=\"caption-attachment-10824\" class=\"wp-caption-text\">Para el alcalde, \u201cla obra m\u00e1s importante que vamos a dejar en Barranquilla es el biling\u00fcismo\u201d, uno de los tres pilares de la revoluci\u00f3n educativa que vive la ciudad, junto al programa de becas y Universidad al Barrio.<\/figcaption><\/figure>\n<hr \/>\n<h3><strong>Deporte<\/strong><\/h3>\n<p>La actividad f\u00edsica se convirti\u00f3 en una estrategia clave para fomentar espacios de integraci\u00f3n para los ni\u00f1os y j\u00f3venes de la ciudad.<\/p>\n<p>Con las <strong>Escuelas de Formaci\u00f3n Deportiva se beneficiaron m\u00e1s de 3.600 ni\u00f1os entre los 6 y 16 a\u00f1os a trav\u00e9s de las 10 disciplinas que se habilitaron en parques y escenarios deportivos de todas las localidades de la ciudad.<\/strong><\/p>\n<figure id=\"attachment_10825\" aria-describedby=\"caption-attachment-10825\" style=\"width: 768px\" class=\"wp-caption aligncenter\"><img loading=\"lazy\" decoding=\"async\" class=\"wp-image-10825 size-full\" src=\"https:\/\/contrastes.com.co\/digital\/wp-content\/uploads\/2022\/08\/cuarta.jpg\" alt=\"gestion 21 bqlla 4\" width=\"768\" height=\"512\" srcset=\"https:\/\/contrastes.com.co\/digital\/wp-content\/uploads\/2022\/08\/cuarta.jpg 768w, https:\/\/contrastes.com.co\/digital\/wp-content\/uploads\/2022\/08\/cuarta-300x200.jpg 300w\" sizes=\"auto, (max-width: 768px) 100vw, 768px\" \/><figcaption id=\"caption-attachment-10825\" class=\"wp-caption-text\">La actividad f\u00edsica se convirti\u00f3 en una estrategia clave para fomentar espacios de integraci\u00f3n para los ni\u00f1os y j\u00f3venes de la ciudad.<\/figcaption><\/figure>\n<hr \/>\n<h3><strong>Reactivaci\u00f3n cultural<\/strong><\/h3>\n<p>El 2021 fue catalogado como el a\u00f1o de la reactivaci\u00f3n art\u00edstica gracias a la<strong> inversi\u00f3n de $5.828 millones en el Portafolio de Est\u00edmulos. A trav\u00e9s de 5 convocatorias, 36.393 artistas se beneficiaron y fueron m\u00e1s de 1.293 proyectos ganadores.<\/strong><\/p>\n<p>Lo anterior gener\u00f3 <strong>una agenda de m\u00e1s de 2.000 eventos (presenciales y virtuales) que impulsaron una programaci\u00f3n de ciudad para m\u00e1s de 3 millones de espectadores.<\/strong><\/p>\n<p>Por otro lado,<strong> 600 artistas se certificaron como t\u00e9cnicos laborales en la Escuela Distrital de Arte y Tradiciones Populares (EDA) en 2021, adem\u00e1s de los 23.000 beneficiarios del programa Casas Distritales de Cultura.<\/strong><\/p>\n<hr \/>\n<h3><strong>Plan vial y arroyos<\/strong><\/h3>\n<p>En 2021, la Agencia Distrital de Infraestructura reporta que <strong>se canalizaron 7.150 metros lineales entre los arroyos Felicidad I y II, arroyo Hospital y arroyo el Salao II, con lo que se beneficiaron 14 barrios y 570.000 habitantes de todas las localidades.<\/strong><\/p>\n<p>Con respecto al plan vial, que contempla la intervenci\u00f3n de arterias viales de ciudad, se alcanzaron los siguientes logros:<strong> fueron intervenidos 5,2 kil\u00f3metros de la Cordialidad. Adicionalmente, m\u00e1s de 84.606 metros cuadrados de v\u00edas fueron pavimentadas, con lo que se beneficiaron 12 barrios de las localidades Suroccidente y Metropolitana.<\/strong><\/p>\n<p><strong>De la avenida Circunvalar fueron intervenidos 2,8 kil\u00f3metros y 74.641 metros cuadrados de v\u00edas. Tambi\u00e9n, se adecuaron 1,45 metros de ancho para una ciclorruta y con calzadas de 7 metros de ancho.<\/strong><\/p>\n<p><strong>Entretanto, la construcci\u00f3n y ampliaci\u00f3n de la calle 30 contempl\u00f3 m\u00e1s de 74.000 metros cuadrados de pavimentaci\u00f3n, favoreciendo a 12 barrios de las localidades Norte-Centro Hist\u00f3rico y Suroriente.<\/strong><\/p>\n<hr \/>\n<h3><strong>Ciudad de propietarios<\/strong><\/h3>\n<p>El anhelo m\u00e1s grande de muchas familias es tener una casa propia y digna. Barranquilla le ha apostado a generar las condiciones necesarias para que haya una buena oferta de vivienda y que sea asequible a todos.<\/p>\n<p>En efecto, <strong>m\u00e1s de 7.594 viviendas entre VIS y VIP estuvieron disponibles para las familias barranquilleras.<\/strong> En ese sentido, la Secretar\u00eda de Planeaci\u00f3n brind\u00f3 asesor\u00eda sobre vivienda a m\u00e1s de 13.600 personas a trav\u00e9s de las ventanillas de la Alcald\u00eda, ferias barriales y otros medios tecnol\u00f3gicos.<\/p>\n<p>Por otra parte, <strong>6.112 hogares de Villas de San Pablo, Villas de la Cordialidad y Las Gardenias recibieron acompa\u00f1amiento social, proyectos de vivienda que beneficiaron a las familias damnificadas por la ola invernal 2010 y 2011 en el pa\u00eds.<\/strong><\/p>\n<hr \/>\n<h3><strong>Empleo<\/strong><\/h3>\n<p><strong>Ingl\u00e9s para el Trabajo\u2019<\/strong> fue la gran apuesta de la Administraci\u00f3n para fomentar la empleabilidad. Gracias a la formaci\u00f3n en este segundo idioma, <strong>el 65 % de los beneficiarios ya cuenta con un empleo formal en el sector BPO de la ciudad. Fueron 600 becas completas otorgadas durante 2021, y debido a los contundentes resultados, en 2022 se habilitar\u00e1n 4.000 cupos m\u00e1s.<\/strong><\/p>\n<p>Por otra parte, el <strong>Centro de Oportunidades alcanz\u00f3 un r\u00e9cord de atendidos que supera las 80.000<\/strong> <strong>personas en b\u00fasqueda de empleo, formaci\u00f3n y apoyo a sus negocios.<\/strong><\/p>\n<figure id=\"attachment_10826\" aria-describedby=\"caption-attachment-10826\" style=\"width: 768px\" class=\"wp-caption aligncenter\"><img loading=\"lazy\" decoding=\"async\" class=\"wp-image-10826 size-full\" src=\"https:\/\/contrastes.com.co\/digital\/wp-content\/uploads\/2022\/08\/quinta.jpg\" alt=\"gestion 21 bqlla 5\" width=\"768\" height=\"435\" srcset=\"https:\/\/contrastes.com.co\/digital\/wp-content\/uploads\/2022\/08\/quinta.jpg 768w, https:\/\/contrastes.com.co\/digital\/wp-content\/uploads\/2022\/08\/quinta-300x170.jpg 300w\" sizes=\"auto, (max-width: 768px) 100vw, 768px\" \/><figcaption id=\"caption-attachment-10826\" class=\"wp-caption-text\">El Centro de Oportunidades alcanz\u00f3 un r\u00e9cord de atendidos que supera las 80.000 personas en b\u00fasqueda de empleo, formaci\u00f3n y apoyo a sus negocios.<\/figcaption><\/figure>\n<hr \/>\n<h3><strong>Transformaci\u00f3n del Centro Hist\u00f3rico<\/strong><\/h3>\n<p>Que los barranquilleros tengan el Centro Hist\u00f3rico que se merecen ha sido uno de los temas prioritarios para la Administraci\u00f3n.<\/p>\n<p>Con la <strong>recuperaci\u00f3n y revitalizaci\u00f3n de este sector, unos 2.118 metros cuadrados de espacio p\u00fablico para el disfrute de todos los barranquilleros, se han dignificado 365 vendedores que anteriormente ocupaban el espacio p\u00fablico y que ahora est\u00e1n en las cocinas de las galer\u00edas Robertico y San Nicol\u00e1s, adem\u00e1s de la Esquina del Arte<\/strong>, con condiciones dignas para su oficio.<\/p>\n<hr \/>\n<h3><strong>Seguridad y Cultura Ciudadana<\/strong><\/h3>\n<p>La apuesta del Distrito en materia de seguridad y convivencia fue un trabajo enfocado en la prevenci\u00f3n con las diferentes comunidades y apoyo a la fuerza p\u00fablica.<\/p>\n<p>Las alarmas comunitarias fueron una herramienta innovadora para la seguridad barrial: fueron 100 dispositivos instalados que cuentan con georreferenciaci\u00f3n, c\u00e1mara de vigilancia y conexi\u00f3n directa con la Polic\u00eda.<\/p>\n<p>Por otra parte, <strong>m\u00e1s de 2.284 j\u00f3venes hicieron parte de Vuelve y Juega, estrategia enfocada a la atenci\u00f3n de conflictividad juvenil. Y otros 16.421 estudiantes participaron en talleres de Entornos Escolares Seguros.<\/strong><\/p>\n<p>Finalmente, el mandatario destac\u00f3 la <strong>entrega de 500 becas para T\u00e9cnico Profesional en Servicio de Polic\u00eda; la formaci\u00f3n a 920 polic\u00edas de vigilancia; la adecuaci\u00f3n de 6 CAI en diferentes localidades, y la entrega de 1.758 dispositivos m\u00f3viles de comunicaci\u00f3n.<\/strong><\/p>\n<hr \/>\n<h3><strong>Barranquilla, ciudad verde de Colombia<\/strong><\/h3>\n<figure id=\"attachment_10827\" aria-describedby=\"caption-attachment-10827\" style=\"width: 768px\" class=\"wp-caption aligncenter\"><img loading=\"lazy\" decoding=\"async\" class=\"wp-image-10827 size-full\" src=\"https:\/\/contrastes.com.co\/digital\/wp-content\/uploads\/2022\/08\/sexta.jpg\" alt=\"gestion 21 bqlla 6\" width=\"768\" height=\"512\" srcset=\"https:\/\/contrastes.com.co\/digital\/wp-content\/uploads\/2022\/08\/sexta.jpg 768w, https:\/\/contrastes.com.co\/digital\/wp-content\/uploads\/2022\/08\/sexta-300x200.jpg 300w\" sizes=\"auto, (max-width: 768px) 100vw, 768px\" \/><figcaption id=\"caption-attachment-10827\" class=\"wp-caption-text\">El alcalde Jaime Pumarejo Heins se ha propuesto que durante su Administraci\u00f3n, Barranquilla se consolide como la primera Biodiverciudad de Colombia.<\/figcaption><\/figure>\n<p>El alcalde Jaime Pumarejo Heins se ha propuesto que durante su Administraci\u00f3n, <strong>Barranquilla se consolide como la primera Biodiverciudad de Colombia.<\/strong> Son varios los proyectos que se vienen adelantando:<\/p>\n<p><strong>El proyecto de recuperaci\u00f3n integral de la ci\u00e9naga de Mallorqu\u00edn: <\/strong>Uno de los mayores logros fue garantizar la sostenibilidad del programa Siembra Barranquilla a 20 a\u00f1os, con el mantenimiento de las zonas verdes. La entidad reporta que <strong>ya se han sembrado m\u00e1s de 119.232 \u00e1rboles<\/strong>, <strong>lo que corresponde al cumplimiento del 95 % de la meta esperada hacia el final del cuatrienio, que era de 125.000 \u00e1rboles<\/strong>.<\/p>\n<p>En 2021, la <strong>Administraci\u00f3n entreg\u00f3 18 nuevos parques, con lo que se recuperaron m\u00e1s de 83.610 metros cuadrados de espacio p\u00fablico de calidad para los barranquilleros, a trav\u00e9s del programa Todos al Parque.<\/strong><\/p>\n<hr \/>\n<p>&nbsp;<\/p>\n","protected":false},"excerpt":{"rendered":"<p>Para compartir con los barranquilleros los logros alcanzados desde la Administraci\u00f3n en 2021, el alcalde Jaime Pumarejo Heins realiz\u00f3 este jueves la audiencia p\u00fablica de Rendici\u00f3n de Cuentas de las metas alcanzadas durante el a\u00f1o a trav\u00e9s de los distintos programas distritales, enmarcados en el Plan de Desarrollo 2020-2023 \u2018Soy Barranquilla\u2019.<\/p>\n","protected":false},"author":1,"featured_media":10821,"comment_status":"open","ping_status":"open","sticky":false,"template":"","format":"standard","meta":{"footnotes":""},"categories":[4325,6,4995],"tags":[1558,6774,224,1854,6777,6776,6775],"class_list":["post-10820","post","type-post","status-publish","format-standard","has-post-thumbnail","hentry","category-informe-de-gestion","category-region","category-television-web","tag-alcalde-de-barranquilla","tag-audiencia-de-rendicion-de-cuentas-2021","tag-distrito-de-barranquilla","tag-jaime-pumarejo-heins","tag-la-fabrica-de-cultura","tag-plan-de-desarrollo-2020-2023-soy-barranquilla","tag-principales-logros-alcanzados-para-la-vigencia-2021"],"_links":{"self":[{"href":"https:\/\/contrastes.com.co\/digital\/wp-json\/wp\/v2\/posts\/10820","targetHints":{"allow":["GET"]}}],"collection":[{"href":"https:\/\/contrastes.com.co\/digital\/wp-json\/wp\/v2\/posts"}],"about":[{"href":"https:\/\/contrastes.com.co\/digital\/wp-json\/wp\/v2\/types\/post"}],"author":[{"embeddable":true,"href":"https:\/\/contrastes.com.co\/digital\/wp-json\/wp\/v2\/users\/1"}],"replies":[{"embeddable":true,"href":"https:\/\/contrastes.com.co\/digital\/wp-json\/wp\/v2\/comments?post=10820"}],"version-history":[{"count":1,"href":"https:\/\/contrastes.com.co\/digital\/wp-json\/wp\/v2\/posts\/10820\/revisions"}],"predecessor-version":[{"id":10828,"href":"https:\/\/contrastes.com.co\/digital\/wp-json\/wp\/v2\/posts\/10820\/revisions\/10828"}],"wp:featuredmedia":[{"embeddable":true,"href":"https:\/\/contrastes.com.co\/digital\/wp-json\/wp\/v2\/media\/10821"}],"wp:attachment":[{"href":"https:\/\/contrastes.com.co\/digital\/wp-json\/wp\/v2\/media?parent=10820"}],"wp:term":[{"taxonomy":"category","embeddable":true,"href":"https:\/\/contrastes.com.co\/digital\/wp-json\/wp\/v2\/categories?post=10820"},{"taxonomy":"post_tag","embeddable":true,"href":"https:\/\/contrastes.com.co\/digital\/wp-json\/wp\/v2\/tags?post=10820"}],"curies":[{"name":"wp","href":"https:\/\/api.w.org\/{rel}","templated":true}]}}