{"id":10946,"date":"2022-08-25T14:50:01","date_gmt":"2022-08-25T19:50:01","guid":{"rendered":"https:\/\/contrastes.com.co\/digital\/?p=10946"},"modified":"2022-08-25T14:50:01","modified_gmt":"2022-08-25T19:50:01","slug":"gobernadores-de-la-region-caribe-aprueban-megaobra-del-tren-regional-caribe","status":"publish","type":"post","link":"https:\/\/contrastes.com.co\/digital\/gobernadores-de-la-region-caribe-aprueban-megaobra-del-tren-regional-caribe\/","title":{"rendered":"Gobernadores de la regi\u00f3n Caribe aprueban megaobra del Tren Regional Caribe"},"content":{"rendered":"<p><strong>*Gobernadores de la regi\u00f3n Caribe aprueban megaobra del Tren Regional Caribe<\/strong><\/p>\n<blockquote><p><strong>Los diferentes gobernadores mostraron su aprobaci\u00f3n al proyecto, ya que tendr\u00eda un impacto positivo en materia de econom\u00eda para la regi\u00f3n Caribe.<\/strong><\/p><\/blockquote>\n<p><img loading=\"lazy\" decoding=\"async\" class=\"alignleft  wp-image-8529\" src=\"https:\/\/contrastes.com.co\/digital\/wp-content\/uploads\/2022\/03\/e-capitular.png\" alt=\"e capitular\" width=\"74\" height=\"74\" srcset=\"https:\/\/contrastes.com.co\/digital\/wp-content\/uploads\/2022\/03\/e-capitular.png 150w, https:\/\/contrastes.com.co\/digital\/wp-content\/uploads\/2022\/03\/e-capitular-60x60.png 60w\" sizes=\"auto, (max-width: 74px) 100vw, 74px\" \/>ste martes se desarroll\u00f3 la suscripci\u00f3n del acuerdo y viabilidad t\u00e9cnica del <strong>Tren Regional Caribe<\/strong> encuentro al que asistieron la <strong>presidenta de Findeter Sandra G\u00f3mez, el Ministro de Transporte Guillermo Reyes, Elsa Noguera, Carlos Caicedo, Vicente Blel, H\u00e9ctor Olimpo; gobernadores de Atl\u00e1ntico, Magdalena, Bol\u00edvar y Sucre respectivamente, entre otros mandatarios departamentales.<\/strong><\/p>\n<p><a href=\"https:\/\/twitter.com\/MinistroReyes\/status\/1562215720657846273?ref_src=twsrc%5Etfw%7Ctwcamp%5Etweetembed%7Ctwterm%5E1562216080797466624%7Ctwgr%5E7ba393a734293f7bb6ad6b5e8ed18a2851dd870c%7Ctwcon%5Es2_&#038;ref_url=https%3A%2F%2Fdiariolalibertad.com%2Fsitio%2F2022%2F08%2F24%2Fgobernadores-de-la-region-caribe-aprueban-megaobra-del-tren-regional-caribe%2F\">https:\/\/twitter.com\/MinistroReyes\/status\/1562215720657846273?ref_src=twsrc%5Etfw%7Ctwcamp%5Etweetembed%7Ctwterm%5E1562216080797466624%7Ctwgr%5E7ba393a734293f7bb6ad6b5e8ed18a2851dd870c%7Ctwcon%5Es2_&amp;ref_url=https%3A%2F%2Fdiariolalibertad.com%2Fsitio%2F2022%2F08%2F24%2Fgobernadores-de-la-region-caribe-aprueban-megaobra-del-tren-regional-caribe%2F<\/a><\/p>\n<p><strong>Findeter inform\u00f3 que la inversi\u00f3n para dicho proyecto ser\u00eda de 1.500 millones de d\u00f3lares<\/strong>, de los cuales el 49% estar\u00edan destinados a la obra civil, 30% a equipos y el sistema ferroviario, y el 13% a la gesti\u00f3n predial. Adem\u00e1s la construcci\u00f3n de este tardar\u00eda 5 a\u00f1os.<\/p>\n<p>Los diferentes gobernadores mostraron su aprobaci\u00f3n al proyecto, ya que tendr\u00eda un impacto positivo en materia de econom\u00eda para la regi\u00f3n Caribe.<\/p>\n<p>La <strong>gobernadora Elsa Noguera<\/strong> indic\u00f3 \u201cSomos unos convencidos de que los departamentos del Caribe nos complementamos. Nos alegra hacerlo de la mano de Findeter, una entidad que tiene toda la credibilidad, la experiencia y ahora un documento que nos permite so\u00f1ar a\u00fan m\u00e1s\u201d.<\/p>\n<p><a href=\"https:\/\/twitter.com\/elsanoguerabaq\/status\/1562147104495222788?ref_src=twsrc%5Etfw%7Ctwcamp%5Etweetembed%7Ctwterm%5E1562147104495222788%7Ctwgr%5E7ba393a734293f7bb6ad6b5e8ed18a2851dd870c%7Ctwcon%5Es1_&#038;ref_url=https%3A%2F%2Fdiariolalibertad.com%2Fsitio%2F2022%2F08%2F24%2Fgobernadores-de-la-region-caribe-aprueban-megaobra-del-tren-regional-caribe%2F\">https:\/\/twitter.com\/elsanoguerabaq\/status\/1562147104495222788?ref_src=twsrc%5Etfw%7Ctwcamp%5Etweetembed%7Ctwterm%5E1562147104495222788%7Ctwgr%5E7ba393a734293f7bb6ad6b5e8ed18a2851dd870c%7Ctwcon%5Es1_&amp;ref_url=https%3A%2F%2Fdiariolalibertad.com%2Fsitio%2F2022%2F08%2F24%2Fgobernadores-de-la-region-caribe-aprueban-megaobra-del-tren-regional-caribe%2F<\/a><\/p>\n<p>Por su parte Caicedo, el mandatario de los magdalenenses mencion\u00f3 que la megaobra aumentar\u00eda la competitividad del departamento en diferentes aspectos \u201cLa regi\u00f3n Caribe necesita proyectos estructurales, que se traduzcan en planes de alto impacto econ\u00f3mico, social y cultural. El Tren Regional del Caribe nos permite so\u00f1ar\u201d, se\u00f1al\u00f3.<\/p>\n<p><a href=\"https:\/\/twitter.com\/carlosecaicedo\/status\/1562133371760828416?ref_src=twsrc%5Etfw%7Ctwcamp%5Etweetembed%7Ctwterm%5E1562133371760828416%7Ctwgr%5E7ba393a734293f7bb6ad6b5e8ed18a2851dd870c%7Ctwcon%5Es1_&#038;ref_url=https%3A%2F%2Fdiariolalibertad.com%2Fsitio%2F2022%2F08%2F24%2Fgobernadores-de-la-region-caribe-aprueban-megaobra-del-tren-regional-caribe%2F\">https:\/\/twitter.com\/carlosecaicedo\/status\/1562133371760828416?ref_src=twsrc%5Etfw%7Ctwcamp%5Etweetembed%7Ctwterm%5E1562133371760828416%7Ctwgr%5E7ba393a734293f7bb6ad6b5e8ed18a2851dd870c%7Ctwcon%5Es1_&amp;ref_url=https%3A%2F%2Fdiariolalibertad.com%2Fsitio%2F2022%2F08%2F24%2Fgobernadores-de-la-region-caribe-aprueban-megaobra-del-tren-regional-caribe%2F<\/a><\/p>\n<p>Por otro lado la presidenta de Findeter dio a conocer que \u201cel proyecto del Tren Regional Caribe permitir\u00e1 establecer un sistema de transporte intermodal, mejorar la conexi\u00f3n de ciudades sat\u00e9lites en crecimiento con los centros poblacionales, movilizar grandes cantidades de mercanc\u00eda y generar un menor impacto ambiental\u201d.<\/p>\n","protected":false},"excerpt":{"rendered":"<p>Este martes se desarroll\u00f3 la suscripci\u00f3n del acuerdo y viabilidad t\u00e9cnica del Tren Regional Caribe encuentro al que asistieron la presidenta de Findeter Sandra G\u00f3mez, el Ministro de Transporte Guillermo Reyes, Elsa Noguera, Carlos Caicedo, Vicente Blel, H\u00e9ctor Olimpo; gobernadores de Atl\u00e1ntico, Magdalena, Bol\u00edvar y Sucre respectivamente, entre otros mandatarios departamentales.<\/p>\n","protected":false},"author":1,"featured_media":10947,"comment_status":"open","ping_status":"open","sticky":false,"template":"","format":"standard","meta":{"footnotes":""},"categories":[896,4,6,622],"tags":[6865,31,6863,6860,6868,6867,6861,6869,6864,196,6862,6866],"class_list":["post-10946","post","type-post","status-publish","format-standard","has-post-thumbnail","hentry","category-infraestructura","category-pais","category-region","category-transporte","tag-carlos-caicedo","tag-elsa-noguera","tag-findeter","tag-gobernadores","tag-guillermo-reyes","tag-hector-olimpo","tag-megaobra","tag-ministro-de-transportes","tag-presidenta-de-findeter-sandra-gomez","tag-region-caribe","tag-tren-regional-caribe","tag-vicente-blel"],"_links":{"self":[{"href":"https:\/\/contrastes.com.co\/digital\/wp-json\/wp\/v2\/posts\/10946","targetHints":{"allow":["GET"]}}],"collection":[{"href":"https:\/\/contrastes.com.co\/digital\/wp-json\/wp\/v2\/posts"}],"about":[{"href":"https:\/\/contrastes.com.co\/digital\/wp-json\/wp\/v2\/types\/post"}],"author":[{"embeddable":true,"href":"https:\/\/contrastes.com.co\/digital\/wp-json\/wp\/v2\/users\/1"}],"replies":[{"embeddable":true,"href":"https:\/\/contrastes.com.co\/digital\/wp-json\/wp\/v2\/comments?post=10946"}],"version-history":[{"count":1,"href":"https:\/\/contrastes.com.co\/digital\/wp-json\/wp\/v2\/posts\/10946\/revisions"}],"predecessor-version":[{"id":10951,"href":"https:\/\/contrastes.com.co\/digital\/wp-json\/wp\/v2\/posts\/10946\/revisions\/10951"}],"wp:featuredmedia":[{"embeddable":true,"href":"https:\/\/contrastes.com.co\/digital\/wp-json\/wp\/v2\/media\/10947"}],"wp:attachment":[{"href":"https:\/\/contrastes.com.co\/digital\/wp-json\/wp\/v2\/media?parent=10946"}],"wp:term":[{"taxonomy":"category","embeddable":true,"href":"https:\/\/contrastes.com.co\/digital\/wp-json\/wp\/v2\/categories?post=10946"},{"taxonomy":"post_tag","embeddable":true,"href":"https:\/\/contrastes.com.co\/digital\/wp-json\/wp\/v2\/tags?post=10946"}],"curies":[{"name":"wp","href":"https:\/\/api.w.org\/{rel}","templated":true}]}}