{"id":10970,"date":"2022-08-26T16:45:40","date_gmt":"2022-08-26T21:45:40","guid":{"rendered":"https:\/\/contrastes.com.co\/digital\/?p=10970"},"modified":"2022-08-26T16:45:40","modified_gmt":"2022-08-26T21:45:40","slug":"en-la-terraza-de-su-casa-en-el-barrio-el-bosque-asesinaron-a-un-hombre","status":"publish","type":"post","link":"https:\/\/contrastes.com.co\/digital\/en-la-terraza-de-su-casa-en-el-barrio-el-bosque-asesinaron-a-un-hombre\/","title":{"rendered":"En la terraza de su casa en el barrio El Bosque asesinaron a un hombre"},"content":{"rendered":"<p><strong>*En la terraza de su casa en el barrio El Bosque asesinaron a un hombre<\/strong><\/p>\n<blockquote><p><strong>El hombre fue auxiliado por familiares y llevado a la Cl\u00ednica San Ignacio, donde horas despu\u00e9s se confirm\u00f3 su deceso. Seg\u00fan el familiar, Charles Eberth no laboraba porque estaba enfermo.<\/strong><\/p><\/blockquote>\n<p><img loading=\"lazy\" decoding=\"async\" class=\"alignleft  wp-image-8518\" src=\"https:\/\/contrastes.com.co\/digital\/wp-content\/uploads\/2022\/03\/c-capitular.png\" alt=\"c capitular\" width=\"63\" height=\"63\" srcset=\"https:\/\/contrastes.com.co\/digital\/wp-content\/uploads\/2022\/03\/c-capitular.png 150w, https:\/\/contrastes.com.co\/digital\/wp-content\/uploads\/2022\/03\/c-capitular-60x60.png 60w\" sizes=\"auto, (max-width: 63px) 100vw, 63px\" \/>harles Eberth Lora Cabarcas, de 60 a\u00f1os, fue asesinado el jueves cuando estaba sentado en la terraza de su casa, en la calle 80 con carrera 7C, barrio El Bosque, en el suroccidente de Barranquilla. El hombre se encontraba con otros familiares cuando lleg\u00f3 un sicario en una moto.<\/p>\n<p>\u00abEst\u00e1bamos sentados en la puerta y lleg\u00f3 un muchacho en una moto y le dio tres tiros: uno en el brazo, otro en el abdomen y uno m\u00e1s en el costal\u00bb, precis\u00f3 un familiar en Medicina Legal.<\/p>\n<p>El hombre fue auxiliado por familiares y llevado a la Cl\u00ednica San Ignacio, donde horas despu\u00e9s se confirm\u00f3 su deceso. Seg\u00fan el familiar, Charles Eberth no laboraba porque estaba enfermo.<\/p>\n<p>Hasta el momento la Polic\u00eda Metropolitana no s\u00e9 ha pronunciado sobre este crimen.<\/p>\n","protected":false},"excerpt":{"rendered":"<p>Charles Eberth Lora Cabarcas, de 60 a\u00f1os, fue asesinado el jueves cuando estaba sentado en la terraza de su casa, en la calle 80 con carrera 7C, barrio El Bosque, en el suroccidente de Barranquilla. El hombre se encontraba con otros familiares cuando lleg\u00f3 un sicario en una moto.<\/p>\n","protected":false},"author":1,"featured_media":10971,"comment_status":"open","ping_status":"open","sticky":false,"template":"","format":"standard","meta":{"footnotes":""},"categories":[10,6],"tags":[6423,56,5669,1656],"class_list":["post-10970","post","type-post","status-publish","format-standard","has-post-thumbnail","hentry","category-judicial","category-region","tag-arma-de-fuego","tag-barranquilla","tag-barrio-el-bosque","tag-homicidio"],"_links":{"self":[{"href":"https:\/\/contrastes.com.co\/digital\/wp-json\/wp\/v2\/posts\/10970","targetHints":{"allow":["GET"]}}],"collection":[{"href":"https:\/\/contrastes.com.co\/digital\/wp-json\/wp\/v2\/posts"}],"about":[{"href":"https:\/\/contrastes.com.co\/digital\/wp-json\/wp\/v2\/types\/post"}],"author":[{"embeddable":true,"href":"https:\/\/contrastes.com.co\/digital\/wp-json\/wp\/v2\/users\/1"}],"replies":[{"embeddable":true,"href":"https:\/\/contrastes.com.co\/digital\/wp-json\/wp\/v2\/comments?post=10970"}],"version-history":[{"count":2,"href":"https:\/\/contrastes.com.co\/digital\/wp-json\/wp\/v2\/posts\/10970\/revisions"}],"predecessor-version":[{"id":10973,"href":"https:\/\/contrastes.com.co\/digital\/wp-json\/wp\/v2\/posts\/10970\/revisions\/10973"}],"wp:featuredmedia":[{"embeddable":true,"href":"https:\/\/contrastes.com.co\/digital\/wp-json\/wp\/v2\/media\/10971"}],"wp:attachment":[{"href":"https:\/\/contrastes.com.co\/digital\/wp-json\/wp\/v2\/media?parent=10970"}],"wp:term":[{"taxonomy":"category","embeddable":true,"href":"https:\/\/contrastes.com.co\/digital\/wp-json\/wp\/v2\/categories?post=10970"},{"taxonomy":"post_tag","embeddable":true,"href":"https:\/\/contrastes.com.co\/digital\/wp-json\/wp\/v2\/tags?post=10970"}],"curies":[{"name":"wp","href":"https:\/\/api.w.org\/{rel}","templated":true}]}}