{"id":10974,"date":"2022-08-26T16:48:51","date_gmt":"2022-08-26T21:48:51","guid":{"rendered":"https:\/\/contrastes.com.co\/digital\/?p=10974"},"modified":"2022-08-26T16:48:51","modified_gmt":"2022-08-26T21:48:51","slug":"lluvias-de-este-fin-de-semana-vendran-acompanadas-de-fuertes-vientos-alerta-el-ideam","status":"publish","type":"post","link":"https:\/\/contrastes.com.co\/digital\/lluvias-de-este-fin-de-semana-vendran-acompanadas-de-fuertes-vientos-alerta-el-ideam\/","title":{"rendered":"Lluvias de este fin de semana vendr\u00e1n acompa\u00f1adas de fuertes vientos, alerta el Ideam"},"content":{"rendered":"<p><strong>*Lluvias de este fin de semana vendr\u00e1n acompa\u00f1adas de fuertes vientos, alerta el Ideam<\/strong><\/p>\n<blockquote><p><strong>Hay que estar alerta en todos los sectores por posibles levantamientos de techos, \u00e1rboles paredes, viviendas y construcciones, que se pueden venir el suelo.<\/strong><\/p><\/blockquote>\n<p><img loading=\"lazy\" decoding=\"async\" class=\"alignleft  wp-image-8529\" src=\"https:\/\/contrastes.com.co\/digital\/wp-content\/uploads\/2022\/03\/e-capitular.png\" alt=\"e capitular\" width=\"59\" height=\"59\" srcset=\"https:\/\/contrastes.com.co\/digital\/wp-content\/uploads\/2022\/03\/e-capitular.png 150w, https:\/\/contrastes.com.co\/digital\/wp-content\/uploads\/2022\/03\/e-capitular-60x60.png 60w\" sizes=\"auto, (max-width: 59px) 100vw, 59px\" \/>ste fin de semana hay que alistar paraguas por las intensas lluvias que traer\u00e1 a la Costa Caribe el paso de dos ondas tropicales, alert\u00f3 el Ideam. Sin embargo, lo m\u00e1s grave del asunto es que las precipitaciones vendr\u00e1n acompa\u00f1adas de fuertes vientos con caracter\u00edsticas de vendavales.<\/p>\n<p>As\u00ed pues, hay que estar alerta en todos los sectores por posibles levantamientos de techos, \u00e1rboles paredes, viviendas y construcciones, que se pueden venir el suelo.<\/p>\n<p>Las inundaciones tambi\u00e9n ser\u00e1n motivo de preocupaci\u00f3n, por tanto se le recomienda a la comunidad estar prevenida. De acuerdo con el reporte de la instituci\u00f3n ambiental, las dos ondas tropicales que alcanzar\u00e1n el litoral Caribe se originaron en los \u00faltimos d\u00edas en las costas africanas.<\/p>\n<p>\u201cEst\u00e1n avanzando en el oc\u00e9ano Atl\u00e1ntico\u201d, report\u00f3 el Ideam, que anunci\u00f3 que su paso incrementar\u00e1 las lluvias en La Guajira, C\u00f3rdoba, Bol\u00edvar, Sucre y Atl\u00e1ntico, sin descartar los fuertes vendavales entre este viernes y s\u00e1bado, especialmente<\/p>\n<p>Miroban Suerco, meteor\u00f3logo en turno de la oficina de pron\u00f3sticos y alertas del Ideam, se refiri\u00f3 al fen\u00f3meno:\u00a0 \u00abEst\u00e1 entrando una onda tropical, puede activar un poco las precipitaciones en el Caribe, pero no es para convertirse en tormenta tropical\u00bb, aclar\u00f3.<\/p>\n<p>En la oficina de pron\u00f3sticos y alertas informaron que estas ondas tropicales son propias de la temporada, y que est\u00e1n generando unas presiones atmosf\u00e9ricas que inciden en el aumento de la nubosidad, las lluvias y los fuertes vientos.<\/p>\n","protected":false},"excerpt":{"rendered":"<p>Este fin de semana hay que alistar paraguas por las intensas lluvias que traer\u00e1 a la Costa Caribe el paso de dos ondas tropicales, alert\u00f3 el Ideam. Sin embargo, lo m\u00e1s grave del asunto es que las precipitaciones vendr\u00e1n acompa\u00f1adas de fuertes vientos con caracter\u00edsticas de vendavales.<\/p>\n","protected":false},"author":1,"featured_media":10975,"comment_status":"open","ping_status":"open","sticky":false,"template":"","format":"standard","meta":{"footnotes":""},"categories":[1590,2,301,6],"tags":[4349,257,6890,6889],"class_list":["post-10974","post","type-post","status-publish","format-standard","has-post-thumbnail","hentry","category-emergencias-y-desastres","category-locales","category-medio-ambiente","category-region","tag-alerta","tag-ideam","tag-lluvias-fin-de-semana","tag-pronostico-de-lluvias"],"_links":{"self":[{"href":"https:\/\/contrastes.com.co\/digital\/wp-json\/wp\/v2\/posts\/10974","targetHints":{"allow":["GET"]}}],"collection":[{"href":"https:\/\/contrastes.com.co\/digital\/wp-json\/wp\/v2\/posts"}],"about":[{"href":"https:\/\/contrastes.com.co\/digital\/wp-json\/wp\/v2\/types\/post"}],"author":[{"embeddable":true,"href":"https:\/\/contrastes.com.co\/digital\/wp-json\/wp\/v2\/users\/1"}],"replies":[{"embeddable":true,"href":"https:\/\/contrastes.com.co\/digital\/wp-json\/wp\/v2\/comments?post=10974"}],"version-history":[{"count":1,"href":"https:\/\/contrastes.com.co\/digital\/wp-json\/wp\/v2\/posts\/10974\/revisions"}],"predecessor-version":[{"id":10976,"href":"https:\/\/contrastes.com.co\/digital\/wp-json\/wp\/v2\/posts\/10974\/revisions\/10976"}],"wp:featuredmedia":[{"embeddable":true,"href":"https:\/\/contrastes.com.co\/digital\/wp-json\/wp\/v2\/media\/10975"}],"wp:attachment":[{"href":"https:\/\/contrastes.com.co\/digital\/wp-json\/wp\/v2\/media?parent=10974"}],"wp:term":[{"taxonomy":"category","embeddable":true,"href":"https:\/\/contrastes.com.co\/digital\/wp-json\/wp\/v2\/categories?post=10974"},{"taxonomy":"post_tag","embeddable":true,"href":"https:\/\/contrastes.com.co\/digital\/wp-json\/wp\/v2\/tags?post=10974"}],"curies":[{"name":"wp","href":"https:\/\/api.w.org\/{rel}","templated":true}]}}