{"id":11003,"date":"2022-08-29T15:07:04","date_gmt":"2022-08-29T20:07:04","guid":{"rendered":"https:\/\/contrastes.com.co\/digital\/?p=11003"},"modified":"2022-08-29T15:07:04","modified_gmt":"2022-08-29T20:07:04","slug":"triple-homicidio-en-montes-policia-lo-atribuye-a-guerra-entre-los-costenos","status":"publish","type":"post","link":"https:\/\/contrastes.com.co\/digital\/triple-homicidio-en-montes-policia-lo-atribuye-a-guerra-entre-los-costenos\/","title":{"rendered":"Triple homicidio en Montes: Polic\u00eda lo atribuye a guerra entre \u2018Los Coste\u00f1os\u2019"},"content":{"rendered":"<p><strong>*Triple homicidio en Montes: Polic\u00eda lo atribuye a guerra entre \u2018Los Coste\u00f1os\u2019<\/strong><\/p>\n<blockquote><p><strong>En comunicado de prensa, la instituci\u00f3n armada atribuy\u00f3 el triple homicidio a una confrontaci\u00f3n entre miembros de &#8216;Los Coste\u00f1os&#8217;, al mando de alias &#8216;Castor&#8217;, por el control del tr\u00e1fico local de estupefacientes.<\/strong><\/p><\/blockquote>\n<p><img loading=\"lazy\" decoding=\"async\" class=\"alignleft  wp-image-8551\" src=\"https:\/\/contrastes.com.co\/digital\/wp-content\/uploads\/2022\/03\/m-capitular.png\" alt=\"m capitular\" width=\"80\" height=\"80\" srcset=\"https:\/\/contrastes.com.co\/digital\/wp-content\/uploads\/2022\/03\/m-capitular.png 150w, https:\/\/contrastes.com.co\/digital\/wp-content\/uploads\/2022\/03\/m-capitular-60x60.png 60w\" sizes=\"auto, (max-width: 80px) 100vw, 80px\" \/>omentos de terror se vivieron la madrugada de este domingo en el barrio Montes cuando delincuentes en moto llegaron a la carrera 26 con calle 39 y empezaron a disparar y dieron muerte\u00a0 a tres hombres. La Polic\u00eda Metropolitana identific\u00f3 a las tres v\u00edctimas como Jorge Eli\u00e9cer Aguilar Quintero, de 54 a\u00f1os, Carlos Julio Su\u00e1rez Solano, de 68 a\u00f1os, y \u00c1ngel Mes\u00edas Alejandro, de 33 a\u00f1os, quienes estaban en la parte externa de un establecimiento comercial.<\/p>\n<p>En comunicado de prensa, la instituci\u00f3n armada atribuy\u00f3 el triple homicidio a una confrontaci\u00f3n entre miembros de &#8216;Los Coste\u00f1os&#8217;, al mando de alias &#8216;Castor&#8217;, por el control del tr\u00e1fico local de estupefacientes.<\/p>\n<p>De Aguilar Quintero, las autoridades informaron que registra dos anotaciones por tr\u00e1fico de estupefacientes, y de \u00c1ngel Mes\u00edas Alejandro, anotaci\u00f3n por el delito de fabricaci\u00f3n, tr\u00e1fico o porte de armas de fuego.<\/p>\n<p>El siguiente es el comunicado de la instituci\u00f3n armada:<\/p>\n<h3>La Polic\u00eda Metropolitana de Barranquilla se permite informar lo siguiente:<\/h3>\n<ol>\n<li>Se dispuso de un grupo de investigaci\u00f3n en coordinaci\u00f3n con la Fiscal\u00eda para el esclarecimiento de los hechos acaecidos la madrugada de este domingo en la carrera 26 con calle 39 en el que tres personas perdieron la vida al ser impactadas por proyectiles de arma de fuego.<\/li>\n<li>Sujetos en motocicletas dispararon contra estas personas que se encontraban en la parte externa de un establecimiento comercial.<\/li>\n<li>En el lugar fallecieron Jorge Eli\u00e9cer Aguilar Quintero, de 54 a\u00f1os y quien registra dos anotaciones por tr\u00e1fico de estupefacientes; y Carlos Julio Su\u00e1rez Solano, de 68 a\u00f1os. Mientras que \u00c1ngel Mes\u00edas Alejandro, de 33 a\u00f1os, muri\u00f3 cuando recib\u00eda atenci\u00f3n m\u00e9dica. Esta persona registra una anotaci\u00f3n por el delito de fabricaci\u00f3n, tr\u00e1fico o porte de armas de fuego.<\/li>\n<li>Estos hechos tendr\u00edan relaci\u00f3n con los ocurridos el 21 de agosto en el barrio Montes en los que sujetos en moto dispararon contra un ciudadano, quit\u00e1ndole la vida. La v\u00edctima era hermano de Jorge Aguilar. Por este caso, uno de los presuntos delincuentes perdi\u00f3 la vida al enfrentarse con unidades policiales y otra result\u00f3 lesionado.<\/li>\n<li>De acuerdo con las labores de polic\u00eda judicial e Inteligencia, estos hechos obedecen a una confrontaci\u00f3n entre miembros de &#8216;Los Coste\u00f1os&#8217;, al mando de alias &#8216;Castor&#8217;, por el control del tr\u00e1fico local de estupefacientes.<\/li>\n<li>La Polic\u00eda Metropolitana de Barranquilla cuenta con informaci\u00f3n y elementos materiales probatorios como videos de c\u00e1maras de seguridad que permitir\u00e1n la identificaci\u00f3n de los responsables de este hecho.<\/li>\n<\/ol>\n","protected":false},"excerpt":{"rendered":"<p>Momentos de terror se vivieron la madrugada de este domingo en el barrio Montes cuando delincuentes en moto llegaron a la carrera 26 con calle 39 y empezaron a disparar y dieron muerte\u00a0 a tres hombres. La Polic\u00eda Metropolitana identific\u00f3 a las tres v\u00edctimas como Jorge Eli\u00e9cer Aguilar Quintero, de 54 a\u00f1os, Carlos Julio Su\u00e1rez Solano, de 68 a\u00f1os, y \u00c1ngel Mes\u00edas Alejandro, de 33 a\u00f1os, quienes estaban en la parte externa de un establecimiento comercial.<\/p>\n","protected":false},"author":1,"featured_media":11004,"comment_status":"open","ping_status":"open","sticky":false,"template":"","format":"standard","meta":{"footnotes":""},"categories":[10,6],"tags":[6925,56,6208,5119,2599,5184],"class_list":["post-11003","post","type-post","status-publish","format-standard","has-post-thumbnail","hentry","category-judicial","category-region","tag-bandas-delincuenciales","tag-barranquilla","tag-barrio-montes","tag-los-costenos","tag-policia-metropolitana-de-barranquilla","tag-triple-homicidio"],"_links":{"self":[{"href":"https:\/\/contrastes.com.co\/digital\/wp-json\/wp\/v2\/posts\/11003","targetHints":{"allow":["GET"]}}],"collection":[{"href":"https:\/\/contrastes.com.co\/digital\/wp-json\/wp\/v2\/posts"}],"about":[{"href":"https:\/\/contrastes.com.co\/digital\/wp-json\/wp\/v2\/types\/post"}],"author":[{"embeddable":true,"href":"https:\/\/contrastes.com.co\/digital\/wp-json\/wp\/v2\/users\/1"}],"replies":[{"embeddable":true,"href":"https:\/\/contrastes.com.co\/digital\/wp-json\/wp\/v2\/comments?post=11003"}],"version-history":[{"count":1,"href":"https:\/\/contrastes.com.co\/digital\/wp-json\/wp\/v2\/posts\/11003\/revisions"}],"predecessor-version":[{"id":11005,"href":"https:\/\/contrastes.com.co\/digital\/wp-json\/wp\/v2\/posts\/11003\/revisions\/11005"}],"wp:featuredmedia":[{"embeddable":true,"href":"https:\/\/contrastes.com.co\/digital\/wp-json\/wp\/v2\/media\/11004"}],"wp:attachment":[{"href":"https:\/\/contrastes.com.co\/digital\/wp-json\/wp\/v2\/media?parent=11003"}],"wp:term":[{"taxonomy":"category","embeddable":true,"href":"https:\/\/contrastes.com.co\/digital\/wp-json\/wp\/v2\/categories?post=11003"},{"taxonomy":"post_tag","embeddable":true,"href":"https:\/\/contrastes.com.co\/digital\/wp-json\/wp\/v2\/tags?post=11003"}],"curies":[{"name":"wp","href":"https:\/\/api.w.org\/{rel}","templated":true}]}}