{"id":11060,"date":"2022-08-30T14:27:54","date_gmt":"2022-08-30T19:27:54","guid":{"rendered":"https:\/\/contrastes.com.co\/digital\/?p=11060"},"modified":"2022-08-30T14:52:28","modified_gmt":"2022-08-30T19:52:28","slug":"de-cada-15-negocios-de-soledad-10-son-extorsionados-comerciantes-unidos","status":"publish","type":"post","link":"https:\/\/contrastes.com.co\/digital\/de-cada-15-negocios-de-soledad-10-son-extorsionados-comerciantes-unidos\/","title":{"rendered":"\u201cDe cada 15 negocios de Soledad, 10 son extorsionados\u201d: Comerciantes Unidos"},"content":{"rendered":"<p><strong>*\u201cDe cada 15 negocios de Soledad, 10 son extorsionados\u201d: Comerciantes Unidos<\/strong><\/p>\n<blockquote><p><strong>\u201cLos comerciantes somos los que les damos vida a Soledad. Por eso estamos convocando a todas las personas a salir marchar para que acabe, de una vez por todas, este delito que nos viene afectando. Las autoridades deben cerrarle el cerco a los criminales que, desde las c\u00e1rceles, se dedican a quitarnos la plata que producimos\u201d: Comerciantes Unidos.<\/strong><\/p><\/blockquote>\n<p><img loading=\"lazy\" decoding=\"async\" class=\"alignleft  wp-image-8927\" src=\"https:\/\/contrastes.com.co\/digital\/wp-content\/uploads\/2022\/04\/comillas-capitular-2.png\" alt=\"comillas capitular 2\" width=\"68\" height=\"68\" srcset=\"https:\/\/contrastes.com.co\/digital\/wp-content\/uploads\/2022\/04\/comillas-capitular-2.png 100w, https:\/\/contrastes.com.co\/digital\/wp-content\/uploads\/2022\/04\/comillas-capitular-2-60x60.png 60w\" sizes=\"auto, (max-width: 68px) 100vw, 68px\" \/>De cada 15 negocios que funcionan en el municipio de Soledad, un total de 10 son extorsionados\u201d. As\u00ed de simple y, sin exageraci\u00f3n, seg\u00fan Carlos Jaramillo, vocero de Comerciantes de Unidos de Soledad, es el actual panorama del sector comercial de la poblaci\u00f3n, en cualquier segmento o l\u00ednea de negocio, debido a los permanentes casos de extorsi\u00f3n de los que son v\u00edctimas.<\/p>\n<p>A ra\u00edz de esa situaci\u00f3n, de acuerdo con lo expuesto por Jaramillo, se plantea que el pr\u00f3ximo 7 de septiembre se cierre \u201cel comercio de Soledad, que incluye unos 3.000 establecimientos que se han puesto de acuerdo, para llamar la atenci\u00f3n del gobierno municipal, departamental y nacional\u201d.<\/p>\n<p>Agreg\u00f3 que a trav\u00e9s de redes sociales han conseguido convocar a muchos de los comerciantes que han sido v\u00edctimas del flagelo para que se unan \u201ccon el mismo fin de cerrar todo, pero de una manera pac\u00edfica\u201d.<\/p>\n<p>\u201cLos comerciantes somos los que les damos vida a Soledad. Por eso estamos convocando a todas las personas a salir marchar para que acabe, de una vez por todas, este delito que nos viene afectando. Las autoridades deben cerrarle el cerco a los criminales que, desde las c\u00e1rceles, se dedican a quitarnos la plata que producimos\u201d, anot\u00f3 Jaramillo.<\/p>\n<p>Incluso, el representante del gremio se\u00f1al\u00f3 que se busca vincular a las grandes superficies para que ese d\u00eda 7 de septiembre \u201ctambi\u00e9n apoyen el clamor del peque\u00f1o comerciante\u201d.<\/p>\n<h3><strong>La UNDECO no apoya el paro de comerciantes<\/strong><\/h3>\n<p>Este martes, se conoci\u00f3 a trav\u00e9s de un comunicado de la Uni\u00f3n Nacional de Comerciantes, UNDECO, la posici\u00f3n de la asociaci\u00f3n de cara al cierre total de establecimientos por parte de diferentes peque\u00f1os comerciantes del monicipio de Soledad.<\/p>\n<p>\u00abLa UNDECO hace saber a los medios de comunicaci\u00f3n y p\u00fablico en general, que esta asociaci\u00f3n no est\u00e1 organizando ni apoyando el evento antes mencionado, pues no tenemos conocimiento de qui\u00e9nes est\u00e1n haciendo dicha convocatoria\u00bb, indic\u00f3.<\/p>\n<p>Asimismo, la organizaci\u00f3n de comerciantes confirm\u00f3 que, en di\u00e1logo con el secretario de gobierno de Soledad, el doctor Samir Serret, no se tiene ninguna informaci\u00f3n clara respecto a los convocantes.<\/p>\n<p>\u201cDe igual manera, en horas de la tarde, conversando con el gerente de la Gran Central de Abastos del caribe, doctor Alex Riveira Acosta-Madiedo y la directora de ASABA, Mireilli Camacho, manifestaron desconocer a los convocantes de este evento. Finalmente, el gerente de Granabastos, manifest\u00f3 que, el 7 de septiembre, la central de abastos laborar\u00e1 de forma normal\u201d, a\u00f1adi\u00f3 la corporaci\u00f3n.<\/p>\n<p>Por \u00faltimo, la UNDECO sostuvo que aunque son conscientes de la problem\u00e1tica de extorsi\u00f3n \u201cque afecta a micro, peque\u00f1os y medianos comerciantes\u201d, no est\u00e1n apoyando estas actividades de cierre de comercio.<\/p>\n","protected":false},"excerpt":{"rendered":"<p>\u201cDe cada 15 negocios que funcionan en el municipio de Soledad, un total de 10 son extorsionados\u201d. As\u00ed de simple y, sin exageraci\u00f3n, seg\u00fan Carlos Jaramillo, vocero de Comerciantes de Unidos de Soledad, es el actual panorama del sector comercial de la poblaci\u00f3n, en cualquier segmento o l\u00ednea de negocio, debido a los permanentes casos de extorsi\u00f3n de los que son v\u00edctimas.<\/p>\n","protected":false},"author":1,"featured_media":11061,"comment_status":"open","ping_status":"open","sticky":false,"template":"","format":"standard","meta":{"footnotes":""},"categories":[10,2,3234],"tags":[5118,6954,355,38,6970,3974],"class_list":["post-11060","post","type-post","status-publish","format-standard","has-post-thumbnail","hentry","category-judicial","category-locales","category-protestas","tag-amenazas","tag-comerciantes","tag-extorsion","tag-municipio-de-soledad","tag-paro","tag-tenderos"],"_links":{"self":[{"href":"https:\/\/contrastes.com.co\/digital\/wp-json\/wp\/v2\/posts\/11060","targetHints":{"allow":["GET"]}}],"collection":[{"href":"https:\/\/contrastes.com.co\/digital\/wp-json\/wp\/v2\/posts"}],"about":[{"href":"https:\/\/contrastes.com.co\/digital\/wp-json\/wp\/v2\/types\/post"}],"author":[{"embeddable":true,"href":"https:\/\/contrastes.com.co\/digital\/wp-json\/wp\/v2\/users\/1"}],"replies":[{"embeddable":true,"href":"https:\/\/contrastes.com.co\/digital\/wp-json\/wp\/v2\/comments?post=11060"}],"version-history":[{"count":1,"href":"https:\/\/contrastes.com.co\/digital\/wp-json\/wp\/v2\/posts\/11060\/revisions"}],"predecessor-version":[{"id":11062,"href":"https:\/\/contrastes.com.co\/digital\/wp-json\/wp\/v2\/posts\/11060\/revisions\/11062"}],"wp:featuredmedia":[{"embeddable":true,"href":"https:\/\/contrastes.com.co\/digital\/wp-json\/wp\/v2\/media\/11061"}],"wp:attachment":[{"href":"https:\/\/contrastes.com.co\/digital\/wp-json\/wp\/v2\/media?parent=11060"}],"wp:term":[{"taxonomy":"category","embeddable":true,"href":"https:\/\/contrastes.com.co\/digital\/wp-json\/wp\/v2\/categories?post=11060"},{"taxonomy":"post_tag","embeddable":true,"href":"https:\/\/contrastes.com.co\/digital\/wp-json\/wp\/v2\/tags?post=11060"}],"curies":[{"name":"wp","href":"https:\/\/api.w.org\/{rel}","templated":true}]}}