{"id":11063,"date":"2022-08-30T14:41:47","date_gmt":"2022-08-30T19:41:47","guid":{"rendered":"https:\/\/contrastes.com.co\/digital\/?p=11063"},"modified":"2022-08-30T14:41:47","modified_gmt":"2022-08-30T19:41:47","slug":"nuevo-proyecto-para-playas-country-y-sabanilla-ii-estara-listo-en-diciembre","status":"publish","type":"post","link":"https:\/\/contrastes.com.co\/digital\/nuevo-proyecto-para-playas-country-y-sabanilla-ii-estara-listo-en-diciembre\/","title":{"rendered":"Nuevo proyecto para playas Country y Sabanilla II estar\u00e1 listo en diciembre"},"content":{"rendered":"<p><strong>*Nuevo proyecto para playas Country y Sabanilla II estar\u00e1 listo en diciembre<\/strong><\/p>\n<blockquote><p><strong>*La gobernadora del Atl\u00e1ntico, Elsa Noguera, inspeccion\u00f3 las obras de ordenamiento de las playas Country y Sabanilla II para conocer el avance de las mismas y determinar el mobiliario que tendr\u00e1n.<\/strong><\/p>\n<p><strong>*La mandataria asegur\u00f3 que ya est\u00e1 listo el prototipo de lo que ser\u00e1 el comedor, los kioscos, cocinas y una zona de arborizaci\u00f3n frente al mar.<\/strong><\/p>\n<p><strong>*El proyecto de infraestructura tur\u00edstica contempla una intervenci\u00f3n urbana y paisaj\u00edstica, que las convertir\u00e1n en las mejores playas de entretenimiento del pa\u00eds.<\/strong><\/p><\/blockquote>\n<p><img loading=\"lazy\" decoding=\"async\" class=\"alignleft  wp-image-8524\" src=\"https:\/\/contrastes.com.co\/digital\/wp-content\/uploads\/2022\/03\/l-capitular.png\" alt=\"l capitular\" width=\"75\" height=\"75\" srcset=\"https:\/\/contrastes.com.co\/digital\/wp-content\/uploads\/2022\/03\/l-capitular.png 150w, https:\/\/contrastes.com.co\/digital\/wp-content\/uploads\/2022\/03\/l-capitular-60x60.png 60w\" sizes=\"auto, (max-width: 75px) 100vw, 75px\" \/>a <strong>gobernadora del Atl\u00e1ntico, Elsa Noguera<\/strong>, inspeccion\u00f3 este martes las <strong>obras de ordenamiento de las playas Country y Sabanilla II, en Puerto Colombia<\/strong>, para verificar el mobiliario que tendr\u00e1n, con el fin de que puedan entrar en funcionamiento en el mes de diciembre.<\/p>\n<p>\u201cEstamos en las playas de Country y Sabanilla, como vemos ya nos hicieron el prototipo de lo que va a ser el comedor, c\u00f3modos kioscos instalados con mucha sombra; atr\u00e1s vamos a tener las cocinas y adelante tendremos una zona de arborizaci\u00f3n, con palmeras, unos kioscos que llegan a la arena y una serie de carpas, para que la gente pueda disfrutar cerca al mar un d\u00eda de sol\u201d, destac\u00f3 la Gobernadora.<\/p>\n<p>La mandataria agreg\u00f3 que, con las obras de ordenamiento, habr\u00e1 espacio para todas las posibilidades de entretenimiento y para la pr\u00e1ctica de deportes de playa. \u201cAdem\u00e1s, brindar\u00e1 tranquilidad a las familias porque estar\u00e1n en unas playas seguras, limpias, con lugares de esparcimiento y una variedad de opciones para el disfrute. Ser\u00e1n un referente local y nacional, ya que tendremos las mejores playas de entretenimiento del pa\u00eds\u201d, resalt\u00f3 Noguera.<\/p>\n<figure id=\"attachment_11066\" aria-describedby=\"caption-attachment-11066\" style=\"width: 800px\" class=\"wp-caption aligncenter\"><img loading=\"lazy\" decoding=\"async\" class=\"wp-image-11066 size-full\" src=\"https:\/\/contrastes.com.co\/digital\/wp-content\/uploads\/2022\/08\/anigif.gif\" alt=\"country y sabanilla\" width=\"800\" height=\"442\" \/><figcaption id=\"caption-attachment-11066\" class=\"wp-caption-text\">Las playas tendr\u00e1n c\u00f3modos kioscos instalados con mucha sombra; atr\u00e1s las cocinas y adelante una zona de arborizaci\u00f3n, con palmeras, unos kioscos que llegan a la arena y una serie de carpas, para que la gente pueda disfrutar cerca al mar un d\u00eda de sol.<\/figcaption><\/figure>\n<p>El <strong>secretario de Desarrollo Econ\u00f3mico, Luis Humberto Mart\u00ednez<\/strong>, se\u00f1al\u00f3 que se est\u00e1 trabajando para poder dotar a las playas Country y Sabanilla II de la mejor infraestructura posible, con el prop\u00f3sito de posicionar al Atl\u00e1ntico como un destino vacacional de sol y playa en el Caribe colombiano. \u201cEste trabajo de ordenamiento de playas e infraestructura tur\u00edstica en Puerto Colombia es modelo a nivel nacional, sin precedentes en el Atl\u00e1ntico y en el pa\u00eds. Esta intervenci\u00f3n va a permitir el disfrute de los turistas locales, nacionales e internacionales en unas playas organizadas, con una oferta acorde a sus necesidades y, por eso, la administraci\u00f3n departamental se ha empe\u00f1ado en ejecutar estas importantes obras, que van a seguir impulsando y reactivando el turismo en el departamento\u201d, indic\u00f3 Mart\u00ednez.<\/p>\n<p>Hoy uno de los grandes frentes que lidera la Gobernaci\u00f3n es la <strong>inversi\u00f3n en infraestructura tur\u00edstica<\/strong>, como una gran apuesta para aumentar la <strong>competitividad del Atl\u00e1ntico en el escenario nacional e internacional<\/strong>. Adem\u00e1s, para generar un desarrollo de vanguardia y sostenibilidad en los espacios tur\u00edsticos, tambi\u00e9n se apuesta por ofrecer condiciones de disfrute y accesibilidad universal.<\/p>\n","protected":false},"excerpt":{"rendered":"<p>La gobernadora del Atl\u00e1ntico, Elsa Noguera, inspeccion\u00f3 este martes las obras de ordenamiento de las playas Country y Sabanilla II, en Puerto Colombia, para verificar el mobiliario que tendr\u00e1n, con el fin de que puedan entrar en funcionamiento en el mes de diciembre.<\/p>\n","protected":false},"author":1,"featured_media":11064,"comment_status":"open","ping_status":"open","sticky":false,"template":"","format":"standard","meta":{"footnotes":""},"categories":[965,6,964],"tags":[31,30,6972,6612,555,6234,6971,938],"class_list":["post-11063","post","type-post","status-publish","format-standard","has-post-thumbnail","hentry","category-playas","category-region","category-turismo","tag-elsa-noguera","tag-gobernacion-del-atlantico","tag-inversion-en-infraestructura-turistica","tag-luis-humberto-martinez","tag-municipio-de-puerto-colombia","tag-playas-country","tag-playas-sabanilla-ii","tag-secretario-de-desarrollo-economico"],"_links":{"self":[{"href":"https:\/\/contrastes.com.co\/digital\/wp-json\/wp\/v2\/posts\/11063","targetHints":{"allow":["GET"]}}],"collection":[{"href":"https:\/\/contrastes.com.co\/digital\/wp-json\/wp\/v2\/posts"}],"about":[{"href":"https:\/\/contrastes.com.co\/digital\/wp-json\/wp\/v2\/types\/post"}],"author":[{"embeddable":true,"href":"https:\/\/contrastes.com.co\/digital\/wp-json\/wp\/v2\/users\/1"}],"replies":[{"embeddable":true,"href":"https:\/\/contrastes.com.co\/digital\/wp-json\/wp\/v2\/comments?post=11063"}],"version-history":[{"count":1,"href":"https:\/\/contrastes.com.co\/digital\/wp-json\/wp\/v2\/posts\/11063\/revisions"}],"predecessor-version":[{"id":11067,"href":"https:\/\/contrastes.com.co\/digital\/wp-json\/wp\/v2\/posts\/11063\/revisions\/11067"}],"wp:featuredmedia":[{"embeddable":true,"href":"https:\/\/contrastes.com.co\/digital\/wp-json\/wp\/v2\/media\/11064"}],"wp:attachment":[{"href":"https:\/\/contrastes.com.co\/digital\/wp-json\/wp\/v2\/media?parent=11063"}],"wp:term":[{"taxonomy":"category","embeddable":true,"href":"https:\/\/contrastes.com.co\/digital\/wp-json\/wp\/v2\/categories?post=11063"},{"taxonomy":"post_tag","embeddable":true,"href":"https:\/\/contrastes.com.co\/digital\/wp-json\/wp\/v2\/tags?post=11063"}],"curies":[{"name":"wp","href":"https:\/\/api.w.org\/{rel}","templated":true}]}}