{"id":1107,"date":"2020-05-25T14:26:19","date_gmt":"2020-05-25T19:26:19","guid":{"rendered":"https:\/\/contrastes.com.co\/digital\/?p=1107"},"modified":"2020-07-02T23:28:26","modified_gmt":"2020-07-03T04:28:26","slug":"gobernacion-entrega-ayudas-tecnicas-a-la-poblacion-con-discapacidad","status":"publish","type":"post","link":"https:\/\/contrastes.com.co\/digital\/gobernacion-entrega-ayudas-tecnicas-a-la-poblacion-con-discapacidad\/","title":{"rendered":"Entregan ayudas t\u00e9cnicas a la poblaci\u00f3n con discapacidad"},"content":{"rendered":"<blockquote><p><strong>&#8211; Las ayudas consisten en sillas de ruedas, muletas y bastones que les sirven a las personas con discapacidad para tener mejor movilidad.<\/strong><\/p>\n<p><strong>&#8211; La Gobernaci\u00f3n visit\u00f3 los municipios de Luruaco, Sabanalarga y Polonuevo para hacer la entrega de 11 ayudas.<\/strong><\/p>\n<p>&nbsp;<\/p><\/blockquote>\n<p><img loading=\"lazy\" decoding=\"async\" class=\"alignleft  wp-image-584\" src=\"https:\/\/contrastes.com.co\/digital\/wp-content\/uploads\/2020\/04\/l-capitular.png\" alt=\"l capitular\" width=\"82\" height=\"82\" srcset=\"https:\/\/contrastes.com.co\/digital\/wp-content\/uploads\/2020\/04\/l-capitular.png 100w, https:\/\/contrastes.com.co\/digital\/wp-content\/uploads\/2020\/04\/l-capitular-60x60.png 60w\" sizes=\"auto, (max-width: 82px) 100vw, 82px\" \/>as ayudas humanitarias en el departamento del Atl\u00e1ntico no se detienen. La gobernadora Elsa Noguera tambi\u00e9n hace entrega de unas ayudas espec\u00edficas para la poblaci\u00f3n en situaci\u00f3n de discapacidad, que ha visto sus ingresos afectados en medio de la emergencia sanitaria por la pandemia de la Covid 19.<\/p>\n<p>\u201cEstamos en Santa Cruz, Luruaco, visitando a Eva Villanueva, quien nos ha solicitado una silla de ruedas y que pudimos tra\u00e9rsela para mitigar un poco est\u00e1 dif\u00edcil situaci\u00f3n de la pandemia en donde todos estamos haciendo un gran esfuerzo para sobrellevarla de la mejor manera\u201d, expres\u00f3 la gobernadora Elsa Noguera.<\/p>\n<p>Por su parte, Eva le expres\u00f3 a la gobernadora, Elsa Noguera, su agradecimiento por llevarle personalmente la silla de ruedas. \u201cQuiero darle las gracias por este gran regalo. Estoy muy feliz porque podr\u00e9 estar m\u00e1s c\u00f3moda para hacer mis actividades\u201d, dijo la joven de 15 a\u00f1os.<\/p>\n<p>Adem\u00e1s de la silla de ruedas a Eva Villanueva, la Gobernaci\u00f3n tambi\u00e9n entreg\u00f3 10 ayudas t\u00e9cnicas, (como sillas de ruedas, muletas y bastones) a otras personas en condici\u00f3n de discapacidad en los municipios de Sabanalarga y Polonuevo. Estos elementos garantizan que estas personas logren tener m\u00e1s independencia para realizar sus actividades.<\/p>\n<p><img loading=\"lazy\" decoding=\"async\" class=\"alignleft size-full wp-image-1109\" src=\"https:\/\/contrastes.com.co\/digital\/wp-content\/uploads\/2020\/05\/discapa35.jpg\" alt=\"poblacion discapcidad 2\" width=\"1200\" height=\"675\" srcset=\"https:\/\/contrastes.com.co\/digital\/wp-content\/uploads\/2020\/05\/discapa35.jpg 1200w, https:\/\/contrastes.com.co\/digital\/wp-content\/uploads\/2020\/05\/discapa35-300x169.jpg 300w, https:\/\/contrastes.com.co\/digital\/wp-content\/uploads\/2020\/05\/discapa35-1024x576.jpg 1024w, https:\/\/contrastes.com.co\/digital\/wp-content\/uploads\/2020\/05\/discapa35-768x432.jpg 768w, https:\/\/contrastes.com.co\/digital\/wp-content\/uploads\/2020\/05\/discapa35-107x60.jpg 107w\" sizes=\"auto, (max-width: 1200px) 100vw, 1200px\" \/><\/p>\n<p>Mayerlys Lejarde, otra de las beneficiarias de las ayudas t\u00e9cnicas y residente en el municipio de Sabanalarga, expres\u00f3 sus agradecimientos y dijo que su sue\u00f1o ahora es estudiar dise\u00f1o gr\u00e1fico para trabajar y ayudar a su mam\u00e1.<\/p>\n<p>\u201cMe gradu\u00e9 como t\u00e9cnico en seguridad ocupacional. Esta silla de ruedas es una soluci\u00f3n para mi movilidad y, de esta manera, puedo trabajar y hacer mis sue\u00f1os una realidad\u201d, expres\u00f3.<\/p>\n<p>La gobernadora, Elsa Noguera, dijo que desde el Departamento y con el apoyo de los alcaldes se seguir\u00e1n articulando esfuerzos para que las EPS le cumplan a la poblaci\u00f3n con discapacidad con el suministro de los implementos que ellos necesitan.<\/p>\n<p>La Gobernaci\u00f3n del Atl\u00e1ntico seguir\u00e1 trabajando para que la poblaci\u00f3n en condici\u00f3n de discapacidad reciba ayudas t\u00e9cnicas y humanitarias, y as\u00ed estas personas tengan un poco m\u00e1s de independencia dentro de sus hogares para poder evitar el contagio del Covid-19.<\/p>\n","protected":false},"excerpt":{"rendered":"<p>&#8211; Las ayudas consisten en sillas de ruedas, muletas y bastones que les sirven a las personas con discapacidad para tener mejor movilidad. &#8211; La Gobernaci\u00f3n visit\u00f3 los municipios de Luruaco, Sabanalarga y Polonuevo para hacer la entrega de 11 ayudas. &nbsp; as ayudas humanitarias en el departamento del Atl\u00e1ntico no se detienen. La gobernadora [&hellip;]<\/p>\n","protected":false},"author":1,"featured_media":1108,"comment_status":"open","ping_status":"open","sticky":false,"template":"","format":"standard","meta":{"footnotes":""},"categories":[70,2],"tags":[80,42,31,30,376],"class_list":["post-1107","post","type-post","status-publish","format-standard","has-post-thumbnail","hentry","category-coronavirus","category-locales","tag-ayudas-alimentarias","tag-coronavirus","tag-elsa-noguera","tag-gobernacion-del-atlantico","tag-poblacion-discapacidad"],"_links":{"self":[{"href":"https:\/\/contrastes.com.co\/digital\/wp-json\/wp\/v2\/posts\/1107","targetHints":{"allow":["GET"]}}],"collection":[{"href":"https:\/\/contrastes.com.co\/digital\/wp-json\/wp\/v2\/posts"}],"about":[{"href":"https:\/\/contrastes.com.co\/digital\/wp-json\/wp\/v2\/types\/post"}],"author":[{"embeddable":true,"href":"https:\/\/contrastes.com.co\/digital\/wp-json\/wp\/v2\/users\/1"}],"replies":[{"embeddable":true,"href":"https:\/\/contrastes.com.co\/digital\/wp-json\/wp\/v2\/comments?post=1107"}],"version-history":[{"count":2,"href":"https:\/\/contrastes.com.co\/digital\/wp-json\/wp\/v2\/posts\/1107\/revisions"}],"predecessor-version":[{"id":1668,"href":"https:\/\/contrastes.com.co\/digital\/wp-json\/wp\/v2\/posts\/1107\/revisions\/1668"}],"wp:featuredmedia":[{"embeddable":true,"href":"https:\/\/contrastes.com.co\/digital\/wp-json\/wp\/v2\/media\/1108"}],"wp:attachment":[{"href":"https:\/\/contrastes.com.co\/digital\/wp-json\/wp\/v2\/media?parent=1107"}],"wp:term":[{"taxonomy":"category","embeddable":true,"href":"https:\/\/contrastes.com.co\/digital\/wp-json\/wp\/v2\/categories?post=1107"},{"taxonomy":"post_tag","embeddable":true,"href":"https:\/\/contrastes.com.co\/digital\/wp-json\/wp\/v2\/tags?post=1107"}],"curies":[{"name":"wp","href":"https:\/\/api.w.org\/{rel}","templated":true}]}}