{"id":11094,"date":"2022-08-31T16:54:42","date_gmt":"2022-08-31T21:54:42","guid":{"rendered":"https:\/\/contrastes.com.co\/digital\/?p=11094"},"modified":"2022-08-31T16:54:42","modified_gmt":"2022-08-31T21:54:42","slug":"conversacion-ciudadana-un-foro-constructivo-de-ciudad-por-juan-altamar-santodomingo","status":"publish","type":"post","link":"https:\/\/contrastes.com.co\/digital\/conversacion-ciudadana-un-foro-constructivo-de-ciudad-por-juan-altamar-santodomingo\/","title":{"rendered":"CONVERSACION CIUDADANA: Un Foro Constructivo de Ciudad por Juan Altamar Santodomingo"},"content":{"rendered":"<p><strong>CONVERSACION CIUDADANA: Un Foro Constructivo de Ciudad<\/strong><\/p>\n<blockquote><p><strong>Si el tema es serio, se debe estudiar a fondo la caracterizaci\u00f3n de la ciudad, sus potenciales, debilidades, fortalezas y oportunidades reales, para entender c\u00f3mo se articula con la regi\u00f3n y el pa\u00eds, sobre el cometido de las grandes estrategias de desarrollo social y estructural. Cu\u00e1l es el potencial de ingresos, c\u00f3mo se garantiza el buen manejo de los recursos; cuales son las prioridades en los diferentes sectores; que realidad socio demogr\u00e1fica se vive, o sea, la densidad poblacional comparada con otros territorios homog\u00e9neos, para motivar el inter\u00e9s nacional e internacional.<\/strong><\/p><\/blockquote>\n<p><strong><img loading=\"lazy\" decoding=\"async\" class=\"size-full wp-image-9583 alignleft\" src=\"https:\/\/contrastes.com.co\/digital\/wp-content\/uploads\/2022\/05\/juan-altamar.png\" alt=\"juan altamar\" width=\"100\" height=\"106\" \/><\/strong><\/p>\n<p>&nbsp;<\/p>\n<p><strong>Por: Juan Altamar Santodomingo<\/strong><\/p>\n<p>&nbsp;<\/p>\n<p>&nbsp;<\/p>\n<p><img loading=\"lazy\" decoding=\"async\" class=\"alignleft  wp-image-8529\" src=\"https:\/\/contrastes.com.co\/digital\/wp-content\/uploads\/2022\/03\/e-capitular.png\" alt=\"e capitular\" width=\"62\" height=\"62\" srcset=\"https:\/\/contrastes.com.co\/digital\/wp-content\/uploads\/2022\/03\/e-capitular.png 150w, https:\/\/contrastes.com.co\/digital\/wp-content\/uploads\/2022\/03\/e-capitular-60x60.png 60w\" sizes=\"auto, (max-width: 62px) 100vw, 62px\" \/>l<strong> ejercicio de las Conversaciones Ciudadanas<\/strong>, ha sido recibido con agradable aceptaci\u00f3n por sectores ciudadanos de diferentes quehaceres. Tan es as\u00ed, que muchos expresan deseo de realizar un foro permanente, constructivo, respetuoso, para conversar, debatir y concertar temas de ciudad, o sea -pasado, presente y futuro a treinta a\u00f1os- pero tambi\u00e9n abordar temas de arte, superaci\u00f3n personal, cultura ciudadana, cultura pol\u00edtica, responsabilidad social, tecnolog\u00edas, deporte, familia, y hasta buscar el por qu\u00e9 la d\u00e9cima, expresi\u00f3n po\u00e9tica de anta\u00f1o, no se riega y entonces produce pocos frutos.<\/p>\n<p>Por las caracter\u00edsticas de nuestro municipio, la conversaci\u00f3n sobre pol\u00edtica y administraci\u00f3n es diaria en los temas de servicios p\u00fablicos, relaciones y alianzas de incipientes campa\u00f1as, c\u00e1balas recogidas en las esquinas o tradici\u00f3n sociocultural de la palabra, presentadas como el s\u00fammum, pero que falla cuando se \u201cafirma\u201d sin confirmaci\u00f3n, pero con deseo, sobre la preponderancia de sectores o partidos pol\u00edticos para colocar mandatarios locales. Hay una pl\u00e9yade de personas que ya tienen logo y lema de campa\u00f1a, otros afirman tener la bendici\u00f3n de los sectores alternativos o de fuerzas partidistas, \u00e9stas, poco receptivas si alg\u00fan aspirante adelantado, anuncia que est\u00e1 ungido sin haber obtenido el gui\u00f1o.<\/p>\n<p>Es interesante cuando varias personas ofrecen disposici\u00f3n y vocaci\u00f3n para servir con transparencia y capacidad por el desarrollo de una ciudad. Entonces, se presupone que someter\u00e1n su historia \u00e9tica-profesional, conocimiento, capacidad, preparaci\u00f3n y antecedentes de servicio p\u00fablico, a la evaluaci\u00f3n de la gente, para luego obtener legitimaci\u00f3n ciudadana. Muy bueno, que por encima de la mec\u00e1nica proselitista se haga el ejercicio de exponer en lenguaje propio, sobre el c\u00f3mo caracterizan la ciudad; cuales son los proyectos estrat\u00e9gicos que se deben abocar a mediano y largo plazo -que es entre uno y cinco quinquenios- que visi\u00f3n y experiencia de su perfil se resalta para abordar procesos de participaci\u00f3n, inclusi\u00f3n, planificaci\u00f3n y ejecuci\u00f3n de actividades. En fin, los temas que hacen reflexionar al ciudadano para forjarse decisiones libres, que le acercan a la realidad so\u00f1ada de procesos participativos electorales.<\/p>\n<p>Al parecer el tema es f\u00e1cil, si de utilizar elementos comunes del proselitismo se trata; o sea, buscar apoyos ofreciendo lo que no se tiene y que nunca ser\u00e1 de su propiedad, como es el bien p\u00fablico; prometer hacer hasta lo que no corresponde a las competencias de la entidad que aspira; ignorar que la gente nos ve y eval\u00faa por sus percepciones, no por lo que uno diga o promueva de s\u00ed mismo; enga\u00f1arse con mediciones direccionadas y auto controladas con sondeos denominados \u201cencuestas\u201d para mostrarse como quieren, olvidando que es, c\u00f3mo nos ven los dem\u00e1s.<\/p>\n<p>Pero si el tema es serio, se debe estudiar a fondo la caracterizaci\u00f3n de la ciudad, sus potenciales, debilidades, fortalezas y oportunidades reales, para entender c\u00f3mo se articula con la regi\u00f3n y el pa\u00eds, sobre el cometido de las grandes estrategias de desarrollo social y estructural. Cu\u00e1l es el potencial de ingresos, c\u00f3mo se garantiza el buen manejo de los recursos; cuales son las prioridades en los diferentes sectores; que realidad socio demogr\u00e1fica se vive, o sea, la densidad poblacional comparada con otros territorios homog\u00e9neos, para motivar el inter\u00e9s nacional e internacional.<\/p>\n<p>Entonces se trata de Pensar el Desarrollo de Ciudad, que es concebirla organizada, preparada para dar soluciones a las necesidades de diversos sectores; abierta y participativa al dise\u00f1o y puesta en marcha de escenarios tem\u00e1ticos que estimulen positivamente acciones sobre el medio ambiente, la sostenibilidad la verdadera participaci\u00f3n ciudadana. Para esto, es fundamental saber cu\u00e1l es el potencial del territorio desde la realidad, su papel articulado con el \u00c1rea Metropolitana y el departamento del Atl\u00e1ntico. Pero la municipalidad requiere con urgencia implementar un sistema de Hacienda P\u00fablica moderno, que impacte las finanzas con procesos de recaudo, eficientes y eficaces y que todos los contribuyentes asuman su responsabilidad, sin privilegiar intereses particulares.<\/p>\n<p>Hay tiempo para que los aspirantes repasen, fortalezcan y adquieran nuevos conocimientos espec\u00edficos sobre la ciudad, porque a\u00fan falta mucho para el debate, y eso permite repasar, analizar, e identificar lo que la agente quiere, para as\u00ed ofrecer un servicio abnegado y generoso, \u00fatil a la colectividad. Pero claro est\u00e1, hay que hacerlo saber a la gente.<\/p>\n","protected":false},"excerpt":{"rendered":"<p>El ejercicio de las Conversaciones Ciudadanas, ha sido recibido con agradable aceptaci\u00f3n por sectores ciudadanos de diferentes quehaceres. Tan es as\u00ed, que muchos expresan deseo de realizar un foro permanente, constructivo, respetuoso, para conversar, debatir y concertar temas de ciudad, o sea -pasado, presente y futuro a treinta a\u00f1os- pero tambi\u00e9n abordar temas de arte, superaci\u00f3n personal, cultura ciudadana, cultura pol\u00edtica, responsabilidad social, tecnolog\u00edas, deporte, familia, y hasta buscar el por qu\u00e9 la d\u00e9cima, expresi\u00f3n po\u00e9tica de anta\u00f1o, no se riega y entonces produce pocos frutos.<\/p>\n","protected":false},"author":1,"featured_media":11095,"comment_status":"open","ping_status":"open","sticky":false,"template":"","format":"standard","meta":{"footnotes":""},"categories":[85,2378,2,235,6],"tags":[1228,7003,5946,38,236],"class_list":["post-11094","post","type-post","status-publish","format-standard","has-post-thumbnail","hentry","category-analisis","category-columnistas","category-locales","category-opinion","category-region","tag-analisis","tag-foro-constructivo-de-ciudad","tag-juan-altamar-santodomingo","tag-municipio-de-soledad","tag-opinion"],"_links":{"self":[{"href":"https:\/\/contrastes.com.co\/digital\/wp-json\/wp\/v2\/posts\/11094","targetHints":{"allow":["GET"]}}],"collection":[{"href":"https:\/\/contrastes.com.co\/digital\/wp-json\/wp\/v2\/posts"}],"about":[{"href":"https:\/\/contrastes.com.co\/digital\/wp-json\/wp\/v2\/types\/post"}],"author":[{"embeddable":true,"href":"https:\/\/contrastes.com.co\/digital\/wp-json\/wp\/v2\/users\/1"}],"replies":[{"embeddable":true,"href":"https:\/\/contrastes.com.co\/digital\/wp-json\/wp\/v2\/comments?post=11094"}],"version-history":[{"count":1,"href":"https:\/\/contrastes.com.co\/digital\/wp-json\/wp\/v2\/posts\/11094\/revisions"}],"predecessor-version":[{"id":11096,"href":"https:\/\/contrastes.com.co\/digital\/wp-json\/wp\/v2\/posts\/11094\/revisions\/11096"}],"wp:featuredmedia":[{"embeddable":true,"href":"https:\/\/contrastes.com.co\/digital\/wp-json\/wp\/v2\/media\/11095"}],"wp:attachment":[{"href":"https:\/\/contrastes.com.co\/digital\/wp-json\/wp\/v2\/media?parent=11094"}],"wp:term":[{"taxonomy":"category","embeddable":true,"href":"https:\/\/contrastes.com.co\/digital\/wp-json\/wp\/v2\/categories?post=11094"},{"taxonomy":"post_tag","embeddable":true,"href":"https:\/\/contrastes.com.co\/digital\/wp-json\/wp\/v2\/tags?post=11094"}],"curies":[{"name":"wp","href":"https:\/\/api.w.org\/{rel}","templated":true}]}}