{"id":11180,"date":"2022-09-05T14:51:09","date_gmt":"2022-09-05T19:51:09","guid":{"rendered":"https:\/\/contrastes.com.co\/digital\/?p=11180"},"modified":"2022-09-05T15:20:04","modified_gmt":"2022-09-05T20:20:04","slug":"barranquilla-la-ciudad-mas-cara-de-colombia-en-el-mes-de-agosto","status":"publish","type":"post","link":"https:\/\/contrastes.com.co\/digital\/barranquilla-la-ciudad-mas-cara-de-colombia-en-el-mes-de-agosto\/","title":{"rendered":"Barranquilla la ciudad m\u00e1s cara de Colombia en el mes de agosto"},"content":{"rendered":"<p><strong>*Barranquilla la ciudad m\u00e1s cara de Colombia en el mes de agosto<\/strong><\/p>\n<blockquote><p><strong>La capital del Atl\u00e1ntico tuvo una inflaci\u00f3n del 1,94% que repercute directamente en los costos del transporte, la electricidad, comidas en restaurantes y autoservicio, alojamiento, agua, electricidad y gas, \u00edtems estos que jalonaron las cifras de Barranquilla.<\/strong><\/p><\/blockquote>\n<p><img loading=\"lazy\" decoding=\"async\" class=\"alignleft wp-image-8758\" src=\"https:\/\/contrastes.com.co\/digital\/wp-content\/uploads\/2022\/04\/d-capitular.png\" alt=\"\" width=\"60\" height=\"60\" srcset=\"https:\/\/contrastes.com.co\/digital\/wp-content\/uploads\/2022\/04\/d-capitular.png 100w, https:\/\/contrastes.com.co\/digital\/wp-content\/uploads\/2022\/04\/d-capitular-60x60.png 60w\" sizes=\"auto, (max-width: 60px) 100vw, 60px\" \/>urante el reci\u00e9n finalizado mes de agosto Barranquilla se posicion\u00f3 como la ciudad m\u00e1s costosa del pa\u00eds, de acuerdo con el bolet\u00edn del \u00edndice de Precios al Consumidor IPC, estudio que constantemente realiza el Departamento Administrativo Nacional de Estad\u00edstica DANE.<\/p>\n<p>Y es que la capital del Atl\u00e1ntico tuvo una inflaci\u00f3n del 1,94% que repercute directamente en los costos del transporte, la electricidad, comidas en restaurantes y autoservicio, alojamiento, agua, electricidad y gas, \u00edtems estos que jalonaron las cifras de Barranquilla.<\/p>\n<p>Preocupante es que las otras tres ciudades m\u00e1s caras de Colombia son tambi\u00e9n entes territoriales de la costa Caribe. Detr\u00e1s de Barranquilla se ubica Santa Marta (1,56%) como la segunda ciudad m\u00e1s cara del pa\u00eds seguida por Riohacha (1,50%) y Valledupar (1,47%) las cuatro ciudades estuvieron por encima de las grandes capitales del pa\u00eds, como Bogot\u00e1, Medell\u00edn y Cali.<\/p>\n<h3>Las ciudades de la costa Caribe son las m\u00e1s caras<\/h3>\n<p>Ya para el mes de mayo se observaba una escalada en el IPC para las ciudades de la costa, hace escasos cuatro meses era Cartagena la ciudad con el costo de vida m\u00e1s alto (1,34 %), seguido de Santa Marta (1,22 %), Monter\u00eda (1,10 %), Barranquilla (1,06 %), Sincelejo (1,04 %), Riohacha (1,00 %), Valledupar (0,89 %), nada menos que siete ciudades de la regi\u00f3n Caribe encabezaban ya en mayo de este a\u00f1o la nada envidiable lista de las ciudades m\u00e1s caras del pa\u00eds.<\/p>\n","protected":false},"excerpt":{"rendered":"<p>Durante el reci\u00e9n finalizado mes de agosto Barranquilla se posicion\u00f3 como la ciudad m\u00e1s costosa del pa\u00eds, de acuerdo con el bolet\u00edn del \u00edndice de Precios al Consumidor IPC, estudio que constantemente realiza el Departamento Administrativo Nacional de Estad\u00edstica DANE.<\/p>\n","protected":false},"author":1,"featured_media":11189,"comment_status":"open","ping_status":"open","sticky":false,"template":"","format":"standard","meta":{"footnotes":""},"categories":[444,4,6],"tags":[7080,3084,6608,7079],"class_list":["post-11180","post","type-post","status-publish","format-standard","has-post-thumbnail","hentry","category-economia","category-pais","category-region","tag-costo-de-la-vida","tag-dane","tag-inflacion","tag-ipc"],"_links":{"self":[{"href":"https:\/\/contrastes.com.co\/digital\/wp-json\/wp\/v2\/posts\/11180","targetHints":{"allow":["GET"]}}],"collection":[{"href":"https:\/\/contrastes.com.co\/digital\/wp-json\/wp\/v2\/posts"}],"about":[{"href":"https:\/\/contrastes.com.co\/digital\/wp-json\/wp\/v2\/types\/post"}],"author":[{"embeddable":true,"href":"https:\/\/contrastes.com.co\/digital\/wp-json\/wp\/v2\/users\/1"}],"replies":[{"embeddable":true,"href":"https:\/\/contrastes.com.co\/digital\/wp-json\/wp\/v2\/comments?post=11180"}],"version-history":[{"count":1,"href":"https:\/\/contrastes.com.co\/digital\/wp-json\/wp\/v2\/posts\/11180\/revisions"}],"predecessor-version":[{"id":11182,"href":"https:\/\/contrastes.com.co\/digital\/wp-json\/wp\/v2\/posts\/11180\/revisions\/11182"}],"wp:featuredmedia":[{"embeddable":true,"href":"https:\/\/contrastes.com.co\/digital\/wp-json\/wp\/v2\/media\/11189"}],"wp:attachment":[{"href":"https:\/\/contrastes.com.co\/digital\/wp-json\/wp\/v2\/media?parent=11180"}],"wp:term":[{"taxonomy":"category","embeddable":true,"href":"https:\/\/contrastes.com.co\/digital\/wp-json\/wp\/v2\/categories?post=11180"},{"taxonomy":"post_tag","embeddable":true,"href":"https:\/\/contrastes.com.co\/digital\/wp-json\/wp\/v2\/tags?post=11180"}],"curies":[{"name":"wp","href":"https:\/\/api.w.org\/{rel}","templated":true}]}}