{"id":11203,"date":"2022-09-06T15:16:05","date_gmt":"2022-09-06T20:16:05","guid":{"rendered":"https:\/\/contrastes.com.co\/digital\/?p=11203"},"modified":"2022-09-06T15:16:05","modified_gmt":"2022-09-06T20:16:05","slug":"fundacion-triple-a-y-gobernacion-abren-segunda-convocatoria-de-becas-para-jovenes-atlanticenses","status":"publish","type":"post","link":"https:\/\/contrastes.com.co\/digital\/fundacion-triple-a-y-gobernacion-abren-segunda-convocatoria-de-becas-para-jovenes-atlanticenses\/","title":{"rendered":"Fundaci\u00f3n Triple A y Gobernaci\u00f3n abren segunda convocatoria de becas para j\u00f3venes atlanticenses"},"content":{"rendered":"<p><strong>*Fundaci\u00f3n Triple A y Gobernaci\u00f3n del Atl\u00e1ntico abren segunda convocatoria de becas para j\u00f3venes del departamento<\/strong><\/p>\n<blockquote><p><strong>Para acceder a las becas, los postulantes deber\u00e1n estar inscritos en el programa \u2018Atl\u00e1ntico para los J\u00f3venes\u2019, lo cual pueden hacer a trav\u00e9s del correo atlj@atlantico.gov.co o comunic\u00e1ndose a la l\u00ednea de atenci\u00f3n de WhatsApp 3173155044.<\/strong><\/p><\/blockquote>\n<p><img loading=\"lazy\" decoding=\"async\" class=\"alignleft  wp-image-8524\" src=\"https:\/\/contrastes.com.co\/digital\/wp-content\/uploads\/2022\/03\/l-capitular.png\" alt=\"l capitular\" width=\"62\" height=\"62\" srcset=\"https:\/\/contrastes.com.co\/digital\/wp-content\/uploads\/2022\/03\/l-capitular.png 150w, https:\/\/contrastes.com.co\/digital\/wp-content\/uploads\/2022\/03\/l-capitular-60x60.png 60w\" sizes=\"auto, (max-width: 62px) 100vw, 62px\" \/><strong>a Fundaci\u00f3n Triple A en alianza con la Gobernaci\u00f3n del Atl\u00e1ntico<\/strong> invitan a participar de la segunda convocatoria de becas destinada a j\u00f3venes del departamento, para que puedan acceder a educaci\u00f3n superior de calidad que les permita fortalecer sus competencias laborales y construir un mejor futuro.<\/p>\n<p>La convocatoria se realizar\u00e1 en el marco del <strong>programa \u2018Atl\u00e1ntico para los J\u00f3venes\u2019<\/strong>, donde los beneficiados podr\u00e1n escoger entre 13 carreras t\u00e9cnico profesionales ofrecidas por las instituciones educativas aliadas del programa, entre las cuales se destacan la <strong>Universidad Alitic, Corporaci\u00f3n Universitaria Unitecnar, Corp. Universitaria del Litoral e Instituci\u00f3n Universitaria ITSA.<\/strong><\/p>\n<p>\u201cLa Fundaci\u00f3n Triple A trabaja para apoyar a los j\u00f3venes de los municipios generando oportunidades educativas que fortalezcan sus competencias acad\u00e9micas y los prepare para cumplir las expectativas del mercado laboral\u201d, se\u00f1al\u00f3 Alix Castro, directora de la Fundaci\u00f3n.<\/p>\n<p>Por su parte, la gobernadora del Atl\u00e1ntico, Elsa Noguera, invit\u00f3 a \u201ctodos los j\u00f3venes inscritos en nuestro programa \u2018Atl\u00e1ntico para los J\u00f3venes\u2019 para que participen en esta\u00a0 nueva convocatoria que abrimos gracias a la gran alianza que tenemos con la empresa Triple A y las universidades privadas, para que puedan acceder a carreras t\u00e9cnicas totalmente gratis. Recuerden que la convocatoria va hasta el 5 de octubre, as\u00ed que participen, los espero\u201d, indic\u00f3.<\/p>\n<p>Para acceder a las becas, los postulantes deber\u00e1n estar inscritos en el programa \u2018Atl\u00e1ntico para los J\u00f3venes\u2019, lo cual pueden hacer a trav\u00e9s del correo atlj@atlantico.gov.co o comunic\u00e1ndose a la l\u00ednea de atenci\u00f3n de WhatsApp 3173155044.<\/p>\n<p>Adicionalmente, deber\u00e1n realizar su postulaci\u00f3n a las becas diligenciando el formulario en l\u00ednea a continuaci\u00f3n (Formulario de postulaci\u00f3n &#8211; Fundaci\u00f3n Triple A (jotform.com)) y cumplir con los siguientes requisitos:<\/p>\n<p>1)- Ser nuevo en ingresar a la universidad.<\/p>\n<p>2)- Fotocopia de documento de identidad (ambas caras en una sola p\u00e1gina).<\/p>\n<p>3)- Copia escaneada en PDF de su diploma de bachiller y acta de grado.<\/p>\n<p>4)- Carta de motivaci\u00f3n que explique por qu\u00e9 desea estudiar, por qu\u00e9 escogi\u00f3 su programa acad\u00e9mico y por qu\u00e9 debe ser beneficiario de una beca (entre 800 y 1000 palabras)<\/p>\n<p>5)- Certificaci\u00f3n juramentada de: No estar recibiendo apoyo econ\u00f3mico por parte de un ente nacional o extranjero similar a este, para financiar sus estudios.<\/p>\n<p>6)- Nivel m\u00e1ximo de formaci\u00f3n.<\/p>\n<p>7)- Compromiso de servicio social. 8)- Resultado del examen de Estado de la educaci\u00f3n media (SABER 11\u00b0).<\/p>\n<p>El proceso de inscripci\u00f3n estar\u00e1 abierto hasta el 5 de octubre de 2022 y a partir del\u00a0 9 de noviembre se contactar\u00e1n a los j\u00f3venes beneficiados de las becas acad\u00e9micas.<\/p>\n","protected":false},"excerpt":{"rendered":"<p>La Fundaci\u00f3n Triple A en alianza con la Gobernaci\u00f3n del Atl\u00e1ntico invitan a participar de la segunda convocatoria de becas destinada a j\u00f3venes del departamento, para que puedan acceder a educaci\u00f3n superior de calidad que les permita fortalecer sus competencias laborales y construir un mejor futuro.<\/p>\n","protected":false},"author":1,"featured_media":11204,"comment_status":"open","ping_status":"open","sticky":false,"template":"","format":"standard","meta":{"footnotes":""},"categories":[163,1004,6],"tags":[7094,7095,7098,7097,7093,30,1941,4518,7096],"class_list":["post-11203","post","type-post","status-publish","format-standard","has-post-thumbnail","hentry","category-educacion","category-juventud","category-region","tag-alianza","tag-becas-para-jovenes","tag-corp-universitaria-del-litoral","tag-corporacion-universitaria-unitecnar","tag-fundacion-triple-a","tag-gobernacion-del-atlantico","tag-institucion-universitaria-itsa","tag-programa-atlantico-para-los-jovenes","tag-universidad-alitic"],"_links":{"self":[{"href":"https:\/\/contrastes.com.co\/digital\/wp-json\/wp\/v2\/posts\/11203","targetHints":{"allow":["GET"]}}],"collection":[{"href":"https:\/\/contrastes.com.co\/digital\/wp-json\/wp\/v2\/posts"}],"about":[{"href":"https:\/\/contrastes.com.co\/digital\/wp-json\/wp\/v2\/types\/post"}],"author":[{"embeddable":true,"href":"https:\/\/contrastes.com.co\/digital\/wp-json\/wp\/v2\/users\/1"}],"replies":[{"embeddable":true,"href":"https:\/\/contrastes.com.co\/digital\/wp-json\/wp\/v2\/comments?post=11203"}],"version-history":[{"count":1,"href":"https:\/\/contrastes.com.co\/digital\/wp-json\/wp\/v2\/posts\/11203\/revisions"}],"predecessor-version":[{"id":11205,"href":"https:\/\/contrastes.com.co\/digital\/wp-json\/wp\/v2\/posts\/11203\/revisions\/11205"}],"wp:featuredmedia":[{"embeddable":true,"href":"https:\/\/contrastes.com.co\/digital\/wp-json\/wp\/v2\/media\/11204"}],"wp:attachment":[{"href":"https:\/\/contrastes.com.co\/digital\/wp-json\/wp\/v2\/media?parent=11203"}],"wp:term":[{"taxonomy":"category","embeddable":true,"href":"https:\/\/contrastes.com.co\/digital\/wp-json\/wp\/v2\/categories?post=11203"},{"taxonomy":"post_tag","embeddable":true,"href":"https:\/\/contrastes.com.co\/digital\/wp-json\/wp\/v2\/tags?post=11203"}],"curies":[{"name":"wp","href":"https:\/\/api.w.org\/{rel}","templated":true}]}}