{"id":11206,"date":"2022-09-06T15:29:20","date_gmt":"2022-09-06T20:29:20","guid":{"rendered":"https:\/\/contrastes.com.co\/digital\/?p=11206"},"modified":"2022-09-06T15:29:20","modified_gmt":"2022-09-06T20:29:20","slug":"se-instalo-comision-accidental-en-el-congreso-para-debatir-sobre-tarifas-de-energia-en-el-caribe","status":"publish","type":"post","link":"https:\/\/contrastes.com.co\/digital\/se-instalo-comision-accidental-en-el-congreso-para-debatir-sobre-tarifas-de-energia-en-el-caribe\/","title":{"rendered":"Se instal\u00f3 Comisi\u00f3n Accidental en el Congreso para debatir sobre tarifas de energ\u00eda en el Caribe"},"content":{"rendered":"<p><strong>*ESPECIAL: EL ABUSO EN LAS TARIFAS DE ENERG\u00cdA EL\u00c9CTRICA: <\/strong><strong>Se instal\u00f3 Comisi\u00f3n Accidental en el Congreso para debatir sobre tarifas de energ\u00eda en el Caribe<\/strong><\/p>\n<blockquote><p><strong>Esta situaci\u00f3n se encuentra en manos del Gobierno nacional e incluso el ministro de Hacienda, Jos\u00e9 Antonio Ocampo, anunci\u00f3 la semana pasada que tomar\u00eda medidas con respecto a los altos precios de la electricidad.<\/strong><\/p><\/blockquote>\n<p><img loading=\"lazy\" decoding=\"async\" class=\"alignleft  wp-image-8529\" src=\"https:\/\/contrastes.com.co\/digital\/wp-content\/uploads\/2022\/03\/e-capitular.png\" alt=\"e capitular\" width=\"62\" height=\"62\" srcset=\"https:\/\/contrastes.com.co\/digital\/wp-content\/uploads\/2022\/03\/e-capitular.png 150w, https:\/\/contrastes.com.co\/digital\/wp-content\/uploads\/2022\/03\/e-capitular-60x60.png 60w\" sizes=\"auto, (max-width: 62px) 100vw, 62px\" \/><strong>l representante a la C\u00e1mara por el Atl\u00e1ntico, Gersel P\u00e9rez Altamiranda<\/strong>, fue el encargado de instalar este martes la primera sesi\u00f3n de la Comisi\u00f3n Accidental de Seguimiento <strong>para debatir la operaci\u00f3n actual de las empresas de energ\u00eda Air-e y Afinia<\/strong>, encargadas de suministrar el servicio de energ\u00eda el\u00e9ctrica en la regi\u00f3n Caribe.<\/p>\n<p><strong>La Comisi\u00f3n se cre\u00f3 luego de que congresistas de la Bancada Caribe radicaran la solicitud ante el presidente de la C\u00e1mara, David Racero, en atenci\u00f3n a las m\u00faltiples peticiones de los habitantes de la Costa, quienes aquejaban alzas en los cobros de las tarifas de energ\u00eda.<\/strong><\/p>\n<p>\u201cCon la creaci\u00f3n de la Comisi\u00f3n Accidental, se puede citar a control pol\u00edtico a los entes competentes, presentar iniciativas legislativas y articular con el Gobierno nacional todas las acciones pertinentes que nos permitan tener un buen servicio en la regi\u00f3n\u201d, asegur\u00f3 el congresista.<\/p>\n<p>La instalaci\u00f3n y primera sesi\u00f3n se desarroll\u00f3 a partir de las 11:00 a. m. en la C\u00e1mara de Representantes, apenas un d\u00eda despu\u00e9s de que el presidente Gustavo Petro anunciara que convocar\u00e1 a los sectores energ\u00e9ticos.<\/p>\n<p>El \u00faltimo informe del Dane sobre los \u00cdndices de Precios al Consumidor (IPC) revel\u00f3 que durante el mes de agosto la variaci\u00f3n cerr\u00f3 en 1,02 %, con respecto al 10,84 % anual. El informe evidenci\u00f3 cifras preocupantes en relaci\u00f3n con las tarifas de energ\u00eda, las cuales presentaron un incremento del 25,9 %.<\/p>\n<p>Sin embargo, en la Costa Caribe las cifras superan ese promedio en la variaci\u00f3n. Si aterrizamos los datos, las ciudades con mayor inflaci\u00f3n de la electricidad fueron Santa Marta (49,9 %), Riohacha (47,1 %), Barranquilla (44,4 %), Sincelejo (40,7 %), Valledupar (40,4 %) y Monter\u00eda (40,4 %).<\/p>\n<p><strong>El pasado mes de junio se realiz\u00f3 en Barranquilla la Cumbre de Alcaldes de la Regi\u00f3n Caribe, en la que analizaron el tema de los altos costos en las tarifas de energ\u00eda que pagan los usuarios de la Costa a los operadores Air-e y Afinia<\/strong>.<\/p>\n<p>En una ciudad como Riohacha, por ejemplo, un usuario paga en promedio 946,6 pesos por kilovatio; mientras tanto, un ciudadano en Bogot\u00e1 paga el mismo kilovatio por 638,56 pesos. En el encuentro, los mandatarios propusieron crear el Fondo Regional de Estabilizaci\u00f3n de Precios, el cual funcionar\u00eda como mecanismo para compensar de manera directa los incrementos de los costos.<\/p>\n<p>Actualmente, las electrificadoras Afinia y Air-e son las que operan el servicio en los territorios y aseguran que dichos aumentos ya estaban contemplados luego de la venta de Electricaribe a EPM y Enerpereira.<\/p>\n<p>Al incorporarse a los territorios, las compa\u00f1\u00edas confirmaron que vendr\u00edan alzas en el servicio, teniendo en cuenta las altas inversiones que realizar\u00edan en los territorios.<\/p>\n<p>Esta situaci\u00f3n se encuentra en manos del Gobierno nacional e incluso el ministro de Hacienda, Jos\u00e9 Antonio Ocampo, anunci\u00f3 la semana pasada que tomar\u00eda medidas con respecto a los altos precios de la electricidad.<\/p>\n","protected":false},"excerpt":{"rendered":"<p>El representante a la C\u00e1mara por el Atl\u00e1ntico, Gersel P\u00e9rez Altamiranda, fue el encargado de instalar este martes la primera sesi\u00f3n de la Comisi\u00f3n Accidental de Seguimiento para debatir la operaci\u00f3n actual de las empresas de energ\u00eda Air-e y Afinia, encargadas de suministrar el servicio de energ\u00eda el\u00e9ctrica en la regi\u00f3n Caribe.<\/p>\n","protected":false},"author":1,"featured_media":11208,"comment_status":"open","ping_status":"open","sticky":false,"template":"","format":"standard","meta":{"footnotes":""},"categories":[4850,4,6,2065],"tags":[7101,7102,7100,196,7099,5910],"class_list":["post-11206","post","type-post","status-publish","format-standard","has-post-thumbnail","hentry","category-congreso-de-la-republica","category-pais","category-region","category-servicios-publicos","tag-comision-accidental-de-seguimiento","tag-empresas-de-energia-air-e-y-afinia","tag-gersel-perez-altamiranda","tag-region-caribe","tag-representante-a-la-camara-por-el-atlantico","tag-servicio-de-energia-electrica"],"_links":{"self":[{"href":"https:\/\/contrastes.com.co\/digital\/wp-json\/wp\/v2\/posts\/11206","targetHints":{"allow":["GET"]}}],"collection":[{"href":"https:\/\/contrastes.com.co\/digital\/wp-json\/wp\/v2\/posts"}],"about":[{"href":"https:\/\/contrastes.com.co\/digital\/wp-json\/wp\/v2\/types\/post"}],"author":[{"embeddable":true,"href":"https:\/\/contrastes.com.co\/digital\/wp-json\/wp\/v2\/users\/1"}],"replies":[{"embeddable":true,"href":"https:\/\/contrastes.com.co\/digital\/wp-json\/wp\/v2\/comments?post=11206"}],"version-history":[{"count":1,"href":"https:\/\/contrastes.com.co\/digital\/wp-json\/wp\/v2\/posts\/11206\/revisions"}],"predecessor-version":[{"id":11209,"href":"https:\/\/contrastes.com.co\/digital\/wp-json\/wp\/v2\/posts\/11206\/revisions\/11209"}],"wp:featuredmedia":[{"embeddable":true,"href":"https:\/\/contrastes.com.co\/digital\/wp-json\/wp\/v2\/media\/11208"}],"wp:attachment":[{"href":"https:\/\/contrastes.com.co\/digital\/wp-json\/wp\/v2\/media?parent=11206"}],"wp:term":[{"taxonomy":"category","embeddable":true,"href":"https:\/\/contrastes.com.co\/digital\/wp-json\/wp\/v2\/categories?post=11206"},{"taxonomy":"post_tag","embeddable":true,"href":"https:\/\/contrastes.com.co\/digital\/wp-json\/wp\/v2\/tags?post=11206"}],"curies":[{"name":"wp","href":"https:\/\/api.w.org\/{rel}","templated":true}]}}