{"id":11210,"date":"2022-09-06T15:33:44","date_gmt":"2022-09-06T20:33:44","guid":{"rendered":"https:\/\/contrastes.com.co\/digital\/?p=11210"},"modified":"2022-09-06T15:33:44","modified_gmt":"2022-09-06T20:33:44","slug":"especial-el-abuso-en-las-tarifas-de-energia-electrica-la-gente-y-el-comercio-no-aguantan-mas","status":"publish","type":"post","link":"https:\/\/contrastes.com.co\/digital\/especial-el-abuso-en-las-tarifas-de-energia-electrica-la-gente-y-el-comercio-no-aguantan-mas\/","title":{"rendered":"ESPECIAL: EL ABUSO EN LAS TARIFAS DE ENERG\u00cdA EL\u00c9CTRICA: \u201cLa gente y el comercio no aguantan m\u00e1s\u00bb"},"content":{"rendered":"<p><strong>*ESPECIAL: EL ABUSO EN LAS TARIFAS DE ENERG\u00cdA EL\u00c9CTRICA: <\/strong><\/p>\n<blockquote><p><strong>\u201cLa gente y el comercio no aguanta m\u00e1s. Hay facturas de Air-e que est\u00e1n llegando con un valor casi al doble en agosto de lo que estaba llegando en el mes de mayo\u201d<\/strong><\/p><\/blockquote>\n<p><strong><img loading=\"lazy\" decoding=\"async\" class=\"alignleft  wp-image-8758\" src=\"https:\/\/contrastes.com.co\/digital\/wp-content\/uploads\/2022\/04\/d-capitular.png\" alt=\"\" width=\"61\" height=\"61\" srcset=\"https:\/\/contrastes.com.co\/digital\/wp-content\/uploads\/2022\/04\/d-capitular.png 100w, https:\/\/contrastes.com.co\/digital\/wp-content\/uploads\/2022\/04\/d-capitular-60x60.png 60w\" sizes=\"auto, (max-width: 61px) 100vw, 61px\" \/>ina Luz Pardo, directora de Asocentro<\/strong>, cuestion\u00f3 la demora que se ha tenido en la b\u00fasqueda de una soluci\u00f3n al incremento de las tarifas, siendo un tema que se ha tratado por mucho tiempo y desde administraciones anteriores. Envi\u00f3 \u2013desde su gremio\u2013 un SOS para que se implemente una \u201cmedida de choque\u201d para frenar los altos costos en el servicio. Esto, dijo, podr\u00eda ser a trav\u00e9s de una resoluci\u00f3n que \u201ccongele el aumento inflacionario que se viene dando\u201d.<\/p>\n<p>\u201cLa gente y el comercio no aguanta m\u00e1s. Hay facturas que est\u00e1n llegando con un valor casi al doble en agosto de lo que estaba llegando en el mes de mayo\u201d, explic\u00f3.<\/p>\n<p>Por su parte, <strong>Henry Hern\u00e1ndez, presidente de Asonocturnos<\/strong>, manifest\u00f3 que su gremio ha percibido grandes p\u00e9rdidas y altos costos por las actuales tarifas de energ\u00eda.<\/p>\n<p>Indic\u00f3 que se est\u00e1n preparando para una manifestaci\u00f3n y trabajando en acciones jur\u00eddicas para resolver el tema.<\/p>\n<blockquote><p><strong>\u201cA todos los sectores nos est\u00e1n golpeando horriblemente los incrementos en las tarifas de energ\u00eda. Alrededor del 150 % se han incrementado los gastos en este gremio, lo que puede generar p\u00e9rdidas o bajar nuestra utilidad\u201d, dijo.\u00a0 Pol\u00edtica diferencial<\/strong><\/p><\/blockquote>\n<p>Para <strong>Norman Alarc\u00f3n, coordinador de la Liga Nacional de Usuarios<\/strong>, los resultados del \u00faltimo informe del Dane reflejan la realidad tarifaria que est\u00e1 \u201cgolpeando de manera brutal a la regi\u00f3n Caribe\u201d.<\/p>\n<p>Se\u00f1al\u00f3 que lo que hay que hacer es buscar una nueva normatividad y una pol\u00edtica diferencial para las tarifas de energ\u00eda en la Costa.<\/p>\n<p>\u201cEs necesario que el Gobierno nacional entre a dialogar con las fuerzas vivas de la Regi\u00f3n para solucionar este tema. Tener una verdadera pol\u00edtica tarifaria que no golpee en forma tan significativa a la Costa Atl\u00e1ntica\u201d.<\/p>\n","protected":false},"excerpt":{"rendered":"<p>Dina Luz Pardo, directora de Asocentro, cuestion\u00f3 la demora que se ha tenido en la b\u00fasqueda de una soluci\u00f3n al incremento de las tarifas, siendo un tema que se ha tratado por mucho tiempo y desde administraciones anteriores. Envi\u00f3 \u2013desde su gremio\u2013 un SOS para que se implemente una \u201cmedida de choque\u201d para frenar los altos costos en el servicio. Esto, dijo, podr\u00eda ser a trav\u00e9s de una resoluci\u00f3n que \u201ccongele el aumento inflacionario que se viene dando\u201d.<\/p>\n","protected":false},"author":1,"featured_media":11211,"comment_status":"open","ping_status":"open","sticky":false,"template":"","format":"standard","meta":{"footnotes":""},"categories":[3234,6,2065],"tags":[7108,7103,7104,7105,7107,7106,1286],"class_list":["post-11210","post","type-post","status-publish","format-standard","has-post-thumbnail","hentry","category-protestas","category-region","category-servicios-publicos","tag-coordinador-de-la-liga-nacional-de-usuarios","tag-dina-luz-pardo","tag-directora-de-asocentro","tag-henry-hernandez","tag-norman-alarcon","tag-presidente-de-asonocturnos","tag-tarifas-energia-electrica"],"_links":{"self":[{"href":"https:\/\/contrastes.com.co\/digital\/wp-json\/wp\/v2\/posts\/11210","targetHints":{"allow":["GET"]}}],"collection":[{"href":"https:\/\/contrastes.com.co\/digital\/wp-json\/wp\/v2\/posts"}],"about":[{"href":"https:\/\/contrastes.com.co\/digital\/wp-json\/wp\/v2\/types\/post"}],"author":[{"embeddable":true,"href":"https:\/\/contrastes.com.co\/digital\/wp-json\/wp\/v2\/users\/1"}],"replies":[{"embeddable":true,"href":"https:\/\/contrastes.com.co\/digital\/wp-json\/wp\/v2\/comments?post=11210"}],"version-history":[{"count":1,"href":"https:\/\/contrastes.com.co\/digital\/wp-json\/wp\/v2\/posts\/11210\/revisions"}],"predecessor-version":[{"id":11212,"href":"https:\/\/contrastes.com.co\/digital\/wp-json\/wp\/v2\/posts\/11210\/revisions\/11212"}],"wp:featuredmedia":[{"embeddable":true,"href":"https:\/\/contrastes.com.co\/digital\/wp-json\/wp\/v2\/media\/11211"}],"wp:attachment":[{"href":"https:\/\/contrastes.com.co\/digital\/wp-json\/wp\/v2\/media?parent=11210"}],"wp:term":[{"taxonomy":"category","embeddable":true,"href":"https:\/\/contrastes.com.co\/digital\/wp-json\/wp\/v2\/categories?post=11210"},{"taxonomy":"post_tag","embeddable":true,"href":"https:\/\/contrastes.com.co\/digital\/wp-json\/wp\/v2\/tags?post=11210"}],"curies":[{"name":"wp","href":"https:\/\/api.w.org\/{rel}","templated":true}]}}