{"id":11213,"date":"2022-09-06T15:40:37","date_gmt":"2022-09-06T20:40:37","guid":{"rendered":"https:\/\/contrastes.com.co\/digital\/?p=11213"},"modified":"2022-09-06T15:40:37","modified_gmt":"2022-09-06T20:40:37","slug":"region-caribe-es-urgente-que-se-revise-formula-de-la-creg-para-establecer-la-tarifa-de-energia","status":"publish","type":"post","link":"https:\/\/contrastes.com.co\/digital\/region-caribe-es-urgente-que-se-revise-formula-de-la-creg-para-establecer-la-tarifa-de-energia\/","title":{"rendered":"Regi\u00f3n Caribe: es \u201curgente\u201d que se revise f\u00f3rmula de la Creg para establecer la tarifa de energ\u00eda"},"content":{"rendered":"<p><strong>*ESPECIAL: EL ABUSO EN LAS TARIFAS DE ENERG\u00cdA EL\u00c9CTRICA: <\/strong><strong>Regi\u00f3n Caribe: es \u201curgente\u201d que se revise f\u00f3rmula de la Creg para establecer la tarifa de energ\u00eda<\/strong><\/p>\n<blockquote><p><strong>El pronunciamiento del presidente Gustavo Petro sobre revisar la situaci\u00f3n actual de la Costa con las tarifas de energ\u00eda demuestra que \u201cle ha llegado\u201d el mensaje sobre la afectaci\u00f3n que esto produce.<\/strong><\/p><\/blockquote>\n<p><img loading=\"lazy\" decoding=\"async\" class=\"alignleft  wp-image-8683\" src=\"https:\/\/contrastes.com.co\/digital\/wp-content\/uploads\/2022\/03\/a-capitular.png\" alt=\"a capitular\" width=\"73\" height=\"73\" srcset=\"https:\/\/contrastes.com.co\/digital\/wp-content\/uploads\/2022\/03\/a-capitular.png 100w, https:\/\/contrastes.com.co\/digital\/wp-content\/uploads\/2022\/03\/a-capitular-60x60.png 60w\" sizes=\"auto, (max-width: 73px) 100vw, 73px\" \/>\u00a0ra\u00edz del \u00faltimo informe del Dane sobre los costos en el servicio de electricidad y en el que la regi\u00f3n Caribe no sali\u00f3 bien librada, varios han sido los pronunciamientos que han surgido en torno al tema tarifario y a la necesidad de buscar una soluci\u00f3n para mitigar el impacto en el bolsillo de la comunidad.<\/p>\n<p>De acuerdo con la entidad, las ciudades con mayor variaci\u00f3n de electricidad en el \u00faltimo a\u00f1o fueron Santa Marta, con 49,94 %; Riohacha con 47,09%; Barranquilla con 44,42%; Sincelejo con 40,67%; Valledupar y Monter\u00eda con 40,39 % y Cartagena con 39,24%. Todas estas superando el promedio nacional anual que fue de 25,90%.<\/p>\n<p>Desde la esfera pol\u00edtica hasta la econ\u00f3mica y empresarial han manifestado que el actual marco regulatorio de la <strong>Comisi\u00f3n de Regulaci\u00f3n de Energ\u00eda y Gas (Creg)<\/strong> ha \u201cperjudicado\u201d en gran medida a los coste\u00f1os por el alza \u201cexacerbada\u201d de las tarifas, situaci\u00f3n que \u2014seg\u00fan dicen\u2013 le ha restado competitividad a la regi\u00f3n y ha generado \u201cgrandes costos\u201d a las empresas y al ciudadano de a pie. Para el <strong>senador conservador Efra\u00edn Cepeda Sarabia<\/strong> es \u201cinaudito\u201d que siga siendo el Caribe la \u201cgran v\u00edctima de injusticia e inequidad\u201d por cuenta de costos en el servicio de electricidad.<\/p>\n<p><strong>Cepeda Sarabia manifest\u00f3 que se hace \u201curgente\u201d que se revise f\u00f3rmula de la Creg para establecer la tarifa. \u201cEsta variaci\u00f3n del IPC es inaceptable, un golpe dur\u00edsimo al bolsillo\u201d, al tiempo que anunci\u00f3 que junto a un grupo de parlamentarios propondr\u00e1n una sobretasa del 3% a sectores \u201ccorresponsables del incremento de tarifas del 25% en Colombia y del 45 % en el Caribe\u201d.<\/strong><\/p>\n<p>En ese mismo sentido, el <strong>presidente del Comit\u00e9 Intergremial en el Atl\u00e1ntico, Efra\u00edn Cepeda Tarud<\/strong>, sostuvo que \u2013seg\u00fan el m\u00e1s reciente estudio de Colombia Productiva\u2013 la energ\u00eda el\u00e9ctrica puede llegar a representar hasta el 25% de los costos de operaci\u00f3n de las empresas del departamento y el alza en las tarifas ha llegado a ser de m\u00e1s del 50% en el \u00faltimo a\u00f1o.<\/p>\n<p>Lo anterior, dijo, deriva que las empresas en esta zona del pa\u00eds pierdan competitividad a nivel nacional e internacional.<\/p>\n<p>Por otra parte, indic\u00f3 que el pronunciamiento del presidente Gustavo Petro sobre revisar la situaci\u00f3n actual de la Costa con las tarifas de energ\u00eda demuestra que \u201cle ha llegado\u201d el mensaje sobre la afectaci\u00f3n que esto produce.<\/p>\n<p>\u201cLe hemos planteado una serie de opciones para resolver esta situaci\u00f3n que es insostenible, teniendo en cuenta igualmente que las medidas que se tomen deben evitar un mayor deterioro del mercado regional de energ\u00eda el\u00e9ctrica y garantizar igualmente la continuidad del proceso de recuperaci\u00f3n de la infraestructura del sistema de distribuci\u00f3n para que a corto y mediano plazo tengamos una mejora sustancial en la calidad del servicio\u201d, se\u00f1al\u00f3 el dirigente gremial.\u00a0 <strong>Yilda Castro, presidenta de Fenalco en el Atl\u00e1ntico<\/strong>, precis\u00f3 que las altas tarifas en el servicio de energ\u00eda est\u00e1n influyendo fuertemente en la competitividad de las empresas y est\u00e1 afectando el margen de rentabilidad de los comerciantes.<\/p>\n<p>\u201cAl sector empresarial le ha venido afectando much\u00edsimo, en especial porque son costos que finalmente se trasladan a la utilidad. Es decir, no todos tienen la posibilidad de trasladarlo al consumidor\u201d, dijo.<\/p>\n<p>Agreg\u00f3 que la situaci\u00f3n debe revisarse y que el Gobierno debe involucrarse en la soluci\u00f3n del problema tarifario de energ\u00eda.<\/p>\n<p>\u201cEstamos manejando un costo muy alto con las tarifas de energ\u00eda. Necesitamos es que la situaci\u00f3n se resuelva y que nos permita ser competitivos con otras ciudades del pa\u00eds (\u2026) donde podamos seguir manejando un servicio con calidad, eficiencia, con menos cortes de energ\u00eda y una tarifa que se pueda pagar\u201d, sentenci\u00f3.<\/p>\n","protected":false},"excerpt":{"rendered":"<p>A ra\u00edz del \u00faltimo informe del Dane sobre los costos en el servicio de electricidad y en el que la regi\u00f3n Caribe no sali\u00f3 bien librada, varios han sido los pronunciamientos que han surgido en torno al tema tarifario y a la necesidad de buscar una soluci\u00f3n para mitigar el impacto en el bolsillo de la comunidad.\u00a0\u00a0<\/p>\n","protected":false},"author":1,"featured_media":11214,"comment_status":"open","ping_status":"open","sticky":false,"template":"","format":"standard","meta":{"footnotes":""},"categories":[4,6,2065],"tags":[6098,7116,7115,7114,2374,7110,7112,7113,196,7109,7111],"class_list":["post-11213","post","type-post","status-publish","format-standard","has-post-thumbnail","hentry","category-pais","category-region","category-servicios-publicos","tag-altas-tarifas","tag-comision-de-regulacion-de-energia-y-gas-creg","tag-efrain-cepeda-sarabia","tag-efrain-cepeda-tarud","tag-energia-electrica","tag-informe-del-dane","tag-presidenta-de-fenalco-en-el-atlantico","tag-presidente-del-comite-intergremial-en-el-atlantico","tag-region-caribe","tag-senador-conservador","tag-yilda-castro"],"_links":{"self":[{"href":"https:\/\/contrastes.com.co\/digital\/wp-json\/wp\/v2\/posts\/11213","targetHints":{"allow":["GET"]}}],"collection":[{"href":"https:\/\/contrastes.com.co\/digital\/wp-json\/wp\/v2\/posts"}],"about":[{"href":"https:\/\/contrastes.com.co\/digital\/wp-json\/wp\/v2\/types\/post"}],"author":[{"embeddable":true,"href":"https:\/\/contrastes.com.co\/digital\/wp-json\/wp\/v2\/users\/1"}],"replies":[{"embeddable":true,"href":"https:\/\/contrastes.com.co\/digital\/wp-json\/wp\/v2\/comments?post=11213"}],"version-history":[{"count":1,"href":"https:\/\/contrastes.com.co\/digital\/wp-json\/wp\/v2\/posts\/11213\/revisions"}],"predecessor-version":[{"id":11215,"href":"https:\/\/contrastes.com.co\/digital\/wp-json\/wp\/v2\/posts\/11213\/revisions\/11215"}],"wp:featuredmedia":[{"embeddable":true,"href":"https:\/\/contrastes.com.co\/digital\/wp-json\/wp\/v2\/media\/11214"}],"wp:attachment":[{"href":"https:\/\/contrastes.com.co\/digital\/wp-json\/wp\/v2\/media?parent=11213"}],"wp:term":[{"taxonomy":"category","embeddable":true,"href":"https:\/\/contrastes.com.co\/digital\/wp-json\/wp\/v2\/categories?post=11213"},{"taxonomy":"post_tag","embeddable":true,"href":"https:\/\/contrastes.com.co\/digital\/wp-json\/wp\/v2\/tags?post=11213"}],"curies":[{"name":"wp","href":"https:\/\/api.w.org\/{rel}","templated":true}]}}