{"id":11241,"date":"2022-09-07T10:27:27","date_gmt":"2022-09-07T15:27:27","guid":{"rendered":"https:\/\/contrastes.com.co\/digital\/?p=11241"},"modified":"2022-09-07T18:30:26","modified_gmt":"2022-09-07T23:30:26","slug":"denuncian-que-hombre-cayo-de-bus-de-transmetro-se-golpeo-la-cabeza-y-murio","status":"publish","type":"post","link":"https:\/\/contrastes.com.co\/digital\/denuncian-que-hombre-cayo-de-bus-de-transmetro-se-golpeo-la-cabeza-y-murio\/","title":{"rendered":"Denuncian que hombre cay\u00f3 de bus de Transmetro, se golpe\u00f3 la cabeza y muri\u00f3"},"content":{"rendered":"<p><strong>*Denuncian que hombre cay\u00f3 de bus de Transmetro, se golpe\u00f3 la cabeza y muri\u00f3<\/strong><\/p>\n<blockquote><p><strong>La empresa Transmetro precis\u00f3 que el caso se encuentra en investigaci\u00f3n interna y una vez se conozca en detalle lo ocurrido emitir\u00e1 un comunicado.<\/strong><\/p><\/blockquote>\n<p><img loading=\"lazy\" decoding=\"async\" class=\"alignleft  wp-image-8591\" src=\"https:\/\/contrastes.com.co\/digital\/wp-content\/uploads\/2022\/03\/r-capitular.png\" alt=\"r capitular\" width=\"68\" height=\"68\" srcset=\"https:\/\/contrastes.com.co\/digital\/wp-content\/uploads\/2022\/03\/r-capitular.png 100w, https:\/\/contrastes.com.co\/digital\/wp-content\/uploads\/2022\/03\/r-capitular-60x60.png 60w\" sizes=\"auto, (max-width: 68px) 100vw, 68px\" \/>umbo a su trabajo, como oficiales de construcci\u00f3n en una obra en la calle 79 con carrera 43, en el norte de Barranquilla, como era costumbre, Edwar Grueso sali\u00f3 junto a su amigo David Jim\u00e9nez, de 31 a\u00f1os, del barrio Ciudad Caribe II, en la v\u00eda a Caracol\u00ed, hacia un paradero del <strong>sistema Transmetro<\/strong>, cercano a la <strong>Gran central de Abastos del Caribe \u2013Granabastos-,<\/strong> en Soledad.<\/p>\n<p>Sin embargo, ayer a las 6:30 de la ma\u00f1ana, lleg\u00f3 a ese paradero el alimentador bastante lleno. \u00abMi amigo me ayuda a subirme al bus y \u00e9l trata de subirse por la otra puerta, pero ven\u00eda bastante lleno el bus. Cuando el alimentador arranca las puertas no estaban cerradas a\u00fan y mi amigo cay\u00f3 de espalda y se golpe\u00f3 la cabeza. Lo que origin\u00f3 que empezar\u00e1 a convulsionar\u00bb, cont\u00f3 el amigo en la ma\u00f1ana de este mi\u00e9rcoles en Medicina Legal agregando que no sab\u00eda qu\u00e9 hacer en ese momento.<\/p>\n<p>\u00abLa gente gritaba al conductor que parara. A m\u00ed me toc\u00f3 tirarme del bus. No sab\u00eda si salir ayudar a mi amigo o perseguir el bus. Como a los 10 minutos lleg\u00f3 una ambulancia. Los param\u00e9dicos me dec\u00edan que ten\u00eda a\u00fan signos vitales, pero entre ellos se hac\u00edan se\u00f1as que ya estaba muerto\u00bb, cont\u00f3.<\/p>\n<p>La ambulancia traslad\u00f3 a David hasta Agrupasalud, ubicado sobre la prolongaci\u00f3n de Murillo. \u00abCuando yo entro al centro asistencial me dice la doctora que ya \u00e9l hab\u00eda entrado sin signos vitales\u00bb, cont\u00f3 el amigo indicando adem\u00e1s que \u201cintentaron decir que David sufr\u00eda de convulsiones\u201d, lo que a su juicio no es cierto.<\/p>\n<p>\u00abTambi\u00e9n hab\u00eda una persona ofreciendo 25 millones de pesos para que el caso quedar\u00e1 as\u00ed\u00bb, denunci\u00f3. El cuerpo de David permaneci\u00f3 casi todo el d\u00eda en el centro asistencial hasta que ya en horas de la tarde lleg\u00f3 la Polic\u00eda a realizar la inspecci\u00f3n del cuerpo y trasladarlo a Medicina Legal.<\/p>\n<p>La empresa Transmetro precis\u00f3 que el caso se encuentra en investigaci\u00f3n interna y una vez se conozca en detalle lo ocurrido emitir\u00e1 un comunicado.<\/p>\n","protected":false},"excerpt":{"rendered":"<p>Rumbo a su trabajo, como oficiales de construcci\u00f3n en una obra en la calle 79 con carrera 43, en el norte de Barranquilla, como era costumbre, Edwar Grueso sali\u00f3 junto a su amigo David Jim\u00e9nez, de 31 a\u00f1os, del barrio Ciudad Caribe II, en la v\u00eda a Caracol\u00ed, hacia un paradero del sistema Transmetro, cercano a la Gran central de Abastos del Caribe \u2013Granabastos-, en Soledad.<\/p>\n","protected":false},"author":1,"featured_media":11242,"comment_status":"open","ping_status":"open","sticky":false,"template":"","format":"standard","meta":{"footnotes":""},"categories":[6626,10,2],"tags":[7147,6518,582,38],"class_list":["post-11241","post","type-post","status-publish","format-standard","has-post-thumbnail","hentry","category-accidentes-automovilisticos","category-judicial","category-locales","tag-accidente-fatal","tag-bus-transmetro","tag-granabastos","tag-municipio-de-soledad"],"_links":{"self":[{"href":"https:\/\/contrastes.com.co\/digital\/wp-json\/wp\/v2\/posts\/11241","targetHints":{"allow":["GET"]}}],"collection":[{"href":"https:\/\/contrastes.com.co\/digital\/wp-json\/wp\/v2\/posts"}],"about":[{"href":"https:\/\/contrastes.com.co\/digital\/wp-json\/wp\/v2\/types\/post"}],"author":[{"embeddable":true,"href":"https:\/\/contrastes.com.co\/digital\/wp-json\/wp\/v2\/users\/1"}],"replies":[{"embeddable":true,"href":"https:\/\/contrastes.com.co\/digital\/wp-json\/wp\/v2\/comments?post=11241"}],"version-history":[{"count":1,"href":"https:\/\/contrastes.com.co\/digital\/wp-json\/wp\/v2\/posts\/11241\/revisions"}],"predecessor-version":[{"id":11243,"href":"https:\/\/contrastes.com.co\/digital\/wp-json\/wp\/v2\/posts\/11241\/revisions\/11243"}],"wp:featuredmedia":[{"embeddable":true,"href":"https:\/\/contrastes.com.co\/digital\/wp-json\/wp\/v2\/media\/11242"}],"wp:attachment":[{"href":"https:\/\/contrastes.com.co\/digital\/wp-json\/wp\/v2\/media?parent=11241"}],"wp:term":[{"taxonomy":"category","embeddable":true,"href":"https:\/\/contrastes.com.co\/digital\/wp-json\/wp\/v2\/categories?post=11241"},{"taxonomy":"post_tag","embeddable":true,"href":"https:\/\/contrastes.com.co\/digital\/wp-json\/wp\/v2\/tags?post=11241"}],"curies":[{"name":"wp","href":"https:\/\/api.w.org\/{rel}","templated":true}]}}