{"id":11279,"date":"2022-09-08T15:08:19","date_gmt":"2022-09-08T20:08:19","guid":{"rendered":"https:\/\/contrastes.com.co\/digital\/?p=11279"},"modified":"2022-09-08T15:08:19","modified_gmt":"2022-09-08T20:08:19","slug":"balearon-a-medico-y-directivo-de-la-empresa-de-transporte-cootransa-en-sabanalarga","status":"publish","type":"post","link":"https:\/\/contrastes.com.co\/digital\/balearon-a-medico-y-directivo-de-la-empresa-de-transporte-cootransa-en-sabanalarga\/","title":{"rendered":"Balearon a m\u00e9dico y directivo de la empresa de transporte Cootransa en Sabanalarga"},"content":{"rendered":"<p><strong>*Balearon a m\u00e9dico y directivo de la empresa de transporte Cootransa en Sabanalarga, autoridades asocian el caso a extorsi\u00f3n<\/strong><\/p>\n<blockquote><p><strong>El Comandante de la Polic\u00eda Atl\u00e1ntico, coronel Carlos Currea, atribuy\u00f3 el atentado a bala contra el Directivo de Cootransa Jorge Jim\u00e9nez Mesino en el municipio de Sabanalarga, A un caso asociado a la extorsi\u00f3n contra esa empresa de transporte de pasajeros entre el municipio de Sabanalarga y el Distrito de Barranquilla<\/strong><\/p><\/blockquote>\n<p><img loading=\"lazy\" decoding=\"async\" class=\"alignleft  wp-image-8657\" src=\"https:\/\/contrastes.com.co\/digital\/wp-content\/uploads\/2022\/03\/u-capitular.png\" alt=\"u capitular\" width=\"58\" height=\"58\" srcset=\"https:\/\/contrastes.com.co\/digital\/wp-content\/uploads\/2022\/03\/u-capitular.png 100w, https:\/\/contrastes.com.co\/digital\/wp-content\/uploads\/2022\/03\/u-capitular-60x60.png 60w\" sizes=\"auto, (max-width: 58px) 100vw, 58px\" \/>n atentado sicarial sufri\u00f3 el m\u00e9dico Jorge Jim\u00e9nez Mesino la noche de este mi\u00e9rcoles en la calle 24 con carrera 24, en pleno casco urbano del municipio de Sabanalarga, en el centro del departamento del Atl\u00e1ntico. Es preciso indicar que el galeno se desempa\u00f1a adem\u00e1s como presidente del consejo directivo de la empresa de transporte p\u00fablico Cootransa.<\/p>\n<p>De acuerdo a las autoridades, Sicarios que se movilizaban en una motocicleta dispararon contra Jim\u00e9nez Mesino quien en el momento del ataque a bala conduc\u00eda su camioneta marca Toyota Prado y tras ser impactado perdi\u00f3 el control del veh\u00edculo estrell\u00e1ndose contra la terraza de una vivienda.<\/p>\n<p>La Polic\u00eda de Atl\u00e1ntico inform\u00f3 que \u201cal parecer, la v\u00edctima sali\u00f3 de la oficina de la estaci\u00f3n de servicio de la nevada de buses de Cootransa, en su veh\u00edculo particular y fue abordado por dos hombres en una motocicleta marca AX4 en la carrera 24 con calle 24A, barrio La Fuente. All\u00ed recibe un disparo a la altura de la cabeza\u201d.<\/p>\n<p>La v\u00edctima fue llevada al Hospital de Sabanalarga y luego remitida a la Cl\u00ednica La Misericordia de Barranquilla debido a su delicado estado de salud.<\/p>\n<p>Por su parte, el Comandante de la Polic\u00eda Atl\u00e1ntico, coronel Carlos Currea, atribuy\u00f3 el atentado a bala contra el Directivo de Cootransa Jorge Jim\u00e9nez Mesino en el municipio de Sabanalarga, a un caso asociado a la extorsi\u00f3n contra esa empresa de transporte de pasajeros entre el municipio de Sabanalarga y el Distrito de Barranquilla<\/p>\n<p>El alto oficial afirm\u00f3 que Jim\u00e9nez Mesino no ha denunciado amenazas por extorsi\u00f3n y afirm\u00f3 que las autoridades trabajan para capturar a los responsables de esta acci\u00f3n criminal.<\/p>\n<h3>El parte m\u00e9dico<\/h3>\n<p>En cuanto al estado de salud del m\u00e9dico, se dijo que contin\u00faa en la unidad de cuidados intensivos de la cl\u00ednica La Misericordia en Barranquilla. Permanece estable, pero el proyectil que no tuvo orificio de salida caus\u00f3 lesiones en el 40 por ciento de la masa encef\u00e1lica, por lo que su caso es de \u201cpron\u00f3sticos reservados\u201d.<\/p>\n<h3>Un dato perturbador<\/h3>\n<p>Finalmente a los investigadores tambi\u00e9n les llam\u00f3 la atenci\u00f3n que el 6 de octubre del 2005, el entonces gerente de la misma empresa, Cootransa, \u00d3scar Efr\u00e9n Jaimes Pab\u00f3n, fue asesinado a tiros en el interior de un bus de esa cooperativa. Ocurri\u00f3 en Barranquilla, en la calle 47 con carrera 6, inmediaciones del sector de San Mart\u00edn, en La Cordialidad, cuando viajaba como pasajero hacia Sabanalarga.<\/p>\n","protected":false},"excerpt":{"rendered":"<p>Un atentado sicarial sufri\u00f3 el m\u00e9dico Jorge Jim\u00e9nez Mesino la noche de este mi\u00e9rcoles en la calle 24 con carrera 24, en pleno casco urbano del municipio de Sabanalarga, en el centro del departamento del Atl\u00e1ntico. Es preciso indicar que el galeno se desempa\u00f1a adem\u00e1s como presidente del consejo directivo de la empresa de transporte p\u00fablico Cootransa.<\/p>\n","protected":false},"author":1,"featured_media":11280,"comment_status":"open","ping_status":"open","sticky":false,"template":"","format":"standard","meta":{"footnotes":""},"categories":[10,6],"tags":[6423,6975,513,754,5600,7168],"class_list":["post-11279","post","type-post","status-publish","format-standard","has-post-thumbnail","hentry","category-judicial","category-region","tag-arma-de-fuego","tag-herido","tag-medico","tag-municipio-de-sabanalarga","tag-sicarios","tag-transporte-cootransa"],"_links":{"self":[{"href":"https:\/\/contrastes.com.co\/digital\/wp-json\/wp\/v2\/posts\/11279","targetHints":{"allow":["GET"]}}],"collection":[{"href":"https:\/\/contrastes.com.co\/digital\/wp-json\/wp\/v2\/posts"}],"about":[{"href":"https:\/\/contrastes.com.co\/digital\/wp-json\/wp\/v2\/types\/post"}],"author":[{"embeddable":true,"href":"https:\/\/contrastes.com.co\/digital\/wp-json\/wp\/v2\/users\/1"}],"replies":[{"embeddable":true,"href":"https:\/\/contrastes.com.co\/digital\/wp-json\/wp\/v2\/comments?post=11279"}],"version-history":[{"count":1,"href":"https:\/\/contrastes.com.co\/digital\/wp-json\/wp\/v2\/posts\/11279\/revisions"}],"predecessor-version":[{"id":11281,"href":"https:\/\/contrastes.com.co\/digital\/wp-json\/wp\/v2\/posts\/11279\/revisions\/11281"}],"wp:featuredmedia":[{"embeddable":true,"href":"https:\/\/contrastes.com.co\/digital\/wp-json\/wp\/v2\/media\/11280"}],"wp:attachment":[{"href":"https:\/\/contrastes.com.co\/digital\/wp-json\/wp\/v2\/media?parent=11279"}],"wp:term":[{"taxonomy":"category","embeddable":true,"href":"https:\/\/contrastes.com.co\/digital\/wp-json\/wp\/v2\/categories?post=11279"},{"taxonomy":"post_tag","embeddable":true,"href":"https:\/\/contrastes.com.co\/digital\/wp-json\/wp\/v2\/tags?post=11279"}],"curies":[{"name":"wp","href":"https:\/\/api.w.org\/{rel}","templated":true}]}}