{"id":11288,"date":"2022-09-08T15:33:25","date_gmt":"2022-09-08T20:33:25","guid":{"rendered":"https:\/\/contrastes.com.co\/digital\/?p=11288"},"modified":"2022-09-08T15:34:56","modified_gmt":"2022-09-08T20:34:56","slug":"gobernadora-exalto-a-helmut-bellingrodt-al-cumplirse-50-anos-de-su-primera-medalla-olimpica","status":"publish","type":"post","link":"https:\/\/contrastes.com.co\/digital\/gobernadora-exalto-a-helmut-bellingrodt-al-cumplirse-50-anos-de-su-primera-medalla-olimpica\/","title":{"rendered":"Gobernadora exalt\u00f3 a Helmut Bellingrodt al cumplirse 50 a\u00f1os de su primera medalla ol\u00edmpica"},"content":{"rendered":"<p><strong>*Gobernadora exalt\u00f3 a Helmut Bellingrodt al cumplirse 50 a\u00f1os de su primera medalla ol\u00edmpica<\/strong><\/p>\n<blockquote><p><strong>La ministra del Deporte, Mar\u00eda Isabel Urrutia, no se quiso perder este acto tan significativo en la historia ol\u00edmpica del pa\u00eds y resalt\u00f3 la importancia de Bellingrodt \u201ccomo un referente para los deportistas colombianos. \u00c9l est\u00e1 dentro de los tres primeros y nos inspiraban a ser como ellos, todos quer\u00edamos llegar a donde \u00e9l lleg\u00f3\u201d.<\/strong><\/p><\/blockquote>\n<p><img loading=\"lazy\" decoding=\"async\" class=\"alignleft  wp-image-8529\" src=\"https:\/\/contrastes.com.co\/digital\/wp-content\/uploads\/2022\/03\/e-capitular.png\" alt=\"e capitular\" width=\"64\" height=\"64\" srcset=\"https:\/\/contrastes.com.co\/digital\/wp-content\/uploads\/2022\/03\/e-capitular.png 150w, https:\/\/contrastes.com.co\/digital\/wp-content\/uploads\/2022\/03\/e-capitular-60x60.png 60w\" sizes=\"auto, (max-width: 64px) 100vw, 64px\" \/>n un emotivo acto, lleno de historias y an\u00e9cdotas, la <strong>gobernadora, Elsa Noguera, entreg\u00f3 un decreto a Helmut Bellingrodt con el que exalta su gesta deportiva, al cumplirse 50 a\u00f1os de haber ganado la primera medalla ol\u00edmpica para nuestro pa\u00eds, en la disciplina del tiro deportivo, en los Ol\u00edmpicos de M\u00fanich en 1972.<\/strong><\/p>\n<p><strong>El evento cont\u00f3 con la presencia de la ministra del deporte, Mar\u00eda Isabel Urrutia; el presidente del Comit\u00e9 Ol\u00edmpico colombiano, Ciro Solano; el director de Indeportes Atl\u00e1ntico, Luis Restrepo; el presidente de Acord Atl\u00e1ntico, Estewil Quesada, y familiares del homenajeado.<\/strong><\/p>\n<p>\u201cYa han pasado 50 a\u00f1os de un momento de gloria para el pa\u00eds, nada m\u00e1s y nada menos que la conquista de la primera medalla ol\u00edmpica en la historia de Colombia, y ese honor lo tuvo un atleta nuestro, barranquillero, atlanticense, Helmut Bellingrodt, en la modalidad de tiro deportivo en M\u00fanich 1972. Es por eso que hoy le rendimos un c\u00e1lido homenaje, exalt\u00e1ndolo por su permanente compromiso y apoyo al deporte en Colombia y el Atl\u00e1ntico. Helmut Bellingrotd es un ejemplo para\u00a0 las nuevas generaciones del deporte atlanticense, con su esfuerzo, dedicaci\u00f3n y profesionalismo marc\u00f3 el camino del historial de medallas ol\u00edmpicas para nuestro pa\u00eds\u201d, destac\u00f3 la Gobernadora del Atl\u00e1ntico.<\/p>\n<p>La <strong>ministra del Deporte, Mar\u00eda Isabel Urrutia,<\/strong> no se quiso perder este acto tan significativo en la historia ol\u00edmpica del pa\u00eds y resalt\u00f3 la importancia de Bellingrodt \u201ccomo un referente para los deportistas colombianos. \u00c9l est\u00e1 dentro de los tres primeros y nos inspiraban a ser como ellos, todos quer\u00edamos llegar a donde \u00e9l lleg\u00f3\u201d.<\/p>\n<p>Conmovido por el homenaje, Helmut Bellingrotd expres\u00f3 su agradecimiento y afirm\u00f3 que su prop\u00f3sito siempre ha sido \u201cdejar un legado de ense\u00f1anza, de experiencia y poder entregar a la nueva generaci\u00f3n todos esos conocimientos que he adquirido durante estos a\u00f1os. 50 a\u00f1os es bastante tiempo y espero tener un ratico m\u00e1s para poder darle al deporte lo que hasta el momento no he podido entregarle\u201d, manifest\u00f3 el tirador ol\u00edmpico.<\/p>\n<p>Para el<strong> director de Indeportes, Luis Restrepo,<\/strong> Bellingrodt merece todos los homenajes. \u201cEs, sin duda, un ejemplo para todos los atletas que sue\u00f1an con una medalla ol\u00edmpica, un referente para el deporte atlanticense, quien nos ense\u00f1\u00f3 a ganar al m\u00e1s alto nivel como lo son los Juegos Ol\u00edmpicos. Por eso, desde la Gobernaci\u00f3n del Atl\u00e1ntico, seguimos apost\u00e1ndole al deporte, seguimos implementando escuelas de iniciaci\u00f3n y formaci\u00f3n deportiva y apoyando el alto rendimiento, para que cada d\u00eda m\u00e1s deportistas nos representen a nivel nacional e internacional\u201d, apunt\u00f3 Restrepo.<\/p>\n<p><strong>Acord Atl\u00e1ntico, a trav\u00e9s de su presidente Estewil Quesada,<\/strong> durante el evento tambi\u00e9n entreg\u00f3 una placa de reconocimiento al medallista atlanticense en el aniversario 50 de su medalla ol\u00edmpica. En d\u00edas pasados, el <strong>presidente del Comit\u00e9 Ol\u00edmpico Colombiano, Ciro Solano<\/strong>, de igual forma rindi\u00f3 homenaje en Bogot\u00e1 al tirador barranquillero recordando tan importante fecha.<\/p>\n","protected":false},"excerpt":{"rendered":"<p>En un emotivo acto, lleno de historias y an\u00e9cdotas, la gobernadora, Elsa Noguera, entreg\u00f3 un decreto a Helmut Bellingrodt con el que exalta su gesta deportiva, al cumplirse 50 a\u00f1os de haber ganado la primera medalla ol\u00edmpica para nuestro pa\u00eds, en la disciplina del tiro deportivo, en los Ol\u00edmpicos de M\u00fanich en 1972.<\/p>\n","protected":false},"author":1,"featured_media":11289,"comment_status":"open","ping_status":"open","sticky":false,"template":"","format":"standard","meta":{"footnotes":""},"categories":[8,782,11,4,113,2651,6],"tags":[7182,7179,7174,3458,7176,31,7181,139,7173,2523,7175,6180,6807,7177,6806,7180,7178],"class_list":["post-11288","post","type-post","status-publish","format-standard","has-post-thumbnail","hentry","category-deportes","category-historia","category-mundo","category-pais","category-personajes","category-reconocimientos","category-region","tag-50-anos","tag-ciro-solano","tag-deportista-colombiano","tag-director-de-indeportes-atlantico","tag-disciplina-del-tiro-deportivo","tag-elsa-noguera","tag-estewil-quesada","tag-gobernadora-del-atlantico","tag-helmut-bellingrodt","tag-homenaje","tag-juegos-olimpicos-de-munich-en-1972","tag-luis-restrepo","tag-maria-isabel-urrutia","tag-medalla-olimpica","tag-ministra-del-deporte","tag-presidente-de-acord-atlantico","tag-presidente-del-comite-olimpico-colombiano"],"_links":{"self":[{"href":"https:\/\/contrastes.com.co\/digital\/wp-json\/wp\/v2\/posts\/11288","targetHints":{"allow":["GET"]}}],"collection":[{"href":"https:\/\/contrastes.com.co\/digital\/wp-json\/wp\/v2\/posts"}],"about":[{"href":"https:\/\/contrastes.com.co\/digital\/wp-json\/wp\/v2\/types\/post"}],"author":[{"embeddable":true,"href":"https:\/\/contrastes.com.co\/digital\/wp-json\/wp\/v2\/users\/1"}],"replies":[{"embeddable":true,"href":"https:\/\/contrastes.com.co\/digital\/wp-json\/wp\/v2\/comments?post=11288"}],"version-history":[{"count":1,"href":"https:\/\/contrastes.com.co\/digital\/wp-json\/wp\/v2\/posts\/11288\/revisions"}],"predecessor-version":[{"id":11290,"href":"https:\/\/contrastes.com.co\/digital\/wp-json\/wp\/v2\/posts\/11288\/revisions\/11290"}],"wp:featuredmedia":[{"embeddable":true,"href":"https:\/\/contrastes.com.co\/digital\/wp-json\/wp\/v2\/media\/11289"}],"wp:attachment":[{"href":"https:\/\/contrastes.com.co\/digital\/wp-json\/wp\/v2\/media?parent=11288"}],"wp:term":[{"taxonomy":"category","embeddable":true,"href":"https:\/\/contrastes.com.co\/digital\/wp-json\/wp\/v2\/categories?post=11288"},{"taxonomy":"post_tag","embeddable":true,"href":"https:\/\/contrastes.com.co\/digital\/wp-json\/wp\/v2\/tags?post=11288"}],"curies":[{"name":"wp","href":"https:\/\/api.w.org\/{rel}","templated":true}]}}