{"id":11305,"date":"2022-09-09T19:09:58","date_gmt":"2022-09-10T00:09:58","guid":{"rendered":"https:\/\/contrastes.com.co\/digital\/?p=11305"},"modified":"2022-09-09T19:09:58","modified_gmt":"2022-09-10T00:09:58","slug":"16-000-vigilantes-de-empresas-privadas-se-suman-a-nueva-estrategia-de-seguridad-en-barranquilla","status":"publish","type":"post","link":"https:\/\/contrastes.com.co\/digital\/16-000-vigilantes-de-empresas-privadas-se-suman-a-nueva-estrategia-de-seguridad-en-barranquilla\/","title":{"rendered":"16.000 vigilantes de empresas privadas se suman a nueva estrategia de seguridad en Barranquilla"},"content":{"rendered":"<p><strong>*16.000 vigilantes de empresas privadas se suman a nueva estrategia de seguridad en Barranquilla<\/strong><\/p>\n<blockquote><p><strong>\u201cHay 16.000 vigilantes en la seguridad privada de Barranquilla que estamos sumando para cuidar a los barranquilleros, pero entendiendo que la tecnolog\u00eda nos puede mejorar o incorporar esas fuerzas de seguridad privada al control que hace la Polic\u00eda, as\u00ed podemos ser mucho m\u00e1s \u00e1giles en la manera como combatimos y prevenimos\u201d: Jaime Pumarejo.<\/strong><\/p><\/blockquote>\n<p><img loading=\"lazy\" decoding=\"async\" class=\"alignleft  wp-image-8518\" src=\"https:\/\/contrastes.com.co\/digital\/wp-content\/uploads\/2022\/03\/c-capitular.png\" alt=\"c capitular\" width=\"64\" height=\"64\" srcset=\"https:\/\/contrastes.com.co\/digital\/wp-content\/uploads\/2022\/03\/c-capitular.png 150w, https:\/\/contrastes.com.co\/digital\/wp-content\/uploads\/2022\/03\/c-capitular-60x60.png 60w\" sizes=\"auto, (max-width: 64px) 100vw, 64px\" \/>on el objetivo de sumar esfuerzos que permitan la implementaci\u00f3n de acciones para crear espacios m\u00e1s seguros para los barranquilleros, <strong>el Alcalde Jaime Pumarejo y el Superintendente de Vigilancia y Seguridad Privada, Orlando Clavijo<\/strong>, firmaron un convenio interinstitucional de cooperaci\u00f3n en materia de seguridad ciudadana.<\/p>\n<p>Con en este prop\u00f3sito, que busca mejorar la comunicaci\u00f3n y colaboraci\u00f3n entre las empresas de seguridad privada y la <strong>Polic\u00eda Metropolitana de Barranquilla<\/strong>, se conformar\u00e1n redes de apoyo entre <strong>16.000 vigilantes privados<\/strong> que trabajar\u00e1n de la mano con\u00a0 la instituci\u00f3n armada.<\/p>\n<p><em><strong>Pumarejo explic\u00f3 el objetivo es que este personal vinculado a la empresa privada pueda acceder a capacitaciones para apoyar en la mediaci\u00f3n de conflictos y la prevenci\u00f3n de comportamientos o situaciones que pongan en riesgo la seguridad de la comunidad.<\/strong><\/em><\/p>\n<p>Destac\u00f3 adem\u00e1s que esta alianza es la suma de voluntades entre dos fuerzas que est\u00e1n trabajando por la seguridad de Barranquilla, que al unirse tiene mucho mayor control sobre la vigilancia y sobre los recursos que se utilizan para cuidar a los barranquilleros.<\/p>\n<p>\u201cHay 16.000 vigilantes en la seguridad privada de Barranquilla que estamos sumando para cuidar a los barranquilleros, pero entendiendo que la tecnolog\u00eda nos puede mejorar o incorporar esas fuerzas de seguridad privada al control que hace la Polic\u00eda, as\u00ed podemos ser mucho m\u00e1s \u00e1giles en la manera como combatimos y prevenimos\u201d, dijo el mandatario.<\/p>\n<p>Como parte de esta nueva estrategia se mejorar\u00e1n las comunicaciones entre la vigilancia privada y la Polic\u00eda, que puede ser a trav\u00e9s de una aplicaci\u00f3n m\u00f3vil, donde vigilantes, guardas y encargados de la seguridad, podr\u00e1n reportar en tiempo real cualquier hecho que atente contra la sana convivencia o que altere la tranquilidad.<\/p>\n<p>De acuerdo con cifras oficiales, gracias a esta colaboraci\u00f3n de la seguridad y vigilancia privada se han llevado 230 casos, 227 capturas, 4 armas incautadas y 306 millones de pesos en mercanc\u00eda recuperada.<\/p>\n<p>Para el superintendente Orlando Clavijo, el distrito est\u00e1 reforzando el inter\u00e9s de brindar mejor seguridad a los barranquilleros.<\/p>\n<p>\u201cCon este convenio se va a reforzar a\u00fan m\u00e1s el compromiso con la ciudad y con el gobierno nacional para reforzar esa informaci\u00f3n. En todos los rincones de la ciudad siempre habr\u00e1 un guarda con la preparaci\u00f3n para informar, estar atento y reportar\u201d, indic\u00f3.<\/p>\n<p>En opini\u00f3n de <strong>Nelson Patr\u00f3n, jefe de la Oficina para la Seguridad y Convivencia Ciudadana de Barranquilla<\/strong>, este tipo de alianzas p\u00fablico-privadas permiten robustecer los procesos que, desde la administraci\u00f3n distrital se impulsan en conjunto con la comunidad y la Polic\u00eda.<\/p>\n","protected":false},"excerpt":{"rendered":"<p>Con el objetivo de sumar esfuerzos que permitan la implementaci\u00f3n de acciones para crear espacios m\u00e1s seguros para los barranquilleros, el Alcalde Jaime Pumarejo y el Superintendente de Vigilancia y Seguridad Privada, Orlando Clavijo, firmaron un convenio interinstitucional de cooperaci\u00f3n en materia de seguridad ciudadana.<\/p>\n","protected":false},"author":1,"featured_media":11306,"comment_status":"open","ping_status":"open","sticky":false,"template":"","format":"standard","meta":{"footnotes":""},"categories":[1462,6,998],"tags":[7196,1558,1125,7195,2828,7194,2599,7193],"class_list":["post-11305","post","type-post","status-publish","format-standard","has-post-thumbnail","hentry","category-inseguridad","category-region","category-seguridad-ciudadana","tag-16-000-vigilantes-privados","tag-alcalde-de-barranquilla","tag-jaime-pumarejo","tag-jefe-de-la-oficina-para-la-seguridad-y-convivencia-ciudadana-de-barranquilla","tag-nelson-patron","tag-orlando-clavijo","tag-policia-metropolitana-de-barranquilla","tag-superintendente-de-vigilancia-y-seguridad-privada"],"_links":{"self":[{"href":"https:\/\/contrastes.com.co\/digital\/wp-json\/wp\/v2\/posts\/11305","targetHints":{"allow":["GET"]}}],"collection":[{"href":"https:\/\/contrastes.com.co\/digital\/wp-json\/wp\/v2\/posts"}],"about":[{"href":"https:\/\/contrastes.com.co\/digital\/wp-json\/wp\/v2\/types\/post"}],"author":[{"embeddable":true,"href":"https:\/\/contrastes.com.co\/digital\/wp-json\/wp\/v2\/users\/1"}],"replies":[{"embeddable":true,"href":"https:\/\/contrastes.com.co\/digital\/wp-json\/wp\/v2\/comments?post=11305"}],"version-history":[{"count":1,"href":"https:\/\/contrastes.com.co\/digital\/wp-json\/wp\/v2\/posts\/11305\/revisions"}],"predecessor-version":[{"id":11307,"href":"https:\/\/contrastes.com.co\/digital\/wp-json\/wp\/v2\/posts\/11305\/revisions\/11307"}],"wp:featuredmedia":[{"embeddable":true,"href":"https:\/\/contrastes.com.co\/digital\/wp-json\/wp\/v2\/media\/11306"}],"wp:attachment":[{"href":"https:\/\/contrastes.com.co\/digital\/wp-json\/wp\/v2\/media?parent=11305"}],"wp:term":[{"taxonomy":"category","embeddable":true,"href":"https:\/\/contrastes.com.co\/digital\/wp-json\/wp\/v2\/categories?post=11305"},{"taxonomy":"post_tag","embeddable":true,"href":"https:\/\/contrastes.com.co\/digital\/wp-json\/wp\/v2\/tags?post=11305"}],"curies":[{"name":"wp","href":"https:\/\/api.w.org\/{rel}","templated":true}]}}