{"id":11311,"date":"2022-09-09T19:52:19","date_gmt":"2022-09-10T00:52:19","guid":{"rendered":"https:\/\/contrastes.com.co\/digital\/?p=11311"},"modified":"2022-09-09T19:52:19","modified_gmt":"2022-09-10T00:52:19","slug":"min-minas-asumira-el-control-de-la-creg-luego-de-anuncio-de-petro-que-genero-incertidumbre-en-el-sector","status":"publish","type":"post","link":"https:\/\/contrastes.com.co\/digital\/min-minas-asumira-el-control-de-la-creg-luego-de-anuncio-de-petro-que-genero-incertidumbre-en-el-sector\/","title":{"rendered":"Min-Minas asumir\u00e1 el control de la CREG, luego de anuncio de Petro que gener\u00f3 incertidumbre en el sector"},"content":{"rendered":"<p><strong>*Min-Minas asumir\u00e1 el control de la CREG, luego de anuncio de Petro que gener\u00f3 incertidumbre en el sector<\/strong><\/p>\n<blockquote><p><strong>Durante la clausura del Congreso de Andesco el presidente de la Rep\u00fablica tambi\u00e9n manifest\u00f3 su deseo de cambiar el modelo energ\u00e9tico del pa\u00eds, a ra\u00edz del elevado costo de las tarifas de luz<\/strong><\/p><\/blockquote>\n<p><img loading=\"lazy\" decoding=\"async\" class=\"alignleft  wp-image-8758\" src=\"https:\/\/contrastes.com.co\/digital\/wp-content\/uploads\/2022\/04\/d-capitular.png\" alt=\"\" width=\"73\" height=\"73\" srcset=\"https:\/\/contrastes.com.co\/digital\/wp-content\/uploads\/2022\/04\/d-capitular.png 100w, https:\/\/contrastes.com.co\/digital\/wp-content\/uploads\/2022\/04\/d-capitular-60x60.png 60w\" sizes=\"auto, (max-width: 73px) 100vw, 73px\" \/>espu\u00e9s de la <strong>intervenci\u00f3n del presidente Gustavo Petro en la clausura del Congreso de Andesco 2022 en Cartagena, en donde anunci\u00f3 que el Gobierno nacional asumir\u00e1 las funciones de la Comisi\u00f3n de Regulaci\u00f3n de Energ\u00eda y Gas (CREG) en un intento para contrarrestar los altos precios de la energ\u00eda en Colombia<\/strong>, el <strong>director del Departamento Administrativo de la Presidencia de la Rep\u00fablica (Dapre), Mauricio Lizcano<\/strong>, confirm\u00f3 que ser\u00e1 el Ministerio de Minas y Energ\u00eda el que asuma el control de la CREG.<\/p>\n<p>El anuncio lo hizo a trav\u00e9s de su cuenta de Twitter:<\/p>\n<p><a href=\"https:\/\/twitter.com\/MauricioLizcano\/status\/1568311753389346819\">https:\/\/twitter.com\/MauricioLizcano\/status\/1568311753389346819<\/a><\/p>\n<blockquote><p><strong>\u201cAtendido a las facultades que el actual Plan de desarrollo del expresidente Duque, el presidente @petrogustavo ordena al Ministerio de Minas, asumir funciones de CREG para intervenir el mercado de energ\u00eda el\u00e9ctrica\u201d, escribi\u00f3 Lizcano.<\/strong><\/p><\/blockquote>\n<p>Dando cumplimento, as\u00ed, al lo que el presidente Petro dijo durante su intervenci\u00f3n en el Congreso de Andesco: \u201ctenemos un art\u00edculo de una ley hecha por Duque en su plan de desarrollo, la pens\u00f3 para el Gobierno de \u00e9l, que nos permite asumir las funciones de la Creg, art\u00edculo que vamos a usar\u201d.<\/p>\n<p>Estas palabras, sin embargo, m\u00e1s transmitir tranquilidad en el sector energ\u00e9tico del pa\u00eds, despertaron preocupaciones. Por lo que, luego de escuchar la intervenci\u00f3n del jefe de Estado, el presidente de Andesco, Camilo S\u00e1nchez, se\u00f1al\u00f3 que \u201cest\u00e1bamos fr\u00edos, pero lo que est\u00e1 claro es que lo conozco, esa es una propuesta y de esa propuesta a llevarla a cabo falta bastante\u201d, seg\u00fan recogi\u00f3 <strong>Blu Radio<\/strong>.<\/p>\n<p>Adem\u00e1s, insisti\u00f3 en que las soluciones que est\u00e1n dise\u00f1ando desde las empresas de servicios p\u00fablicos ser\u00e1n mejores y m\u00e1s eficientes que la propuesta del presidente Petro de que el Gobierno nacional intervenga y asuma las funciones de la CREG.<\/p>\n<blockquote><p><strong>\u201cS\u00e9 que el presidente busca las mejores condiciones para ayudar, pero una cosa es querer y otra cosa es poder\u201d, a\u00f1adi\u00f3 S\u00e1nchez, seg\u00fan lo citan en Blu Radio, y afirm\u00f3, de acuerdo con Portafolio, que las empresas de servicios p\u00fablicos en el pa\u00eds, \u201cno nos estamos escondiendo ni nos vamos a esconder a las necesidades del pa\u00eds. Estamos diciendo que lo peor que le puede pasar a un servicio p\u00fablico es que crezca por encima de la inflaci\u00f3n\u201d.<\/strong><\/p><\/blockquote>\n<h3>\u00bfQu\u00e9 dicen los expertos?<\/h3>\n<p>De acuerdo con fuentes consultadas por el <strong>diario El Tiempo<\/strong>, entre las que est\u00e1 un exfuncionario de la CREG, precis\u00f3 que en el Gobierno nacional \u201cest\u00e1n pifiados en el tema. La ley 142, de Servicios P\u00fablicos, se\u00f1ala que las facultades son del presidente y este puede retomar funciones de la Comisi\u00f3n de Regulaci\u00f3n, excepto en el sector el\u00e9ctrico que tiene una ley propia, que es la Ley 143, en la que le otorga las facultades espec\u00edficas a la CREG\u201d.<\/p>\n<p>As\u00ed mismo, El Tiempo revel\u00f3 que la pr\u00f3xima semana representantes y agentes del sector el\u00e9ctrico tendr\u00e1n nuevas reuniones en las que evaluar\u00e1n nuevas alternativas para mitigar el alza de los precios en el servicio. Los resultados de estas reuniones se conocer\u00e1n, seg\u00fan le informaron al diario capitalino, el pr\u00f3ximo 16 de septiembre.<\/p>\n<h3>\u00bfCu\u00e1l es el art\u00edculo al que hace referencia Petro para asumir el control de la CREG?<\/h3>\n<p>Es el 290 de la Ley 1955 de 2019 (Plan de Desarrollo 2018-2022), particularmente los par\u00e1grafos 1 y 3, que dicen:<\/p>\n<blockquote><p><strong><img loading=\"lazy\" decoding=\"async\" class=\"alignleft size-full wp-image-8927\" src=\"https:\/\/contrastes.com.co\/digital\/wp-content\/uploads\/2022\/04\/comillas-capitular-2.png\" alt=\"comillas capitular 2\" width=\"100\" height=\"100\" srcset=\"https:\/\/contrastes.com.co\/digital\/wp-content\/uploads\/2022\/04\/comillas-capitular-2.png 100w, https:\/\/contrastes.com.co\/digital\/wp-content\/uploads\/2022\/04\/comillas-capitular-2-60x60.png 60w\" sizes=\"auto, (max-width: 100px) 100vw, 100px\" \/>\u201cPAR\u00c1GRAFO 1o. No obstante, lo dispuesto en el art\u00edculo 126 de la Ley 142 de 1994, la CREG podr\u00e1 modificar las f\u00f3rmulas tarifarias durante su vigencia cuando ello sea estrictamente necesario y motivado en la inclusi\u00f3n de nuevos agentes, actividades o tecnolog\u00edas, cumpliendo con los criterios establecidos en dicho art\u00edculo para la implementaci\u00f3n de la regulaci\u00f3n\u201d.<\/strong><\/p>\n<p><strong><img loading=\"lazy\" decoding=\"async\" class=\"alignleft size-full wp-image-8927\" src=\"https:\/\/contrastes.com.co\/digital\/wp-content\/uploads\/2022\/04\/comillas-capitular-2.png\" alt=\"comillas capitular 2\" width=\"100\" height=\"100\" srcset=\"https:\/\/contrastes.com.co\/digital\/wp-content\/uploads\/2022\/04\/comillas-capitular-2.png 100w, https:\/\/contrastes.com.co\/digital\/wp-content\/uploads\/2022\/04\/comillas-capitular-2-60x60.png 60w\" sizes=\"auto, (max-width: 100px) 100vw, 100px\" \/>\u201cPAR\u00c1GRAFO 3o. Las competencias establecidas en este art\u00edculo podr\u00e1n ser asumidas por el Presidente de la Rep\u00fablica o por el Ministerio de Minas y Energ\u00eda seg\u00fan a quien corresponda la funci\u00f3n delegada en la CREG\u201d.<\/strong><br \/>\n<strong>El presidente tambi\u00e9n anunci\u00f3 que se est\u00e1 dise\u00f1ando una ley que replantee el paradigma de los servicios p\u00fablicos en Colombia, seg\u00fan informaron en Blu Radio.<\/strong><\/p><\/blockquote>\n<p>As\u00ed mismo, <strong>Portafolio<\/strong> inform\u00f3 que al asumir las funciones de la CREG tambi\u00e9n se podr\u00eda modificarse la f\u00f3rmula con la que se calcula la tarifa de energ\u00eda, pues, seg\u00fan el presidente Petro, conforme lo parafrasean en el portal econ\u00f3mico, el alto costo de la energ\u00eda el\u00e9ctrica y otros servicios p\u00fablicos se ha convertido en uno de los mayores aportantes de la inflaci\u00f3n y, con ello, de la pobreza.<\/p>\n<p>En su discurso, el presidente Petro tambi\u00e9n aclar\u00f3 que en su administraci\u00f3n <strong>\u201cno vamos a estatizar los servicios p\u00fablicos, vamos a entrar un nuevo componente, tanto en conectividad como en energ\u00eda el\u00e9ctrica y en agua potable. Ese nuevo componente se llama Comunidad Energ\u00e9tica\u201d.<\/strong><\/p>\n","protected":false},"excerpt":{"rendered":"<p>Despu\u00e9s de la intervenci\u00f3n del presidente Gustavo Petro en la clausura del Congreso de Andesco 2022 en Cartagena, en donde anunci\u00f3 que el Gobierno nacional asumir\u00e1 las funciones de la Comisi\u00f3n de Regulaci\u00f3n de Energ\u00eda y Gas (CREG) en un intento para contrarrestar los altos precios de la energ\u00eda en Colombia, el director del Departamento Administrativo de la Presidencia de la Rep\u00fablica (Dapre), Mauricio Lizcano, confirm\u00f3 que ser\u00e1 el Ministerio de Minas y Energ\u00eda el que asuma el control de la CREG.<\/p>\n","protected":false},"author":1,"featured_media":11313,"comment_status":"open","ping_status":"open","sticky":false,"template":"","format":"standard","meta":{"footnotes":""},"categories":[4,3955,6,2065],"tags":[7203,7116,7204,7202,7200,6219,7201,6241],"class_list":["post-11311","post","type-post","status-publish","format-standard","has-post-thumbnail","hentry","category-pais","category-politicas-publicas","category-region","category-servicios-publicos","tag-altos-precios-de-la-energia","tag-comision-de-regulacion-de-energia-y-gas-creg","tag-comunidad-energetica","tag-congreso-de-andesco-2022-en-cartagena","tag-director-del-departamento-administrativo-de-la-presidencia-de-la-republica-dapre","tag-gustavo-petro-urrego","tag-mauricio-lizcano","tag-presidente-de-colombia"],"_links":{"self":[{"href":"https:\/\/contrastes.com.co\/digital\/wp-json\/wp\/v2\/posts\/11311","targetHints":{"allow":["GET"]}}],"collection":[{"href":"https:\/\/contrastes.com.co\/digital\/wp-json\/wp\/v2\/posts"}],"about":[{"href":"https:\/\/contrastes.com.co\/digital\/wp-json\/wp\/v2\/types\/post"}],"author":[{"embeddable":true,"href":"https:\/\/contrastes.com.co\/digital\/wp-json\/wp\/v2\/users\/1"}],"replies":[{"embeddable":true,"href":"https:\/\/contrastes.com.co\/digital\/wp-json\/wp\/v2\/comments?post=11311"}],"version-history":[{"count":1,"href":"https:\/\/contrastes.com.co\/digital\/wp-json\/wp\/v2\/posts\/11311\/revisions"}],"predecessor-version":[{"id":11314,"href":"https:\/\/contrastes.com.co\/digital\/wp-json\/wp\/v2\/posts\/11311\/revisions\/11314"}],"wp:featuredmedia":[{"embeddable":true,"href":"https:\/\/contrastes.com.co\/digital\/wp-json\/wp\/v2\/media\/11313"}],"wp:attachment":[{"href":"https:\/\/contrastes.com.co\/digital\/wp-json\/wp\/v2\/media?parent=11311"}],"wp:term":[{"taxonomy":"category","embeddable":true,"href":"https:\/\/contrastes.com.co\/digital\/wp-json\/wp\/v2\/categories?post=11311"},{"taxonomy":"post_tag","embeddable":true,"href":"https:\/\/contrastes.com.co\/digital\/wp-json\/wp\/v2\/tags?post=11311"}],"curies":[{"name":"wp","href":"https:\/\/api.w.org\/{rel}","templated":true}]}}