{"id":11320,"date":"2022-09-12T15:22:15","date_gmt":"2022-09-12T20:22:15","guid":{"rendered":"https:\/\/contrastes.com.co\/digital\/?p=11320"},"modified":"2022-09-12T15:22:15","modified_gmt":"2022-09-12T20:22:15","slug":"todo-sobre-la-masacre-en-las-flores-que-cobro-la-vida-de-6-personas-las-identidades-las-hipotesis","status":"publish","type":"post","link":"https:\/\/contrastes.com.co\/digital\/todo-sobre-la-masacre-en-las-flores-que-cobro-la-vida-de-6-personas-las-identidades-las-hipotesis\/","title":{"rendered":"Todo sobre la masacre en Las Flores que cobr\u00f3 la vida de 6 personas, las identidades, las hip\u00f3tesis"},"content":{"rendered":"<p><strong><em>Todo sobre la masacre de Las Flores que cobr\u00f3 la vida de 6 personas<\/em><\/strong><\/p>\n<blockquote><p><strong>Las v\u00edctimas de este caso corresponden en su mayor\u00eda, a residentes del sector de Las Flores, los cuales esperaban el cierre del establecimiento a las 2 am, sin embargo, fueron sorprendidos por un grupo de cuatro sujetos que bajaron de una camioneta Toyota de color blanco y sin mediar palabra abrieron fuego contra todos los all\u00ed presentes.<\/strong><\/p><\/blockquote>\n<p><img loading=\"lazy\" decoding=\"async\" class=\"alignleft  wp-image-8683\" src=\"https:\/\/contrastes.com.co\/digital\/wp-content\/uploads\/2022\/03\/a-capitular.png\" alt=\"a capitular\" width=\"59\" height=\"59\" srcset=\"https:\/\/contrastes.com.co\/digital\/wp-content\/uploads\/2022\/03\/a-capitular.png 100w, https:\/\/contrastes.com.co\/digital\/wp-content\/uploads\/2022\/03\/a-capitular-60x60.png 60w\" sizes=\"auto, (max-width: 59px) 100vw, 59px\" \/><strong>corde a las autoridades policiales de la ciudad de Barranquilla, al parecer, El Clan del Golfo y Los Coste\u00f1os estar\u00edan detr\u00e1s de la masacre en el barrio Las Flores<\/strong>. Seg\u00fan testigos, una camioneta se encontraba desde la 1:00 de la ma\u00f1ana rondando las instalaciones del billar donde ocurrieron los hechos y donde depart\u00edan los occisos.<\/p>\n<p>Lo que se trataba de un momento de esparcimiento en medio del juego dentro del billar en el barrio Las Flores de Barranquilla, termin\u00f3 en lamentable tragedia que dej\u00f3 seis personas muertas y cuatro m\u00e1s lograron sobrevivir tras un ataque sicarial mientras estaban esperando el cierre del billar llamado \u201cDonde Migue\u201d, ubicado al noroccidente de Barranquilla.<\/p>\n<p>Se conoci\u00f3 que las v\u00edctimas de este caso corresponden en su mayor\u00eda, a residentes del sector de Las Flores, los cuales esperaban el cierre del establecimiento a las 2 am, sin embargo, fueron sorprendidos por un grupo de cuatro sujetos que bajaron de una camioneta Toyota de color blanco y sin mediar palabra abrieron fuego contra todos los all\u00ed presentes.<\/p>\n<p>Informaci\u00f3n recogida por las autoridades policiales indican que quienes se encontraban en la camioneta, habr\u00edan estado rondando desde la 1:00 de la ma\u00f1ana el sector, en especial el billar y al pasar por el sitio, sin bajar los vidrios oscuros y a baja velocidad pasaban al frente de este local, lo que alarm\u00f3 al administrador de billar y este report\u00f3 el veh\u00edculo a las autoridades, sin embargo, a los pocos minutos los sujetos descendieron con pistolas en sus manos a cometer los cr\u00edmenes que hoy enlutan a varias familias y causa conmoci\u00f3n en el sector.<\/p>\n<p>Cuatro de los occisos murieron en el lugar de los hechos, mientras que seis m\u00e1s resultaron heridos y dos de ellos murieron mientras eran atendidos.<\/p>\n<p>Del grupo restante uno se encontrar\u00eda bajo pron\u00f3stico reservado y los tres restantes estar\u00edan fuera de peligro.<\/p>\n<h3>Una confrontaci\u00f3n entre el Clan del Golfo y la banda Los Coste\u00f1os<\/h3>\n<p>Por su parte, el <strong>coronel \u00d3scar Daza, subcomandante de la Polic\u00eda Metropolitana de Barranquilla<\/strong>, la principal hip\u00f3tesis apunta a que se trat\u00f3 de una confrontaci\u00f3n entre el Clan del Golfo y la banda Los Coste\u00f1os por el hurto de un cargamento de coca\u00edna, \u201cEsto obedece a pugna entre bandas delincuenciales y la hip\u00f3tesis principal es que ser\u00eda una apropiaci\u00f3n de unos kilos de coca\u00edna que eran del Clan del Golfo y que ten\u00edan en custodia otro grupo y este los hurt\u00f3. Por esto se dio la pugna para buscar la recuperaci\u00f3n de esto\u201d, explic\u00f3 el oficial, quien se\u00f1al\u00f3 que est\u00e1n ofreciendo hasta $100 millones de pesos por informaci\u00f3n que permita capturar a los responsables.<\/p>\n<p>Los seis fallecidos ser\u00edan miembros de Los Coste\u00f1os, cuya vinculaci\u00f3n a este grupo fue establecida por unos tatuajes que les encontraron, los cuales hacen parte de una marca personal que se realizan al ingresar a dicha banda delictiva.<\/p>\n<hr \/>\n<h3>Las v\u00edctimas<\/h3>\n<p>Despu\u00e9s del hecho, fueron establecidos los nombres de cada una de las v\u00edctimas y heridos que dej\u00f3 el hecho, as\u00ed como tambi\u00e9n a qu\u00e9 se dedicaba cada una de ellas.<\/p>\n<p><strong>La primera persona fallecida fue identificada como Johan Andr\u00e9s Polo Chiquillo, de 21 a\u00f1os y oriundo de Barranquilla.<\/strong> Era ayudante de cocina, resid\u00eda en el barrio Las Flores, y ten\u00eda una anotaci\u00f3n judicial por violencia intrafamiliar de mayo de 2021.<\/p>\n<p>Polo Chiquillo, alias Chiquillo, quien ten\u00eda tatuajes alusivos la organizaci\u00f3n criminal \u2018los Coste\u00f1os\u2019, present\u00f3 heridas en el t\u00f3rax, brazo izquierdo, hombro derecho y abdomen.<\/p>\n<p>Tambi\u00e9n fue identificado <strong>Dani Daniel de la Hoz Correa, de 33 a\u00f1os, quien viv\u00eda en el barrio donde acontecieron los hechos.<\/strong> Seg\u00fan se pudo conocer, De la Hoz era trabajador de una empresa de energ\u00eda solar, y no presentaba anotaciones judiciales.<\/p>\n<p>De la Hoz Correa recibi\u00f3 dos impactos de bala en el rostro.<\/p>\n<p>Asimismo, otra de las v\u00edctimas llevaba por nombre <strong>Edwin Yesid Cardoza Tapia, quien contaba con 29 a\u00f1os, tambi\u00e9n era residente de Las Flores<\/strong> y se dedicaba a la barber\u00eda.<\/p>\n<p>Cardoza Tapia, quien no presentaba anotaciones judiciales, fue herido en t\u00f3rax anterior y en el rostro.<\/p>\n<p>El cuarto fallecido es <strong>Jorge Eliecer Pardo Hern\u00e1ndez, conocido con el alias de Pitirri y presentaba tatuajes alusivos a \u2018los Coste\u00f1os\u2019.<\/strong> Seg\u00fan informaci\u00f3n preliminar, era comerciante de ropa, contaba con 33 a\u00f1os, viv\u00eda en el barrio Los Robles de Soledad, y ten\u00eda varias anotaciones judiciales por concierto para delinquir agravado, fabricaci\u00f3n, tr\u00e1fico y porte de armas, y hurto.<\/p>\n<p>Jorge Eliecer, al momento del suceso ten\u00eda detenci\u00f3n domiciliaria. En el hecho recibi\u00f3 disparos en cuello, t\u00f3rax y hombro izquierdo.<\/p>\n<p>De igual forma, la quinta v\u00edctima fue identificada como <strong>Chelo Jos\u00e9 Acevedo Villa, quien era estudiante de Mec\u00e1nica, contaba con 22 a\u00f1os y resid\u00eda en Las Flores.<\/strong> Acevedo, quien present\u00f3 heridas en abdomen y pelvis, no registra anotaciones judiciales.<\/p>\n<p>Entre tanto, tambi\u00e9n muri\u00f3 en los hechos <strong>Henry David Fl\u00f3rez Pallares, de 29 a\u00f1os, y quien era chef y administrador de un restaurante en Barranquilla.<\/strong><\/p>\n<p>Fl\u00f3rez, quien viv\u00eda en Las Flores, no ten\u00eda anotaciones judiciales y recibi\u00f3 en el atentado impactos de bala en hombro derecho, t\u00f3rax y antebrazo derecho.<\/p>\n<p>Por su parte, el ataque tambi\u00e9n dej\u00f3 tres personas lesionadas, que de igual manera fueron identificadas.<\/p>\n<p>Un hombre de 25 a\u00f1os, de nombre <strong>Josimar Andr\u00e9s Tapia Acu\u00f1a, quien se dedica a instalar aires industriales, result\u00f3 herido en el hecho con impacto de bala en la regi\u00f3n inclinar.<\/strong> Tapia, tambi\u00e9n habitante de Las Flores, no tiene anotaciones judiciales.<\/p>\n<p>El segundo lesionado es un joven de 22 a\u00f1os, de nombre <strong>C\u00e9sar Augusto Garizabal Simanca, quien se dedica a oficios varios y tambi\u00e9n es parte de la poblaci\u00f3n del barrio Las Flores.<\/strong> Fue herido en el dedo \u00edndice de la mano izquierda.<\/p>\n<p>De igual manera, termin\u00f3 lesionado en el acontecimiento <strong>Carlos Gustavo \u00c1vila Niebles, de 38 a\u00f1os, quien era conductor de volquetas y residente en Las Flores.<\/strong> Result\u00f3 herido en la pierna derecha.<\/p>\n<hr \/>\n<h3><strong>Autoridades ofrecen hasta $100 millones de pesos de recompensa por masacre en El Barrio Las Flores de Barranquilla<\/strong><\/h3>\n<p>La <strong>Alcald\u00eda Distrital, la Gobernaci\u00f3n del Atl\u00e1ntico, y la Polic\u00eda Nacional<\/strong> ofrecen hasta 100 millones de pesos por la persona que no ofrezca la ubicaci\u00f3n de los responsables de este hecho. Esto obedece a una situaci\u00f3n de pugna y posiblemente por hurto o apoderamiento de una cantidad de coca\u00edna del \u2018Clan del Golfo\u2019\u201d, indic\u00f3 el coronel Oscar Daza, comandante (e) de la Polic\u00eda de Barranquilla.<\/p>\n<p>El oficial agreg\u00f3 que: \u00abnosotros desde que ocurri\u00f3 la situaci\u00f3n estamos desplegando esos equipos para esclarecer y dar con la captura de estos individuos\u00bb. Por parte de la Polic\u00eda Nacional van a enviar un equipo especial investigativo para apoyar las indagaciones. Las v\u00edctimas ser\u00edan, al parecer, integrantes de \u2018Los Coste\u00f1os\u2019.<\/p>\n<p>De acuerdo con informaci\u00f3n preliminar, las v\u00edctimas se encontraban departiendo en un establecimiento comercial, ubicado en el barrio Las Flores, cuando se acerc\u00f3 una camioneta de color blanco y desde all\u00ed abrieron fuego de manera indiscriminada contra los presentes.<\/p>\n<p>Los heridos fueron llevados al centro asistencial Paso Las Flores, algunos de ellos llegaron sin signos vitales.<\/p>\n","protected":false},"excerpt":{"rendered":"<p>Acorde a las autoridades policiales de la ciudad de Barranquilla, al parecer, El Clan del Golfo y Los Coste\u00f1os estar\u00edan detr\u00e1s de la masacre en el barrio Las Flores. Seg\u00fan testigos, una camioneta se encontraba desde la 1:00 de la ma\u00f1ana rondando las instalaciones del billar donde ocurrieron los hechos y donde depart\u00edan los occisos.<\/p>\n","protected":false},"author":1,"featured_media":11321,"comment_status":"open","ping_status":"open","sticky":false,"template":"","format":"standard","meta":{"footnotes":""},"categories":[10,6],"tags":[6839,1572,56,6420,5709,5797,7209,5119,7210,129,6069],"class_list":["post-11320","post","type-post","status-publish","format-standard","has-post-thumbnail","hentry","category-judicial","category-region","tag-alcaldia-distrital","tag-ataque-sicarial","tag-barranquilla","tag-barrio-las-flores","tag-clan-del-golfo","tag-coronel-oscar-daza","tag-la-gobernacion-del-atlantico","tag-los-costenos","tag-masacre","tag-policia-nacional","tag-subcomandante-de-la-policia-metropolitana-de-barranquilla"],"_links":{"self":[{"href":"https:\/\/contrastes.com.co\/digital\/wp-json\/wp\/v2\/posts\/11320","targetHints":{"allow":["GET"]}}],"collection":[{"href":"https:\/\/contrastes.com.co\/digital\/wp-json\/wp\/v2\/posts"}],"about":[{"href":"https:\/\/contrastes.com.co\/digital\/wp-json\/wp\/v2\/types\/post"}],"author":[{"embeddable":true,"href":"https:\/\/contrastes.com.co\/digital\/wp-json\/wp\/v2\/users\/1"}],"replies":[{"embeddable":true,"href":"https:\/\/contrastes.com.co\/digital\/wp-json\/wp\/v2\/comments?post=11320"}],"version-history":[{"count":1,"href":"https:\/\/contrastes.com.co\/digital\/wp-json\/wp\/v2\/posts\/11320\/revisions"}],"predecessor-version":[{"id":11322,"href":"https:\/\/contrastes.com.co\/digital\/wp-json\/wp\/v2\/posts\/11320\/revisions\/11322"}],"wp:featuredmedia":[{"embeddable":true,"href":"https:\/\/contrastes.com.co\/digital\/wp-json\/wp\/v2\/media\/11321"}],"wp:attachment":[{"href":"https:\/\/contrastes.com.co\/digital\/wp-json\/wp\/v2\/media?parent=11320"}],"wp:term":[{"taxonomy":"category","embeddable":true,"href":"https:\/\/contrastes.com.co\/digital\/wp-json\/wp\/v2\/categories?post=11320"},{"taxonomy":"post_tag","embeddable":true,"href":"https:\/\/contrastes.com.co\/digital\/wp-json\/wp\/v2\/tags?post=11320"}],"curies":[{"name":"wp","href":"https:\/\/api.w.org\/{rel}","templated":true}]}}