{"id":11329,"date":"2022-09-12T15:36:10","date_gmt":"2022-09-12T20:36:10","guid":{"rendered":"https:\/\/contrastes.com.co\/digital\/?p=11329"},"modified":"2022-09-12T15:36:10","modified_gmt":"2022-09-12T20:36:10","slug":"alcaldia-de-soledad-realizo-un-jornada-de-atencion-integral-en-casis-cabica","status":"publish","type":"post","link":"https:\/\/contrastes.com.co\/digital\/alcaldia-de-soledad-realizo-un-jornada-de-atencion-integral-en-casis-cabica\/","title":{"rendered":"Alcald\u00eda de Soledad realiz\u00f3 un Jornada de Atenci\u00f3n Integral en Casis-Cabica"},"content":{"rendered":"<p><strong>*Alcald\u00eda de Soledad realiz\u00f3 un<\/strong> <strong>Jornada de Atenci\u00f3n Integral en Casis-Cabica<\/strong><\/p>\n<blockquote><p><strong>La jornada de atenci\u00f3n integral sirvi\u00f3 tambi\u00e9n de marco para la entrega de ayudas humanitarias consistentes en kits de mercados.<\/strong><\/p><\/blockquote>\n<p><img loading=\"lazy\" decoding=\"async\" class=\"alignleft  wp-image-8518\" src=\"https:\/\/contrastes.com.co\/digital\/wp-content\/uploads\/2022\/03\/c-capitular.png\" alt=\"c capitular\" width=\"57\" height=\"57\" srcset=\"https:\/\/contrastes.com.co\/digital\/wp-content\/uploads\/2022\/03\/c-capitular.png 150w, https:\/\/contrastes.com.co\/digital\/wp-content\/uploads\/2022\/03\/c-capitular-60x60.png 60w\" sizes=\"auto, (max-width: 57px) 100vw, 57px\" \/>erca de 150 familias se beneficiaron con una completa jornada de vacunaci\u00f3n, as\u00ed como de afiliaci\u00f3n al Sisb\u00e9n y el acompa\u00f1amiento a la comunidad para ingresar a los diferentes programas sociales que brindan el gobierno nacional y el ente territorial.<\/p>\n<p>De igual manera, se realiz\u00f3 una charla de prevenci\u00f3n para concientizar a la poblaci\u00f3n, especialmente a los m\u00e1s j\u00f3venes, en la importancia de no consumir sustancias psicoactivas y el aprovechamiento del tiempo libre. La jornada de atenci\u00f3n integral sirvi\u00f3 tambi\u00e9n de marco para la entrega de ayudas humanitarias consistentes en kits de mercados.<\/p>\n<p>La actividad, promovida por las<strong> secretar\u00edas de Gobierno, Gesti\u00f3n Social, Salud, y la oficina del Sisb\u00e9n, cont\u00f3 con la presencia de los Consejeros de Juventud adem\u00e1s del apoyo de la Direcci\u00f3n Nacional de Antinarc\u00f3ticos de la Polic\u00eda Nacional.<\/strong><\/p>\n<p>Los habitantes de este sector rural vienen haciendo un reiterado llamado a las autoridades, solicitando de las mismas atenci\u00f3n a sus problemas; de all\u00ed lo oportuna de esta Jornada al proporcionarles a las familias que residen en el lugar algunas de las herramientas que requieren para acceder a beneficios asistenciales.<\/p>\n<p>Este tipo de actividades y ayudas que se canalizan hacia ese sector poblacional se han visto perjudicadas por el limbo jur\u00eddico en el que se encuentra buena parte de la denominada isla de Cabica, ya que existe una disputa jurisdiccional entre el municipio de Sitionuevo, Magdalena y el de Soledad, Atl\u00e1ntico por esa zona principalmente agr\u00edcola.<\/p>\n<p>Recordemos que anteriormente la isla, cuya posici\u00f3n geogr\u00e1fica corresponde en algunos sectores al municipio de Sitionuevo, en el departamento del Magdalena, se denominaba Cabica, pero al lugar en el que se realiz\u00f3 la jornada de atenci\u00f3n integral por parte de la alcald\u00eda de Soledad se le llama actualmente \u201cCasis Cabica\u201d por estar adherida al sector Casis de ese municipio de Soledad, de acuerdo con declaraciones entregadas por el secretario de Planeaci\u00f3n de la alcald\u00eda de Soledad, Leonardo Pereira Guerrero, quien en su momento precis\u00f3 que se han venido adelantando reuniones con distintas autoridades, partiendo por la consulta que se le hizo al Instituto Geogr\u00e1fico Agust\u00edn Codazzi, con el objeto de que les confirmara a las autoridades solede\u00f1as el tema de las coordenadas de georreferenciaci\u00f3n del lugar.<\/p>\n<p>Por su parte, el alcalde del municipio de Sitionuevo, Jos\u00e9 Alcides Manga Manga, ha dicho que \u201cla Isla Cabica es y seguir\u00e1 siendo patrimonio del municipio de Sitionuevo\u201d.<\/p>\n","protected":false},"excerpt":{"rendered":"<p>Cerca de 150 familias se beneficiaron con una completa jornada de vacunaci\u00f3n, as\u00ed como de afiliaci\u00f3n al Sisb\u00e9n y el acompa\u00f1amiento a la comunidad para ingresar a los diferentes programas sociales que brindan el gobierno nacional y el ente territorial.<\/p>\n","protected":false},"author":1,"featured_media":11330,"comment_status":"open","ping_status":"open","sticky":false,"template":"","format":"standard","meta":{"footnotes":""},"categories":[2566,2920,2,3109,5714,268,2861],"tags":[35,199,7215,4732,38,7216],"class_list":["post-11329","post","type-post","status-publish","format-standard","has-post-thumbnail","hentry","category-bienestar","category-gestion-humana","category-locales","category-ninos-y-adolescentes","category-programas-asistenciales","category-salud","category-vacunacion","tag-alcaldia-de-soledad","tag-ayudas-humanitarias","tag-casis-cabica","tag-jornada-de-atencion-integral","tag-municipio-de-soledad","tag-zona-rural"],"_links":{"self":[{"href":"https:\/\/contrastes.com.co\/digital\/wp-json\/wp\/v2\/posts\/11329","targetHints":{"allow":["GET"]}}],"collection":[{"href":"https:\/\/contrastes.com.co\/digital\/wp-json\/wp\/v2\/posts"}],"about":[{"href":"https:\/\/contrastes.com.co\/digital\/wp-json\/wp\/v2\/types\/post"}],"author":[{"embeddable":true,"href":"https:\/\/contrastes.com.co\/digital\/wp-json\/wp\/v2\/users\/1"}],"replies":[{"embeddable":true,"href":"https:\/\/contrastes.com.co\/digital\/wp-json\/wp\/v2\/comments?post=11329"}],"version-history":[{"count":1,"href":"https:\/\/contrastes.com.co\/digital\/wp-json\/wp\/v2\/posts\/11329\/revisions"}],"predecessor-version":[{"id":11331,"href":"https:\/\/contrastes.com.co\/digital\/wp-json\/wp\/v2\/posts\/11329\/revisions\/11331"}],"wp:featuredmedia":[{"embeddable":true,"href":"https:\/\/contrastes.com.co\/digital\/wp-json\/wp\/v2\/media\/11330"}],"wp:attachment":[{"href":"https:\/\/contrastes.com.co\/digital\/wp-json\/wp\/v2\/media?parent=11329"}],"wp:term":[{"taxonomy":"category","embeddable":true,"href":"https:\/\/contrastes.com.co\/digital\/wp-json\/wp\/v2\/categories?post=11329"},{"taxonomy":"post_tag","embeddable":true,"href":"https:\/\/contrastes.com.co\/digital\/wp-json\/wp\/v2\/tags?post=11329"}],"curies":[{"name":"wp","href":"https:\/\/api.w.org\/{rel}","templated":true}]}}