{"id":11355,"date":"2022-09-13T15:09:07","date_gmt":"2022-09-13T20:09:07","guid":{"rendered":"https:\/\/contrastes.com.co\/digital\/?p=11355"},"modified":"2022-09-13T15:09:07","modified_gmt":"2022-09-13T20:09:07","slug":"barranquilla-gano-proyecto-de-cooperacion-para-revitalizacion-del-centro-historico","status":"publish","type":"post","link":"https:\/\/contrastes.com.co\/digital\/barranquilla-gano-proyecto-de-cooperacion-para-revitalizacion-del-centro-historico\/","title":{"rendered":"Barranquilla gan\u00f3 proyecto de cooperaci\u00f3n para revitalizaci\u00f3n del Centro Hist\u00f3rico"},"content":{"rendered":"<p><strong>*Barranquilla gan\u00f3 proyecto de cooperaci\u00f3n para revitalizaci\u00f3n del Centro Hist\u00f3rico<\/strong><\/p>\n<blockquote><p><strong>\u00abEstamos haciendo un nuevo proyecto para recuperar el Centro Hist\u00f3rico de Barranquilla, en donde vamos a aprender del caso de M\u00e1laga, que es un referente en este tema, y tambi\u00e9n de Santo Domingo, que es nuestra ciudad hermana y un caso muy similar al nuestro\u201d: Jaime Pumarejo, alcalde de Barranquilla.<\/strong><\/p><\/blockquote>\n<p><img loading=\"lazy\" decoding=\"async\" class=\"alignleft  wp-image-9480\" src=\"https:\/\/contrastes.com.co\/digital\/wp-content\/uploads\/2022\/05\/b-capitular.png\" alt=\"\" width=\"59\" height=\"59\" srcset=\"https:\/\/contrastes.com.co\/digital\/wp-content\/uploads\/2022\/05\/b-capitular.png 100w, https:\/\/contrastes.com.co\/digital\/wp-content\/uploads\/2022\/05\/b-capitular-60x60.png 60w\" sizes=\"auto, (max-width: 59px) 100vw, 59px\" \/>arranquilla gan\u00f3 su primer proyecto de <strong>cooperaci\u00f3n triangular con el respaldo de la Uni\u00f3n Europea<\/strong>, con el cual se financiar\u00e1 un componente importante para la <strong>revitalizaci\u00f3n del Centro Hist\u00f3rico<\/strong>. La importancia de esta convocatoria, tal como lo explic\u00f3 el<strong> jefe de la Oficina de Relaciones Internacionales, Manuel Trujillo<\/strong>, es que se trata de un instrumento de financiaci\u00f3n que busca movilizar recursos hacia alianzas entre entidades de Europa, Am\u00e9rica Latina y el Caribe, cuyo fin sea el logro de la Agenda 2030 y un desarrollo m\u00e1s inclusivo y sostenible.<\/p>\n<p>Con oportunidades de vivienda, trabajo y recreaci\u00f3n para j\u00f3venes y comunidades vulnerables, la iniciativa comprende la transferencia de buenas pr\u00e1cticas entre los aliados, con el objetivo de aportar recursos t\u00e9cnicos para fortalecer el programa de regeneraci\u00f3n del Centro Hist\u00f3rico como una estrategia de desarrollo urbano sostenible y reactivaci\u00f3n econ\u00f3mica \u2018pos-Covid\u2019.<\/p>\n<p>\u201cEntre las tres ciudades estamos haciendo un nuevo proyecto para recuperar el Centro Hist\u00f3rico de Barranquilla, en donde vamos a aprender del caso de M\u00e1laga, que es un referente en este tema, y tambi\u00e9n de Santo Domingo, que es nuestra ciudad hermana y un caso muy similar al nuestro\u201d, manifest\u00f3.<\/p>\n<p>En detalle, explic\u00f3 que trabajar\u00e1n en alianza tres pa\u00edses (Colombia, Rep\u00fablica Dominicana y Espa\u00f1a) representados por 5 entidades: la Alcald\u00eda de Barranquilla y Puerta de Oro ser\u00e1n coordinadores; el Ayuntamiento de Santo Domingo, el Ayuntamiento de M\u00e1laga y la Agencia Espa\u00f1ola de Cooperaci\u00f3n Internacional (AECID) ser\u00e1n oferentes de conocimientos t\u00e9cnicos, experticia y mejores pr\u00e1cticas.<\/p>\n<blockquote><p><strong>Finalmente, la iniciativa ser\u00e1 financiada y apoyada por una sexta entidad, que es la Uni\u00f3n Europea, cuyo aporte ser\u00e1 de 176.000 euros (COP $780.000.000).<\/strong><\/p><\/blockquote>\n<p>\u201cEs una convocatoria m\u00e1s que ganamos y que vamos a utilizar para seguir mostr\u00e1ndole Barranquilla al mundo. Adem\u00e1s, seguiremos aprendiendo de las cosas buenas que est\u00e1n pasando en nuestras ciudades hermanas y apropiarnos de ese conocimiento para hacer estos grandes proyectos en la ciudad\u201d, expres\u00f3 Trujillo.<\/p>\n<p>La postulaci\u00f3n del proyecto, liderada por la Oficina de Relaciones Internacionales de la Secretar\u00eda de Desarrollo Econ\u00f3mico, se dio en el marco de la convocatoria \u2018Ventana adelante\u2019 de Cooperaci\u00f3n Triangular Uni\u00f3n Europea &#8211; Am\u00e9rica Latina y el Caribe 2022.<\/p>\n<p>Al ser la primera experiencia de Barranquilla en esta modalidad, esto habla de la capacidad de la ciudad de expandir su alcance y agilizar e innovar en sus procesos de cooperaci\u00f3n con otras entidades, ciudades y pa\u00edses aliados.<\/p>\n<h3><strong>El proyecto<\/strong><\/h3>\n<p>La iniciativa de cooperaci\u00f3n triangular busca compartir el conocimiento de las entidades para desarrollar soluciones para adoptar planes estrat\u00e9gicos de rehabilitaci\u00f3n y revitalizaci\u00f3n de centros hist\u00f3ricos, con enfoque hacia el desarrollo sostenible y la equidad urbana.<\/p>\n<p>Los beneficiarios ser\u00e1n unas 300.000 personas que habitan, circulan o trabajan en las zonas a intervenir del Centro Hist\u00f3rico.<\/p>\n<p>Adem\u00e1s, alrededor de 100 personas entre delegados, funcionarios y l\u00edderes comunitarios que fortalecer\u00e1n sus capacidades en temas sobre regeneraci\u00f3n de centros urbanos y desarrollo socioecon\u00f3mico.<\/p>\n<p>En el marco de la iniciativa se realizar\u00e1n visitas de estudio por parte de representantes de todas las entidades a las ciudades de M\u00e1laga, luego a Santo Domingo y, finalmente, a Barranquilla, con el fin de realizar intercambios de buenas pr\u00e1cticas y conocimiento de casos de \u00e9xito.<\/p>\n<h3><strong>\u00bfQu\u00e9 es la cooperaci\u00f3n triangular?<\/strong><\/h3>\n<p>Seg\u00fan la Agencia Presidencial de Cooperaci\u00f3n Internacional de Colombia (APC), es un tipo de cooperaci\u00f3n internacional mixta, que combina la cooperaci\u00f3n tradicional o vertical (Norte \u2013 Sur), con la Cooperaci\u00f3n Sur-Sur (CSS), con el fin de beneficiar a un tercer pa\u00eds en desarrollo.<\/p>\n<p>Este mecanismo es utilizado con el prop\u00f3sito de que dos pa\u00edses en desarrollo compartan conocimientos especializados, experiencias o recursos que contribuyan con las prioridades del pa\u00eds beneficiario y con el logro de los Objetivos de Desarrollo Sostenible, mientras que la tercera instancia o socio aporta capacidad y recursos adicionales que permiten ampliar y dinamizar la alianza.<\/p>\n","protected":false},"excerpt":{"rendered":"<p>Barranquilla gan\u00f3 su primer proyecto de cooperaci\u00f3n triangular con el respaldo de la Uni\u00f3n Europea, con el cual se financiar\u00e1 un componente importante para la revitalizaci\u00f3n del Centro Hist\u00f3rico. La importancia de esta convocatoria, tal como lo explic\u00f3 el jefe de la Oficina de Relaciones Internacionales, Manuel Trujillo, es que se trata de un instrumento de financiaci\u00f3n que busca movilizar recursos hacia alianzas entre entidades de Europa, Am\u00e9rica Latina y el Caribe, cuyo fin sea el logro de la Agenda 2030 y un desarrollo m\u00e1s inclusivo y sostenible.<\/p>\n","protected":false},"author":1,"featured_media":11356,"comment_status":"open","ping_status":"open","sticky":false,"template":"","format":"standard","meta":{"footnotes":""},"categories":[896,6],"tags":[1558,7238,224,1125,7240,7241,7239,7237],"class_list":["post-11355","post","type-post","status-publish","format-standard","has-post-thumbnail","hentry","category-infraestructura","category-region","tag-alcalde-de-barranquilla","tag-cooperacion-triangular","tag-distrito-de-barranquilla","tag-jaime-pumarejo","tag-jefe-de-la-oficina-de-relaciones-internacionales","tag-manuel-trujillo","tag-respaldo-de-la-union-europea","tag-revitalizacion-del-centro-historico"],"_links":{"self":[{"href":"https:\/\/contrastes.com.co\/digital\/wp-json\/wp\/v2\/posts\/11355","targetHints":{"allow":["GET"]}}],"collection":[{"href":"https:\/\/contrastes.com.co\/digital\/wp-json\/wp\/v2\/posts"}],"about":[{"href":"https:\/\/contrastes.com.co\/digital\/wp-json\/wp\/v2\/types\/post"}],"author":[{"embeddable":true,"href":"https:\/\/contrastes.com.co\/digital\/wp-json\/wp\/v2\/users\/1"}],"replies":[{"embeddable":true,"href":"https:\/\/contrastes.com.co\/digital\/wp-json\/wp\/v2\/comments?post=11355"}],"version-history":[{"count":1,"href":"https:\/\/contrastes.com.co\/digital\/wp-json\/wp\/v2\/posts\/11355\/revisions"}],"predecessor-version":[{"id":11357,"href":"https:\/\/contrastes.com.co\/digital\/wp-json\/wp\/v2\/posts\/11355\/revisions\/11357"}],"wp:featuredmedia":[{"embeddable":true,"href":"https:\/\/contrastes.com.co\/digital\/wp-json\/wp\/v2\/media\/11356"}],"wp:attachment":[{"href":"https:\/\/contrastes.com.co\/digital\/wp-json\/wp\/v2\/media?parent=11355"}],"wp:term":[{"taxonomy":"category","embeddable":true,"href":"https:\/\/contrastes.com.co\/digital\/wp-json\/wp\/v2\/categories?post=11355"},{"taxonomy":"post_tag","embeddable":true,"href":"https:\/\/contrastes.com.co\/digital\/wp-json\/wp\/v2\/tags?post=11355"}],"curies":[{"name":"wp","href":"https:\/\/api.w.org\/{rel}","templated":true}]}}