{"id":11474,"date":"2022-09-20T21:31:18","date_gmt":"2022-09-21T02:31:18","guid":{"rendered":"https:\/\/contrastes.com.co\/digital\/?p=11474"},"modified":"2022-09-20T21:31:18","modified_gmt":"2022-09-21T02:31:18","slug":"mi-barrio-imparable-llego-al-barrio-las-flores-con-toda-la-oferta-de-sus-programas","status":"publish","type":"post","link":"https:\/\/contrastes.com.co\/digital\/mi-barrio-imparable-llego-al-barrio-las-flores-con-toda-la-oferta-de-sus-programas\/","title":{"rendered":"Mi Barrio Imparable\u2019 lleg\u00f3 al barrio Las Flores, con toda la oferta de sus programas"},"content":{"rendered":"<p><strong>*Mi Barrio Imparable\u2019 lleg\u00f3 al barrio Las Flores, con toda la oferta de sus programas<\/strong><\/p>\n<blockquote><p><strong>El trabajo en equipo entre la ciudadan\u00eda y la Alcald\u00eda est\u00e1 permitiendo el progreso del barrio Las Flores, que desde su fundaci\u00f3n en 1988 ha sido referente de turismo y calidad humana.<\/strong><\/p><\/blockquote>\n<p><img loading=\"lazy\" decoding=\"async\" class=\"alignleft  wp-image-8518\" src=\"https:\/\/contrastes.com.co\/digital\/wp-content\/uploads\/2022\/03\/c-capitular.png\" alt=\"c capitular\" width=\"75\" height=\"75\" srcset=\"https:\/\/contrastes.com.co\/digital\/wp-content\/uploads\/2022\/03\/c-capitular.png 150w, https:\/\/contrastes.com.co\/digital\/wp-content\/uploads\/2022\/03\/c-capitular-60x60.png 60w\" sizes=\"auto, (max-width: 75px) 100vw, 75px\" \/>on un mensaje de solidaridad, escucha y atenci\u00f3n a sus necesidades, la estrategia\u00a0\u00a0\u2018Mi Barrio Imparable\u2019 lleg\u00f3 a la<strong> comunidad del barrio Las Flores, ubicado en la localidad Riomar,<\/strong> para reiterar el compromiso de la<strong> Administraci\u00f3n del alcalde Jaime Pumarejo<\/strong> con el bienestar de todos los barranquilleros, poniendo a su disposici\u00f3n la <strong>oferta institucional de sus diferentes secretar\u00edas, dependencias y programas.<\/strong><\/p>\n<p>En di\u00e1logo con los habitantes de\u00a0Las Flores,\u00a0el mandatario distrital les manifest\u00f3 que \u201cel tren del progreso quiere seguir andando en los diferentes barrios de la ciudad\u201d y les record\u00f3 que \u201cBarranquilla antes era la ciudad del \u2018No se puede\u2019 y hoy es la ciudad que rompe barreras y la ciudad que no se detiene\u201d.<\/p>\n<p>El trabajo en equipo entre la ciudadan\u00eda y la Alcald\u00eda est\u00e1 permitiendo el progreso del barrio Las Flores, que desde su fundaci\u00f3n en 1988 ha sido referente de turismo y calidad humana.<\/p>\n<p>Omar De La Cruz, residente del barrio, expres\u00f3 su agradecimiento por el acompa\u00f1amiento distrital: \u201cEstamos agradecidos con todas las campa\u00f1as de la Alcald\u00eda, en especial con el apoyo del Sisb\u00e9n, y que vengan al barrio y ver la alegr\u00eda de los ni\u00f1os es muy satisfactorio\u201d.<\/p>\n<p>Para este habitante, la recuperaci\u00f3n de la ci\u00e9naga de Mallorqu\u00edn es una de las acciones que van a impulsar el desarrollo de la zona: \u201cMe ha gustado mucho el proyecto que viene para la ci\u00e9naga de Mallorqu\u00edn, es uno de los mejores proyectos porque yo fui parte de las l\u00edneas f\u00e9rreas y me gusta que otra vez se van a construir, para m\u00ed eso es una gran alegr\u00eda, no tengo m\u00e1s nada que decir que gracias\u201d.<\/p>\n<p><strong>El\u00a0alcalde Jaime Pumarejo\u00a0estuvo acompa\u00f1ado por el gerente de\u00a0Desarrollo Social, Alfredo Carbonell; el jefe de la Oficina de Participaci\u00f3n Ciudadana, Deivy C\u00e1ceres,\u00a0as\u00ed como del equipo de gobierno, la junta de Acci\u00f3n Comunal del barrio y habitantes del sector, quienes aprovecharon para conversar respecto a su entorno barrial.<\/strong><\/p>\n<p>Convencidos de las acciones impulsadas desde el Distrito,\u00a0Carlos \u00c1ngulo Lozano, presidente de la junta de Acci\u00f3n Comunal del barrio,\u00a0destac\u00f3 la importancia de estos espacios para la comunidad. \u201cLe damos gracias a la Administraci\u00f3n por haber venido a la comunidad con estas actividades que nos hac\u00edan falta, gracias por haber acudido a nuestro llamado, a intervenir en el Sisb\u00e9n para los adultos mayores, y por las actividades de recreaci\u00f3n para los ni\u00f1os, que participaron con dibujos y por todo lo que hicieron, estamos muy agradecidos\u201d.<\/p>\n<p>Con la realizaci\u00f3n de\u00a0\u2018Mi Barrio Imparable\u2019\u00a0el Distrito busca implementar acciones de mejoramiento de acuerdo con las solicitudes de la comunidad, verificar las obras del entorno urbano y facilitar el acceso a la oferta con el fin de mejorar la calidad de vida de los habitantes.<\/p>\n<p>Durante el evento, el<strong> gerente de Desarrollo Social, Alfredo Carbonell<\/strong>, destac\u00f3: \u201cAqu\u00ed estamos cumpliendo el compromiso del se\u00f1or alcalde con la comunidad de Las Flores, trayendo toda la oferta institucional porque es mucha gente buena la que vive en este barrio, que se merece todas las oportunidades y desde la Alcald\u00eda les estamos dando las herramientas a los ni\u00f1os, j\u00f3venes y adultos mayores, y poder darles la mano para que sigan saliendo adelante\u201d.<\/p>\n<p>Actualmente, el barrio\u00a0Las Flores\u00a0cuenta con cuatro espacios p\u00fablicos, entre parques, cancha\u00a0\u00a0y plazoletas, la\u00a0Instituci\u00f3n Educativa Distrital Las Flores, el centro de salud Las Flores, un Centro de Vida para adultos mayores y un Centro de Desarrollo Infantil\u00a0para la primera infancia.<\/p>\n<p>La jornada cont\u00f3 con la presencia de <strong>secretar\u00edas y oficinas como\u00a0la Secretar\u00eda de Salud, Gesti\u00f3n Social, Educaci\u00f3n, Secretar\u00eda de Cultura, Patrimonio y Turismo, Tr\u00e1nsito y Seguridad Vial, Recreaci\u00f3n y Deportes, Obras P\u00fablicas, Planeaci\u00f3n, Desarrollo Econ\u00f3mico, Gobierno,\u00a0as\u00ed mismo la Gerencia de Desarrollo Social y Gerencia de Ciudad, adem\u00e1s de las oficinas para la Seguridad y Convivencia Ciudadana y Mujer.<\/strong><\/p>\n<p>\u2018Mi Barrio Imparable\u2019 continuar\u00e1 recorriendo los barrios de la ciudad escuchando y llevando soluciones a la comunidad.<\/p>\n","protected":false},"excerpt":{"rendered":"<p>Con un mensaje de solidaridad, escucha y atenci\u00f3n a sus necesidades, la estrategia\u00a0\u00a0\u2018Mi Barrio Imparable\u2019 lleg\u00f3 a la comunidad del barrio Las Flores, ubicado en la localidad Riomar, para reiterar el compromiso de la Administraci\u00f3n del alcalde Jaime Pumarejo con el bienestar de todos los barranquilleros, poniendo a su disposici\u00f3n la oferta institucional de sus diferentes secretar\u00edas, dependencias y programas.<\/p>\n","protected":false},"author":1,"featured_media":11475,"comment_status":"open","ping_status":"open","sticky":false,"template":"","format":"standard","meta":{"footnotes":""},"categories":[756,533,6],"tags":[7379,1558,5675,2610,6420,759,7381,224,5962,1125,7380,7378,4688],"class_list":["post-11474","post","type-post","status-publish","format-standard","has-post-thumbnail","hentry","category-comunidad","category-gestion-social","category-region","tag-mi-barrio-imparable","tag-alcalde-de-barranquilla","tag-alcaldia-distrital-de-barranquilla","tag-alfredo-carbonell","tag-barrio-las-flores","tag-comunidad","tag-deivy-caceres","tag-distrito-de-barranquilla","tag-gerente-de-desarrollo-social","tag-jaime-pumarejo","tag-jefe-de-la-oficina-de-participacion-ciudadana","tag-localidad-riomar","tag-oferta-institucional"],"_links":{"self":[{"href":"https:\/\/contrastes.com.co\/digital\/wp-json\/wp\/v2\/posts\/11474","targetHints":{"allow":["GET"]}}],"collection":[{"href":"https:\/\/contrastes.com.co\/digital\/wp-json\/wp\/v2\/posts"}],"about":[{"href":"https:\/\/contrastes.com.co\/digital\/wp-json\/wp\/v2\/types\/post"}],"author":[{"embeddable":true,"href":"https:\/\/contrastes.com.co\/digital\/wp-json\/wp\/v2\/users\/1"}],"replies":[{"embeddable":true,"href":"https:\/\/contrastes.com.co\/digital\/wp-json\/wp\/v2\/comments?post=11474"}],"version-history":[{"count":1,"href":"https:\/\/contrastes.com.co\/digital\/wp-json\/wp\/v2\/posts\/11474\/revisions"}],"predecessor-version":[{"id":11476,"href":"https:\/\/contrastes.com.co\/digital\/wp-json\/wp\/v2\/posts\/11474\/revisions\/11476"}],"wp:featuredmedia":[{"embeddable":true,"href":"https:\/\/contrastes.com.co\/digital\/wp-json\/wp\/v2\/media\/11475"}],"wp:attachment":[{"href":"https:\/\/contrastes.com.co\/digital\/wp-json\/wp\/v2\/media?parent=11474"}],"wp:term":[{"taxonomy":"category","embeddable":true,"href":"https:\/\/contrastes.com.co\/digital\/wp-json\/wp\/v2\/categories?post=11474"},{"taxonomy":"post_tag","embeddable":true,"href":"https:\/\/contrastes.com.co\/digital\/wp-json\/wp\/v2\/tags?post=11474"}],"curies":[{"name":"wp","href":"https:\/\/api.w.org\/{rel}","templated":true}]}}