{"id":11489,"date":"2022-09-21T15:58:31","date_gmt":"2022-09-21T20:58:31","guid":{"rendered":"https:\/\/contrastes.com.co\/digital\/?p=11489"},"modified":"2022-09-21T15:58:31","modified_gmt":"2022-09-21T20:58:31","slug":"que-se-suavicen-las-alzas-en-tarifas-hasta-que-se-encuentren-soluciones-de-fondo-pide-alcalde-pumarejo","status":"publish","type":"post","link":"https:\/\/contrastes.com.co\/digital\/que-se-suavicen-las-alzas-en-tarifas-hasta-que-se-encuentren-soluciones-de-fondo-pide-alcalde-pumarejo\/","title":{"rendered":"\u201cQue se suavicen las alzas en tarifas hasta que se encuentren soluciones de fondo\u201d, pide alcalde Pumarejo"},"content":{"rendered":"<p><strong>*\u201cQue se suavicen las alzas en tarifas hasta que se encuentren soluciones de fondo\u201d, pide alcalde Pumarejo<\/strong><\/p>\n<blockquote><p><strong>Diferir a un plazo de 10 a\u00f1os y no a 3 la opci\u00f3n tarifaria, solicit\u00f3 el mandatario.<\/strong><\/p><\/blockquote>\n<p><img loading=\"lazy\" decoding=\"async\" class=\"alignleft  wp-image-8529\" src=\"https:\/\/contrastes.com.co\/digital\/wp-content\/uploads\/2022\/03\/e-capitular.png\" alt=\"e capitular\" width=\"67\" height=\"67\" srcset=\"https:\/\/contrastes.com.co\/digital\/wp-content\/uploads\/2022\/03\/e-capitular.png 150w, https:\/\/contrastes.com.co\/digital\/wp-content\/uploads\/2022\/03\/e-capitular-60x60.png 60w\" sizes=\"auto, (max-width: 67px) 100vw, 67px\" \/>l Gobierno nacional debe darle un respiro al Caribe mientras se encuentra una soluci\u00f3n de fondo al alza de tarifas del servicio de energ\u00eda. As\u00ed lo reiter\u00f3 el <strong>alcalde Jaime Pumarejo Heins<\/strong> durante un encuentro que sostuvo con directores de medios de comunicaci\u00f3n de Barranquilla en la ma\u00f1ana de este martes.<\/p>\n<p>\u201cTodav\u00eda no se ha encontrado una soluci\u00f3n de fondo para el problema que m\u00e1s aqueja a los barranquilleros y a los habitantes del Caribe, que es el componente de las p\u00e9rdidas dentro de la tarifa de energ\u00eda, y ah\u00ed el Gobierno sigue estudiando alternativas. Pero nosotros tenemos que seguir alzando la voz para hacer visible nuestro problema\u201d, insisti\u00f3 el mandatario, quien reiter\u00f3 la urgencia del asunto \u201cpara as\u00ed no obligar a tomar medidas dr\u00e1sticas, buscando un alivio al bolsillo y a la econom\u00eda de las empresas barranquilleras y del Caribe a costa de decisiones que podr\u00e1n ser apresuradas\u201d.<\/p>\n<p>Pumarejo se refiri\u00f3, puntualmente, a las dos soluciones que ha planteado durante los \u00faltimos meses: diferir la opci\u00f3n tarifaria, mediante la cual se calcula el valor total del servicio, para la regi\u00f3n Caribe.<\/p>\n<p>Esta medida a corto plazo consiste en que los generadores, transmisores, distribuidores, comercializadores y toda la cadena del sector energ\u00e9tico ampl\u00ede dicha opci\u00f3n tarifaria a 10 o 12 a\u00f1os en vez de a 3 o 4 a\u00f1os: \u201cAs\u00ed podemos empezar a bajar las tarifas desde ya, y evitar que se siga empobreciendo la regi\u00f3n y restando competitividad a las empresas, un problema que est\u00e1 aquejando a m\u00e1s de 11 millones de habitantes de la regi\u00f3n Caribe que necesitan un tratamiento equitativo\u201d.<\/p>\n<p>Explic\u00f3, asimismo, que si no se controla el tema de p\u00e9rdidas, que es el componente de mayor alza para el Caribe colombiano, se va a continuar viendo un alza en las tarifas, porque as\u00ed est\u00e1 modelado en la opci\u00f3n tarifaria que, \u201csi bien advertimos desde el a\u00f1o pasado y demandamos en el primer semestre de este a\u00f1o, el hecho que la inflaci\u00f3n y el \u00cdndice del Precio al Productor (IPP) hayan subido tanto ha exacerbado a\u00fan m\u00e1s esos modelos, y por eso han sido mucho m\u00e1s altas las alzas\u201d.<\/p>\n<p>De otro lado, se refiri\u00f3 a que el Congreso de la Rep\u00fablica debe encontrar la manera de incorporar dentro del presupuesto nacional un componente de inversi\u00f3n en infraestructura el\u00e9ctrica del Caribe a mediano plazo, con el objetivo de normalizar y mejorar el servicio para, de esa manera, reducir las p\u00e9rdidas.<\/p>\n<p>Finalmente, el mandatario coment\u00f3 sobre las m\u00e1s recientes medidas del Gobierno nacional para buscar soluciones a esta problem\u00e1tica: \u201cSabemos que est\u00e1 haciendo su mejor esfuerzo y que este es un problema heredado, pero cada mes que pasa estamos viendo mayor zozobra en nuestra gente, y por eso necesitamos que el sector energ\u00e9tico act\u00fae ya y que no obligue al congreso y al Gobierno a tomar medidas dr\u00e1sticas que no tendr\u00edan por qu\u00e9 estar tomando hoy\u201d, asever\u00f3.<\/p>\n<h3><strong>Protestas pac\u00edficas<\/strong><\/h3>\n<p>Ante el llamado del sector comercio a la \u201cdesobediencia civil\u201d al no pagar las facturas del servicio, Pumarejo dijo que cualquier manifestaci\u00f3n se debe hacer dentro de la ley, utilizando los mecanismos legales, de manera pac\u00edfica.<\/p>\n<p>Invit\u00f3 a los barranquilleros que hayan tenido un alza injustificada en su factura, no solo en las tarifas sino principalmente en consumo, a radicar una queja formal ante la Superintendencia de Servicios P\u00fablicos Domiciliarios o a la Oficina de Servicios P\u00fablicos del Distrito con el soporte de los recibos, a trav\u00e9s de las redes sociales o v\u00eda correo electr\u00f3nico, ya que esta dependencia est\u00e1 recopilando muestras aleatorias para entender el problema.<\/p>\n<p>\u201cNo es el momento para violentar a nadie ni buscar culpables en personas que est\u00e1n haciendo su trabajo. Insistiremos a nuestros congresistas que hagan su tarea y encontraremos la salida\u201d, concluy\u00f3.<\/p>\n","protected":false},"excerpt":{"rendered":"<p>El Gobierno nacional debe darle un respiro al Caribe mientras se encuentra una soluci\u00f3n de fondo al alza de tarifas del servicio de energ\u00eda. As\u00ed lo reiter\u00f3 el alcalde Jaime Pumarejo Heins durante un encuentro que sostuvo con directores de medios de comunicaci\u00f3n de Barranquilla en la ma\u00f1ana de este martes.<\/p>\n","protected":false},"author":1,"featured_media":11490,"comment_status":"open","ping_status":"open","sticky":false,"template":"","format":"standard","meta":{"footnotes":""},"categories":[6,2065],"tags":[1558,224,557,1854,196,1286],"class_list":["post-11489","post","type-post","status-publish","format-standard","has-post-thumbnail","hentry","category-region","category-servicios-publicos","tag-alcalde-de-barranquilla","tag-distrito-de-barranquilla","tag-gobierno-nacional","tag-jaime-pumarejo-heins","tag-region-caribe","tag-tarifas-energia-electrica"],"_links":{"self":[{"href":"https:\/\/contrastes.com.co\/digital\/wp-json\/wp\/v2\/posts\/11489","targetHints":{"allow":["GET"]}}],"collection":[{"href":"https:\/\/contrastes.com.co\/digital\/wp-json\/wp\/v2\/posts"}],"about":[{"href":"https:\/\/contrastes.com.co\/digital\/wp-json\/wp\/v2\/types\/post"}],"author":[{"embeddable":true,"href":"https:\/\/contrastes.com.co\/digital\/wp-json\/wp\/v2\/users\/1"}],"replies":[{"embeddable":true,"href":"https:\/\/contrastes.com.co\/digital\/wp-json\/wp\/v2\/comments?post=11489"}],"version-history":[{"count":1,"href":"https:\/\/contrastes.com.co\/digital\/wp-json\/wp\/v2\/posts\/11489\/revisions"}],"predecessor-version":[{"id":11491,"href":"https:\/\/contrastes.com.co\/digital\/wp-json\/wp\/v2\/posts\/11489\/revisions\/11491"}],"wp:featuredmedia":[{"embeddable":true,"href":"https:\/\/contrastes.com.co\/digital\/wp-json\/wp\/v2\/media\/11490"}],"wp:attachment":[{"href":"https:\/\/contrastes.com.co\/digital\/wp-json\/wp\/v2\/media?parent=11489"}],"wp:term":[{"taxonomy":"category","embeddable":true,"href":"https:\/\/contrastes.com.co\/digital\/wp-json\/wp\/v2\/categories?post=11489"},{"taxonomy":"post_tag","embeddable":true,"href":"https:\/\/contrastes.com.co\/digital\/wp-json\/wp\/v2\/tags?post=11489"}],"curies":[{"name":"wp","href":"https:\/\/api.w.org\/{rel}","templated":true}]}}