{"id":11517,"date":"2022-09-22T19:20:44","date_gmt":"2022-09-23T00:20:44","guid":{"rendered":"https:\/\/contrastes.com.co\/digital\/?p=11517"},"modified":"2022-09-22T19:20:44","modified_gmt":"2022-09-23T00:20:44","slug":"gobernacion-instituto-natura-y-corpoeducacion-sellan-alianza-para-fortalecer-grados-10-y-11-en-colegios-oficiales-del-atlantico","status":"publish","type":"post","link":"https:\/\/contrastes.com.co\/digital\/gobernacion-instituto-natura-y-corpoeducacion-sellan-alianza-para-fortalecer-grados-10-y-11-en-colegios-oficiales-del-atlantico\/","title":{"rendered":"Gobernaci\u00f3n, Instituto Natura y Corpoeducaci\u00f3n sellan alianza para fortalecer grados 10 y 11 en colegios oficiales del Atl\u00e1ntico"},"content":{"rendered":"<p><strong>*Gobernaci\u00f3n, Instituto Natura y Corpoeducaci\u00f3n sellan alianza para fortalecer grados 10 y 11 en colegios oficiales del Atl\u00e1ntico<\/strong><\/p>\n<blockquote><p><strong>Esta alianza le apunta al desarrollo de estrategias para mejorar los aprendizajes en los grados 10 y 11, evitar la deserci\u00f3n, fortalecer las competencias socioemocionales, favorecer el tr\u00e1nsito educativo y apoyar la construcci\u00f3n de proyectos de vida.<\/strong><\/p><\/blockquote>\n<p><img loading=\"lazy\" decoding=\"async\" class=\"alignleft  wp-image-8524\" src=\"https:\/\/contrastes.com.co\/digital\/wp-content\/uploads\/2022\/03\/l-capitular.png\" alt=\"l capitular\" width=\"76\" height=\"76\" srcset=\"https:\/\/contrastes.com.co\/digital\/wp-content\/uploads\/2022\/03\/l-capitular.png 150w, https:\/\/contrastes.com.co\/digital\/wp-content\/uploads\/2022\/03\/l-capitular-60x60.png 60w\" sizes=\"auto, (max-width: 76px) 100vw, 76px\" \/><strong>a Gobernaci\u00f3n del Atl\u00e1ntico, a trav\u00e9s de la Secretar\u00eda de Educaci\u00f3n, sell\u00f3 una gran alianza con el Instituto Natura y Corpoeducaci\u00f3n para el fortalecimiento de la educaci\u00f3n media en las instituciones educativas oficiales de los municipios no certificados del departamento<\/strong>. Esta alianza le apunta al desarrollo de estrategias para mejorar los aprendizajes en los grados 10 y 11, evitar la deserci\u00f3n, fortalecer las competencias socioemocionales, favorecer el tr\u00e1nsito educativo y apoyar la construcci\u00f3n de proyectos de vida.<\/p>\n<p>La <strong>secretaria de Educaci\u00f3n Departamental, Catalina Ucr\u00f3s<\/strong>, acompa\u00f1\u00f3 la primera jornada de socializaci\u00f3n a directivos docentes de los colegios oficiales, sobre los alcances de esta alianza que fue posible gracias al acompa\u00f1amiento de Empresarios por la Educaci\u00f3n.<\/p>\n<p>\u201cEs una alianza que nos va permitir fortalecer el curr\u00edculo de 30 establecimientos educativos, dirigidos a afianzar la formaci\u00f3n en la educaci\u00f3n media. En el Atl\u00e1ntico estamos convencidos de que tenemos que acompa\u00f1ar a nuestros estudiantes en sus proyectos de vida y celebramos que el sector privado se una a este objetivo en com\u00fan que tenemos. En Colombia, solo tres secretar\u00edas de educaci\u00f3n est\u00e1n en este proceso, agradecemos esta iniciativa porque la uni\u00f3n hace la fuerza. Nuestros directivos docentes est\u00e1n felices con esta alianza, pero sobre todo queremos ser los mejores aliados de Empresarios por la Educaci\u00f3n en esta transformaci\u00f3n y empoderamiento de nuestros j\u00f3venes en el departamento\u201d, puntualiz\u00f3 la funcionaria.<\/p>\n<p>Para la <strong>coordinadora del Instituto Natura en Colombia, Olga S\u00e1nchez<\/strong>, esta alianza le apunta a desarrollar una propuesta que permita transformar los resultados de aprendizaje y el tr\u00e1nsito a la educaci\u00f3n superior. \u00abTenemos una propuesta amplia que contempla la transformaci\u00f3n de los aprendizajes, el desarrollo de curr\u00edculos, la formaci\u00f3n docente en la gesti\u00f3n escolar, las trayectorias completas, la capacidad institucional y el compromiso de la Secretar\u00eda de Educaci\u00f3n del Atl\u00e1ntico. Hoy fijamos ese plan de trabajo y definimos el compromiso con los rectores para mejorar la educaci\u00f3n media en el departamento\u00bb, dijo.<\/p>\n<p>El <strong>director Ejecutivo de Corpoeducaci\u00f3n, Jes\u00fas L\u00f3pez<\/strong>, se\u00f1al\u00f3 \u00abla gran apuesta es contribuir al camino y al tr\u00e1nsito de las trayectorias educativas que tienen los j\u00f3venes en el departamento del Atl\u00e1ntico, para que cuando culminen sus estudios puedan ingresar a la educaci\u00f3n superior o continuar la formaci\u00f3n hacia el trabajo y, de esta manera, generar nuevas oportunidades de crecimiento, no solo para ellos como j\u00f3venes, sino para sus familias\u00bb.<\/p>\n<p>El <strong>rector de la IE T\u00e9cnica Agropecuaria de Luruaco, Edgardo Vargas<\/strong>, celebr\u00f3 esta alianza de la administraci\u00f3n departamental para mejorar la calidad. \u00abEsperamos que contin\u00faen con esta propuesta para que a futuro nuestros chicos y chicas puedan tener mejores opciones de vida y seguir fortaleciendo la educaci\u00f3n media en el departamento\u00bb, indic\u00f3.<\/p>\n","protected":false},"excerpt":{"rendered":"<p>La Gobernaci\u00f3n del Atl\u00e1ntico, a trav\u00e9s de la Secretar\u00eda de Educaci\u00f3n, sell\u00f3 una gran alianza con el Instituto Natura y Corpoeducaci\u00f3n para el fortalecimiento de la educaci\u00f3n media en las instituciones educativas oficiales de los municipios no certificados del departamento. Esta alianza le apunta al desarrollo de estrategias para mejorar los aprendizajes en los grados 10 y 11, evitar la deserci\u00f3n, fortalecer las competencias socioemocionales, favorecer el tr\u00e1nsito educativo y apoyar la construcci\u00f3n de proyectos de vida.<\/p>\n","protected":false},"author":1,"featured_media":11518,"comment_status":"open","ping_status":"open","sticky":false,"template":"","format":"standard","meta":{"footnotes":""},"categories":[163,6],"tags":[1743,7420,7425,7416,7423,7422,31,7419,30,7418,7414,7415,7424,7417,7426,7421,1105],"class_list":["post-11517","post","type-post","status-publish","format-standard","has-post-thumbnail","hentry","category-educacion","category-region","tag-catalina-ucros","tag-competencias-socioemocionales","tag-coordinadora-del-instituto-natura-en-colombia","tag-corpoeducacion","tag-director-ejecutivo-de-corpoeducacion","tag-edgardo-vargas","tag-elsa-noguera","tag-evitar-la-desercion-escolar","tag-gobernacion-del-atlantico","tag-grados-10-y-11","tag-gran-alianza","tag-instituto-natura","tag-jesus-lopez","tag-mejorar-los-aprendizajes","tag-olga-sanchez","tag-rector-de-la-ie-tecnica-agropecuaria-de-luruaco","tag-secretaria-de-educacion-departamental"],"_links":{"self":[{"href":"https:\/\/contrastes.com.co\/digital\/wp-json\/wp\/v2\/posts\/11517","targetHints":{"allow":["GET"]}}],"collection":[{"href":"https:\/\/contrastes.com.co\/digital\/wp-json\/wp\/v2\/posts"}],"about":[{"href":"https:\/\/contrastes.com.co\/digital\/wp-json\/wp\/v2\/types\/post"}],"author":[{"embeddable":true,"href":"https:\/\/contrastes.com.co\/digital\/wp-json\/wp\/v2\/users\/1"}],"replies":[{"embeddable":true,"href":"https:\/\/contrastes.com.co\/digital\/wp-json\/wp\/v2\/comments?post=11517"}],"version-history":[{"count":1,"href":"https:\/\/contrastes.com.co\/digital\/wp-json\/wp\/v2\/posts\/11517\/revisions"}],"predecessor-version":[{"id":11519,"href":"https:\/\/contrastes.com.co\/digital\/wp-json\/wp\/v2\/posts\/11517\/revisions\/11519"}],"wp:featuredmedia":[{"embeddable":true,"href":"https:\/\/contrastes.com.co\/digital\/wp-json\/wp\/v2\/media\/11518"}],"wp:attachment":[{"href":"https:\/\/contrastes.com.co\/digital\/wp-json\/wp\/v2\/media?parent=11517"}],"wp:term":[{"taxonomy":"category","embeddable":true,"href":"https:\/\/contrastes.com.co\/digital\/wp-json\/wp\/v2\/categories?post=11517"},{"taxonomy":"post_tag","embeddable":true,"href":"https:\/\/contrastes.com.co\/digital\/wp-json\/wp\/v2\/tags?post=11517"}],"curies":[{"name":"wp","href":"https:\/\/api.w.org\/{rel}","templated":true}]}}