{"id":11600,"date":"2022-09-27T14:42:25","date_gmt":"2022-09-27T19:42:25","guid":{"rendered":"https:\/\/contrastes.com.co\/digital\/?p=11600"},"modified":"2022-09-27T14:42:25","modified_gmt":"2022-09-27T19:42:25","slug":"distrito-y-gobernacion-entregaran-en-diciembre-nueva-cancha-san-isidro","status":"publish","type":"post","link":"https:\/\/contrastes.com.co\/digital\/distrito-y-gobernacion-entregaran-en-diciembre-nueva-cancha-san-isidro\/","title":{"rendered":"Distrito y Gobernaci\u00f3n entregar\u00e1n en diciembre nueva Cancha San Isidro"},"content":{"rendered":"<p><strong>*Distrito y Gobernaci\u00f3n entregar\u00e1n en diciembre nueva Cancha San Isidro<\/strong><\/p>\n<blockquote><p><strong>Se trabaja en una cancha de f\u00fatbol sint\u00e9tica de 11 vs. 11 jugadores con todas las especificaciones requeridas para la potencializaci\u00f3n de deportistas, sumado a la articulaci\u00f3n de espacios complementarios.<\/strong><\/p>\n<p><strong>Adem\u00e1s, habr\u00e1 gimnasio biosaludable, pista de iniciaci\u00f3n de patinaje, cancha m\u00faltiple para la pr\u00e1ctica de microf\u00fatbol, baloncesto y voleibol, la cual cuenta con grader\u00edas con un aforo de 68 personas. Adicionalmente, la cancha de f\u00fatbol San Isidro tendr\u00e1 ba\u00f1os para uso p\u00fablico para hombres, mujeres y personas en condici\u00f3n de discapacidad.<\/strong><\/p><\/blockquote>\n<p><img loading=\"lazy\" decoding=\"async\" class=\"alignleft  wp-image-8524\" src=\"https:\/\/contrastes.com.co\/digital\/wp-content\/uploads\/2022\/03\/l-capitular.png\" alt=\"l capitular\" width=\"77\" height=\"77\" srcset=\"https:\/\/contrastes.com.co\/digital\/wp-content\/uploads\/2022\/03\/l-capitular.png 150w, https:\/\/contrastes.com.co\/digital\/wp-content\/uploads\/2022\/03\/l-capitular-60x60.png 60w\" sizes=\"auto, (max-width: 77px) 100vw, 77px\" \/>a tradici\u00f3n deportiva en Barranquilla se sigue fomentando a trav\u00e9s de la recuperaci\u00f3n de espacios de calidad que impulsan el talento local y la transformaci\u00f3n social. <strong>En el barrio San Isidro, el alcalde Jaime Pumarejo Heins y la gobernadora Elsa Noguera inspeccionaron el avance de las obras de la cancha de f\u00fatbol<\/strong> y los entornos que beneficiar\u00e1n a los vecinos de Los Andes, Los Pinos, Urbanizaci\u00f3n El Carmen, Alfonso L\u00f3pez, entre otros, que pronto gozar\u00e1n de 13.000 metros cuadrados de espacio p\u00fablico renovados.<\/p>\n<p>La obra se ejecuta de manera conjunta entre el<strong> Distrito de Barranquilla y la Gobernaci\u00f3n del Atl\u00e1ntico<\/strong> para garantizar la recreaci\u00f3n y el sano esparcimiento de la comunidad.<\/p>\n<p>En ese sentido, se trabaja en una cancha de f\u00fatbol sint\u00e9tica de 11 vs. 11 jugadores con todas las especificaciones requeridas para la potencializaci\u00f3n de deportistas, sumado a la articulaci\u00f3n de espacios complementarios.<\/p>\n<p>La gobernadora Elsa Noguera manifest\u00f3 con emoci\u00f3n que \u201cnuevamente estoy con el alcalde de Barranquilla, haciendo equipo Gobernaci\u00f3n &#8211; Alcald\u00eda, para seguir entregando m\u00e1s parques para la gente. Hoy el turno es para el barrio San Isidro, estamos visitando las obras de la cancha de f\u00fatbol que estamos construyendo para la gente del sector. Un espacio de tradici\u00f3n deportiva en la ciudad, donde estamos recuperando m\u00e1s de 13.000 metros cuadrados de espacio p\u00fablico, con una inversi\u00f3n de 7.900 millones de pesos\u201d, destac\u00f3 la mandataria.<\/p>\n<p>Por su parte, el mandatario de los barranquilleros destac\u00f3 que \u201cen equipo, trabajando, le vamos a dar una gran noticia antes que se acabe el a\u00f1o a la comunidad de San Isidro, Los Andes y muchos otros barrios aleda\u00f1os que van a ver, por fin, un espacio que llevan 30 o 40 a\u00f1os usando, convertido en un parque que va a tener cancha de f\u00fatbol sint\u00e9tica con las mejores especificaciones. Es un gran regalo para Barranquilla, pagado con nuestros impuestos, cofinanciado con la gobernaci\u00f3n, que nos est\u00e1 acompa\u00f1ando en este gran sue\u00f1o. As\u00ed que estamos contentos porque les vamos a dar esta gran noticia a los barranquilleros\u201d.<\/p>\n<h3><strong>Detalles de la obra<\/strong><\/h3>\n<p>El dise\u00f1o socializado con la comunidad contempla la construcci\u00f3n de zonas recreativas y juegos infantiles.<\/p>\n<p>En materia deportiva, habr\u00e1 una cancha de f\u00fatbol moderna en grama sint\u00e9tica con sistema de shock pad y sistema de drenaje. Esta contar\u00e1 con cerramiento perimetral, bancas t\u00e9cnicas para equipo local y visitantes, grader\u00edas, con un aforo de 122 personas y 6 espacios para personas usuarios de silla de ruedas, camerinos de 2 niveles.En el primer nivel se encuentra camerino equipo local y camerino equipo visitante. En el segundo nivel, se encuentra la oficina de comit\u00e9 deportivo, \u00e1rea de dep\u00f3sito y un gimnasio.<\/p>\n<p>Adem\u00e1s, habr\u00e1 gimnasio biosaludable, pista de iniciaci\u00f3n de patinaje, cancha m\u00faltiple para la pr\u00e1ctica de microf\u00fatbol, baloncesto y voleibol, la cual cuenta con grader\u00edas con un aforo de 68 personas.<\/p>\n<p>Adicionalmente, la cancha de f\u00fatbol San Isidro tendr\u00e1 ba\u00f1os para uso p\u00fablico para hombres, mujeres y personas en condici\u00f3n de discapacidad.<\/p>\n<p>La administraci\u00f3n Distrital, a trav\u00e9s de Siembra Barranquilla y la empresa Alumbrado P\u00fablico (APBAQ), tendr\u00e1 a su cargo los trabajos de iluminaci\u00f3n y senderismo de toda la obra, que representa 2.652 metros cuadrados de zonas verdes y 769 metros lineales de senderos peatonales.<\/p>\n","protected":false},"excerpt":{"rendered":"<p>La tradici\u00f3n deportiva en Barranquilla se sigue fomentando a trav\u00e9s de la recuperaci\u00f3n de espacios de calidad que impulsan el talento local y la transformaci\u00f3n social. En el barrio san Isidro, el alcalde Jaime Pumarejo Heins y la gobernadora Elsa Noguera inspeccionaron el avance de las obras de la cancha de f\u00fatbol y los entornos que beneficiar\u00e1n a los vecinos de Los Andes, Los Pinos, Urbanizaci\u00f3n El Carmen, Alfonso L\u00f3pez, entre otros, que pronto gozar\u00e1n de 13.000 metros cuadrados de espacio p\u00fablico renovados.<\/p>\n","protected":false},"author":1,"featured_media":11601,"comment_status":"open","ping_status":"open","sticky":false,"template":"","format":"standard","meta":{"footnotes":""},"categories":[8,3715,3127,6],"tags":[1558,7307,1664,224,31,30,139,1854],"class_list":["post-11600","post","type-post","status-publish","format-standard","has-post-thumbnail","hentry","category-deportes","category-escenarios-deportivos","category-parques-y-escenarios-deportivos","category-region","tag-alcalde-de-barranquilla","tag-barrio-san-isidro","tag-cancha-de-futbol","tag-distrito-de-barranquilla","tag-elsa-noguera","tag-gobernacion-del-atlantico","tag-gobernadora-del-atlantico","tag-jaime-pumarejo-heins"],"_links":{"self":[{"href":"https:\/\/contrastes.com.co\/digital\/wp-json\/wp\/v2\/posts\/11600","targetHints":{"allow":["GET"]}}],"collection":[{"href":"https:\/\/contrastes.com.co\/digital\/wp-json\/wp\/v2\/posts"}],"about":[{"href":"https:\/\/contrastes.com.co\/digital\/wp-json\/wp\/v2\/types\/post"}],"author":[{"embeddable":true,"href":"https:\/\/contrastes.com.co\/digital\/wp-json\/wp\/v2\/users\/1"}],"replies":[{"embeddable":true,"href":"https:\/\/contrastes.com.co\/digital\/wp-json\/wp\/v2\/comments?post=11600"}],"version-history":[{"count":1,"href":"https:\/\/contrastes.com.co\/digital\/wp-json\/wp\/v2\/posts\/11600\/revisions"}],"predecessor-version":[{"id":11602,"href":"https:\/\/contrastes.com.co\/digital\/wp-json\/wp\/v2\/posts\/11600\/revisions\/11602"}],"wp:featuredmedia":[{"embeddable":true,"href":"https:\/\/contrastes.com.co\/digital\/wp-json\/wp\/v2\/media\/11601"}],"wp:attachment":[{"href":"https:\/\/contrastes.com.co\/digital\/wp-json\/wp\/v2\/media?parent=11600"}],"wp:term":[{"taxonomy":"category","embeddable":true,"href":"https:\/\/contrastes.com.co\/digital\/wp-json\/wp\/v2\/categories?post=11600"},{"taxonomy":"post_tag","embeddable":true,"href":"https:\/\/contrastes.com.co\/digital\/wp-json\/wp\/v2\/tags?post=11600"}],"curies":[{"name":"wp","href":"https:\/\/api.w.org\/{rel}","templated":true}]}}